{"id":153972,"date":"2025-06-05T12:55:13","date_gmt":"2025-06-05T12:55:13","guid":{"rendered":"https:\/\/www.europesays.com\/fr\/153972\/"},"modified":"2025-06-05T12:55:13","modified_gmt":"2025-06-05T12:55:13","slug":"tennis-les-racines-de-lois-boisson-sont-a-lyon","status":"publish","type":"post","link":"https:\/\/www.europesays.com\/fr\/153972\/","title":{"rendered":"Tennis. Les racines de Lo\u00efs Boisson sont \u00e0 Lyon"},"content":{"rendered":"<p>C\u2019est la grande question du moment. Que personne ne se posait le mardi 27\u00a0mai, quand elle entra pour la premi\u00e8re fois dans le tableau final de Roland-Garros et <a href=\"https:\/\/www.leprogres.fr\/sport\/2025\/05\/27\/lois-boisson-j-ai-forcement-eu-peur-pour-ma-carriere\" target=\"_blank\" rel=\"noopener\">qu\u2019elle donnait une interview au \u00ab\u00a0Progr\u00e8s\u00a0\u00bb<\/a> \u00a0: \u00ab\u00a0Mais d\u2019o\u00f9 est originaire <a href=\"https:\/\/www.leprogres.fr\/p\/lois-boisson\" target=\"_blank\" rel=\"noopener\">Lo\u00efs Boisson<\/a>\u00a0?\u00a0\u00bb.<\/p>\n<p>La r\u00e9ponse est simple. La r\u00e9v\u00e9lation de ces internationaux de France 2025, qui vont changer sa vie, celle de sa famille\u2026 et apporter un bol d\u2019air inesp\u00e9r\u00e9 \u00e0 une F\u00e9d\u00e9ration Fran\u00e7aise qui l\u2019a toujours suivie de (tr\u00e8s) loin, est n\u00e9e le 16\u00a0mai 2003 \u00e0 Dijon. O\u00f9 Yann, son papa (n\u00e9 le 8\u00a0juin 1961 \u00e0 Lyon), ancien basketteur professionnel (CRO Lyon, o\u00f9 il fut form\u00e9, jusqu\u2019en 1984, Asvel en 1984-1985 avec notamment la formidable \u00e9pop\u00e9e en coupe des coupes face \u00e0 Kaunas, Saint-Etienne de 85 \u00e0 87, Dijon de 87 \u00e0 90 et Tours de 90 \u00e0 92), fut manager g\u00e9n\u00e9ral de la JDA de 1995 \u00e0 2008. Et o\u00f9 Lo\u00efs d\u00e9buta le tennis \u00e0 l\u2019ASPTT.<\/p>\n<p>Yann ayant int\u00e9gr\u00e9 la structure de l\u2019AS Monaco basket en 2014, qui \u00e9tait alors coach\u00e9e par un autre ancien Croix-Roussien, Jean-Michel S\u00e9n\u00e9gal, en \u00ab\u00a0quatri\u00e8me division\u00a0\u00bb, Lo\u00efs s\u2019exila ensuite dans le Sud, o\u00f9 elle fut driv\u00e9e de 2014 \u00e0 2019 par St\u00e9phane Gloaguen au TC Beaulieu. Et effectua ensuite un passage de quelques mois \u00e0 l\u2019acad\u00e9mie de Ricardo Piatti en Italie, \u00e0 quelques kilom\u00e8tres du domicile familial, situ\u00e9 au-dessus de la Principaut\u00e9. O\u00f9 elle c\u00f4toya notamment <a href=\"https:\/\/www.leprogres.fr\/p\/jannik-sinner\" target=\"_blank\" rel=\"noopener\">Jannik Sinner<\/a>, d\u2019o\u00f9 les liens qui unissent les deux jeunes gens, qui se sont entra\u00een\u00e9s c\u00f4te \u00e0 c\u00f4te cette semaine \u00e0 Roland-Garros.<\/p>\n<p>Yann Boisson ayant \u00e9t\u00e9 \u00e9vinc\u00e9 sans m\u00e9nagement par les dirigeants de la \u00ab\u00a0Roca team\u00a0\u00bb, alors ukrainiens, la famille d\u00e9cida de quitter La C\u00f4te d&rsquo;Azur en 2020 pour se rapprocher des racines familiales (la famille de Yann est Croix-Roussienne depuis trois g\u00e9n\u00e9rations). Et opta pour les environs d\u2019Annecy, ce qui amena Lo\u00efs \u00e0 signer au TC Rillieux-la-Pape, o\u00f9 elle s\u2019entra\u00eena avec Thomas Voiturier et Florian Reynet, son coach actuel. Et \u00e0 poursuivre sa formation avec Simon Blanc \u00e0 la \u00ab\u00a0All In Academy\u00a0\u00bb de Thierry Ascione et <a href=\"https:\/\/www.leprogres.fr\/p\/jo-wilfried-tsonga\" target=\"_blank\" rel=\"noopener\">Jo-Wilfried Tsonga<\/a> sur les courts du TC Dardilly-Champagne.<\/p>\n<p>Si elle est aujourd\u2019hui licenci\u00e9e au TC Giordan \u00e0 Nice, ce qui lui permettait d\u2019aider \u00e0 financer un budget de fonctionnement de 100\u00a0000\u00a0\u20ac tr\u00e8s difficile \u00e0 boucler, Lo\u00efs a donc, depuis janvier\u00a02023, son camp de base \u00ab\u00a0tennis\u00a0\u00bb \u00e0 Lyon (son pr\u00e9parateur physique est \u00e0 Annecy), \u00e9tant h\u00e9berg\u00e9e chez sa grand-m\u00e8re, \u00e0 la Croix-Rousse, quand elle effectue des sessions d\u2019entra\u00eenement au centre de ligue de Bron-Parilly.<\/p>\n<p>Alors, d\u2019o\u00f9 est la nouvelle num\u00e9ro\u00a01 du tennis fran\u00e7ais\u00a0? N\u00e9e \u00e0 Dijon, c\u2019est une \u00e9vidence. Mais ses racines sont assur\u00e9ment \u00e0 Lyon\u00a0!<\/p>\n","protected":false},"excerpt":{"rendered":"C\u2019est la grande question du moment. Que personne ne se posait le mardi 27\u00a0mai, quand elle entra pour&hellip;\n","protected":false},"author":2,"featured_media":153973,"comment_status":"","ping_status":"","sticky":false,"template":"","format":"standard","meta":{"footnotes":""},"categories":[1889],"tags":[1111,11,2430,1777,674,107,1011,27,2428,12,25,2429,4171,517,1467],"class_list":{"0":"post-153972","1":"post","2":"type-post","3":"status-publish","4":"format-standard","5":"has-post-thumbnail","7":"category-lyon","8":"tag-actu","9":"tag-actualites","10":"tag-auvergne-rhone-alpes","11":"tag-eu","12":"tag-europe","13":"tag-fil-info","14":"tag-fr","15":"tag-france","16":"tag-lyon","17":"tag-news","18":"tag-republique-francaise","19":"tag-rhone","20":"tag-roland-garros","21":"tag-sport","22":"tag-tennis"},"share_on_mastodon":{"url":"https:\/\/pubeurope.com\/@fr\/114630867295927350","error":""},"_links":{"self":[{"href":"https:\/\/www.europesays.com\/fr\/wp-json\/wp\/v2\/posts\/153972","targetHints":{"allow":["GET"]}}],"collection":[{"href":"https:\/\/www.europesays.com\/fr\/wp-json\/wp\/v2\/posts"}],"about":[{"href":"https:\/\/www.europesays.com\/fr\/wp-json\/wp\/v2\/types\/post"}],"author":[{"embeddable":true,"href":"https:\/\/www.europesays.com\/fr\/wp-json\/wp\/v2\/users\/2"}],"replies":[{"embeddable":true,"href":"https:\/\/www.europesays.com\/fr\/wp-json\/wp\/v2\/comments?post=153972"}],"version-history":[{"count":0,"href":"https:\/\/www.europesays.com\/fr\/wp-json\/wp\/v2\/posts\/153972\/revisions"}],"wp:featuredmedia":[{"embeddable":true,"href":"https:\/\/www.europesays.com\/fr\/wp-json\/wp\/v2\/media\/153973"}],"wp:attachment":[{"href":"https:\/\/www.europesays.com\/fr\/wp-json\/wp\/v2\/media?parent=153972"}],"wp:term":[{"taxonomy":"category","embeddable":true,"href":"https:\/\/www.europesays.com\/fr\/wp-json\/wp\/v2\/categories?post=153972"},{"taxonomy":"post_tag","embeddable":true,"href":"https:\/\/www.europesays.com\/fr\/wp-json\/wp\/v2\/tags?post=153972"}],"curies":[{"name":"wp","href":"https:\/\/api.w.org\/{rel}","templated":true}]}}