{"id":153974,"date":"2025-06-05T12:56:09","date_gmt":"2025-06-05T12:56:09","guid":{"rendered":"https:\/\/www.europesays.com\/fr\/153974\/"},"modified":"2025-06-05T12:56:09","modified_gmt":"2025-06-05T12:56:09","slug":"la-region-ile-de-france-retire-sa-subvention","status":"publish","type":"post","link":"https:\/\/www.europesays.com\/fr\/153974\/","title":{"rendered":"La r\u00e9gion Ile-de-France retire sa subvention"},"content":{"rendered":"<p>La r\u00e9gion Ile-de-France a d\u00e9cid\u00e9 de retirer une subvention \u00e0 l\u2019Inter-LGBT, association organisatrice de la <a href=\"https:\/\/www.20minutes.fr\/dossier\/gay_pride\" class=\"color-ultramarine c-link\" rel=\"nofollow noopener\" target=\"_blank\">Marche des fiert\u00e9s<\/a>, \u00e0 la suite d\u2019une pol\u00e9mique autour de l\u2019affiche pr\u00e9vue pour annoncer la manifestation.<\/p>\n<p>Sur le visuel de la marche annuelle en d\u00e9fense des droits des personnes LGBT+, pr\u00e9vue le 28\u00a0juin, figurent sept personnages, dont un portant le voile et brandissant une pancarte \u00ab\u00a0Contre l\u2019internationale r\u00e9actionnaire\u00a0\u00bb. Une autre personne arbore un triangle rose (le symbole cousu par les nazis sur les uniformes des d\u00e9tenus homosexuels dans les camps) et une autre plusieurs pin\u2019s dont un avec le drapeau palestinien. Au premier plan, un homme en noir et blanc semble avoir \u00e9t\u00e9 mis K.-O.<\/p>\n<p class=\"mb-m@xs text-l@xs\">En cliquant sur\u00ab J\u2019accepte \u00bb, vous acceptez le d\u00e9p\u00f4t de cookies par des services externes et aurez ainsi acc\u00e8s aux contenus de nos partenaires.<\/p>\n<p class=\"mb-xl@xs text-s@xs\">Plus d\u2019informations sur la page<a href=\"https:\/\/www.20minutes.fr\/gestion-cookies\" class=\"mx-xxs@xs color-ultramarine\" rel=\"nofollow noopener\" target=\"_blank\">Politique de gestion des cookies<\/a><\/p>\n<p>J\u2019accepteIndignation d\u2019un groupe juif gay et lesbien<\/p>\n<p>\u00ab\u00a0La R\u00e9gion Ile-de-France a demand\u00e9 le retrait de son logo et la subvention ne sera pas vers\u00e9e\u00a0\u00bb, <a href=\"https:\/\/x.com\/vpecresse\/status\/1930317687709741306\" target=\"_blank\" class=\"color-ultramarine c-link\" rel=\"nofollow\">a annonc\u00e9 sur X Val\u00e9rie P\u00e9cresse<\/a>, qui d\u00e9nonce une affiche incitant \u00ab\u00a0\u00e0 la violence avec son cadavre renvers\u00e9\u00a0\u00bb.<\/p>\n<p>Cette publication a aussi suscit\u00e9 l\u2019indignation du groupe juif gay et lesbien de France, Beit Haverim, qui a d\u00e9nonc\u00e9 des \u00ab\u00a0choix de communication irr\u00e9fl\u00e9chis\u00a0\u00bb \u00e0 m\u00eame de d\u00e9clencher \u00ab\u00a0des d\u00e9bordements ou des actes d\u2019hostilit\u00e9\u00a0\u00bb le 28\u00a0juin. \u00ab\u00a0L\u2019inclusion\u00a0\u00bb des \u00ab\u00a0couleurs du drapeau palestinien\u00a0\u00bb \u00e0 la fois \u00ab\u00a0sur un pin\u2019s et sur un sac\u00a0\u00bb constitue \u00ab\u00a0une instrumentalisation politique qui engage l\u2019ensemble des structures sans leur consentement explicite\u00a0\u00bb, dit-il dans un communiqu\u00e9. Des \u00e9lus de droite et d\u2019extr\u00eame droite ont \u00e9galement fustig\u00e9 jeudi le visuel.<\/p>\n<\/p>\n<p>Contact\u00e9e par l\u2019AFP, l\u2019InterLGBT a d\u00e9nonc\u00e9 des \u00ab\u00a0contresens grossiers\u00a0\u00bb. Le sac n\u2019a \u00ab\u00a0rien \u00e0 voir avec la <a href=\"https:\/\/www.20minutes.fr\/monde\/palestine\/\" class=\"color-ultramarine c-link\" rel=\"nofollow noopener\" target=\"_blank\">Palestine<\/a>, il repr\u00e9sente le drapeau de la Hongrie et le drapeau de la Bulgarie o\u00f9 les prides sont interdites actuellement\u00a0\u00bb, a dit son pr\u00e9sident Alexandre Schon. Les pins \u00ab\u00a0repr\u00e9sentent la convergence des luttes \u00e0 laquelle l\u2019InterLGBT est attach\u00e9e\u00a0\u00bb.<\/p>\n<p>Dans ce visuel, \u00ab\u00a0l\u2019artiste a voulu repr\u00e9senter des personnes queers unies face \u00e0 une internationale r\u00e9actionnaire qui tue des personnes LGBT, les emp\u00eache de s\u2019exprimer, restreint leur droit \u00e0 exister, \u00e0 s\u2019aimer et \u00e0 s\u2019autod\u00e9terminer\u00a0\u00bb, a-t-il ajout\u00e9. \u00ab\u00a0On a des milliers de nos camarades qui sont en train de mourir aujourd\u2019hui, il est vital que ce mot d\u2019ordre ne soit ni d\u00e9tourn\u00e9 politiquement ni r\u00e9appropri\u00e9 sur la base de contresens\u00a0\u00bb.<\/p>\n","protected":false},"excerpt":{"rendered":"La r\u00e9gion Ile-de-France a d\u00e9cid\u00e9 de retirer une subvention \u00e0 l\u2019Inter-LGBT, association organisatrice de la Marche des fiert\u00e9s,&hellip;\n","protected":false},"author":2,"featured_media":153975,"comment_status":"","ping_status":"","sticky":false,"template":"","format":"standard","meta":{"footnotes":""},"categories":[1592],"tags":[1111,47,11,1777,674,1011,27,28384,662,15435,9087,24310,12,626,25,104,12707,2328],"class_list":{"0":"post-153974","1":"post","2":"type-post","3":"status-publish","4":"format-standard","5":"has-post-thumbnail","7":"category-ile-de-france","8":"tag-actu","9":"tag-actualite","10":"tag-actualites","11":"tag-eu","12":"tag-europe","13":"tag-fr","14":"tag-france","15":"tag-gay","16":"tag-ile-de-france","17":"tag-lesbienne","18":"tag-lgbt","19":"tag-marche-des-fiertes","20":"tag-news","21":"tag-paris","22":"tag-republique-francaise","23":"tag-societe","24":"tag-transphobie","25":"tag-valerie-pecresse"},"share_on_mastodon":{"url":"https:\/\/pubeurope.com\/@fr\/114630871246320532","error":""},"_links":{"self":[{"href":"https:\/\/www.europesays.com\/fr\/wp-json\/wp\/v2\/posts\/153974","targetHints":{"allow":["GET"]}}],"collection":[{"href":"https:\/\/www.europesays.com\/fr\/wp-json\/wp\/v2\/posts"}],"about":[{"href":"https:\/\/www.europesays.com\/fr\/wp-json\/wp\/v2\/types\/post"}],"author":[{"embeddable":true,"href":"https:\/\/www.europesays.com\/fr\/wp-json\/wp\/v2\/users\/2"}],"replies":[{"embeddable":true,"href":"https:\/\/www.europesays.com\/fr\/wp-json\/wp\/v2\/comments?post=153974"}],"version-history":[{"count":0,"href":"https:\/\/www.europesays.com\/fr\/wp-json\/wp\/v2\/posts\/153974\/revisions"}],"wp:featuredmedia":[{"embeddable":true,"href":"https:\/\/www.europesays.com\/fr\/wp-json\/wp\/v2\/media\/153975"}],"wp:attachment":[{"href":"https:\/\/www.europesays.com\/fr\/wp-json\/wp\/v2\/media?parent=153974"}],"wp:term":[{"taxonomy":"category","embeddable":true,"href":"https:\/\/www.europesays.com\/fr\/wp-json\/wp\/v2\/categories?post=153974"},{"taxonomy":"post_tag","embeddable":true,"href":"https:\/\/www.europesays.com\/fr\/wp-json\/wp\/v2\/tags?post=153974"}],"curies":[{"name":"wp","href":"https:\/\/api.w.org\/{rel}","templated":true}]}}