{"id":153982,"date":"2025-06-05T13:00:13","date_gmt":"2025-06-05T13:00:13","guid":{"rendered":"https:\/\/www.europesays.com\/fr\/153982\/"},"modified":"2025-06-05T13:00:13","modified_gmt":"2025-06-05T13:00:13","slug":"info-va-chatillon-un-chauffeur-multirecidiviste-blesse-trois-policiers-lors-dun-refus-dobtemperer","status":"publish","type":"post","link":"https:\/\/www.europesays.com\/fr\/153982\/","title":{"rendered":"[Info VA] Ch\u00e2tillon : un chauffeur multir\u00e9cidiviste blesse trois policiers lors d&rsquo;un refus d&rsquo;obtemp\u00e9rer"},"content":{"rendered":"<p>\t[Info VA] Ch\u00e2tillon : un chauffeur multir\u00e9cidiviste blesse trois policiers lors d&rsquo;un refus d&rsquo;obtemp\u00e9rer &#8211; Valeurs actuelles<\/p>\n<p><a href=\"https:\/\/www.valeursactuelles.com\/\" target=\"_blank\" rel=\"noopener\">Accueil<\/a> \u00bb <a href=\"https:\/\/www.valeursactuelles.com\/faits-divers\" target=\"_blank\" rel=\"noopener\">Faits divers<\/a> \u00bb [Info VA] Ch\u00e2tillon : un chauffeur multir\u00e9cidiviste blesse trois policiers lors d\u2019un refus d\u2019obtemp\u00e9rer<\/p>\n","protected":false},"excerpt":{"rendered":"[Info VA] Ch\u00e2tillon : un chauffeur multir\u00e9cidiviste blesse trois policiers lors d&rsquo;un refus d&rsquo;obtemp\u00e9rer &#8211; Valeurs actuelles Accueil&hellip;\n","protected":false},"author":2,"featured_media":145241,"comment_status":"","ping_status":"","sticky":false,"template":"","format":"standard","meta":{"footnotes":""},"categories":[1888],"tags":[11,3916,1777,674,1011,27,811,11272,12,626,1072,2852,25],"class_list":{"0":"post-153982","1":"post","2":"type-post","3":"status-publish","4":"format-standard","5":"has-post-thumbnail","7":"category-paris","8":"tag-actualites","9":"tag-blesse","10":"tag-eu","11":"tag-europe","12":"tag-fr","13":"tag-france","14":"tag-hauts-de-france","15":"tag-interpellation","16":"tag-news","17":"tag-paris","18":"tag-police","19":"tag-refus-dobtemperer","20":"tag-republique-francaise"},"share_on_mastodon":{"url":"https:\/\/pubeurope.com\/@fr\/114630887254571348","error":""},"_links":{"self":[{"href":"https:\/\/www.europesays.com\/fr\/wp-json\/wp\/v2\/posts\/153982","targetHints":{"allow":["GET"]}}],"collection":[{"href":"https:\/\/www.europesays.com\/fr\/wp-json\/wp\/v2\/posts"}],"about":[{"href":"https:\/\/www.europesays.com\/fr\/wp-json\/wp\/v2\/types\/post"}],"author":[{"embeddable":true,"href":"https:\/\/www.europesays.com\/fr\/wp-json\/wp\/v2\/users\/2"}],"replies":[{"embeddable":true,"href":"https:\/\/www.europesays.com\/fr\/wp-json\/wp\/v2\/comments?post=153982"}],"version-history":[{"count":0,"href":"https:\/\/www.europesays.com\/fr\/wp-json\/wp\/v2\/posts\/153982\/revisions"}],"wp:featuredmedia":[{"embeddable":true,"href":"https:\/\/www.europesays.com\/fr\/wp-json\/wp\/v2\/media\/145241"}],"wp:attachment":[{"href":"https:\/\/www.europesays.com\/fr\/wp-json\/wp\/v2\/media?parent=153982"}],"wp:term":[{"taxonomy":"category","embeddable":true,"href":"https:\/\/www.europesays.com\/fr\/wp-json\/wp\/v2\/categories?post=153982"},{"taxonomy":"post_tag","embeddable":true,"href":"https:\/\/www.europesays.com\/fr\/wp-json\/wp\/v2\/tags?post=153982"}],"curies":[{"name":"wp","href":"https:\/\/api.w.org\/{rel}","templated":true}]}}