{"id":153999,"date":"2025-06-05T13:10:10","date_gmt":"2025-06-05T13:10:10","guid":{"rendered":"https:\/\/www.europesays.com\/fr\/153999\/"},"modified":"2025-06-05T13:10:10","modified_gmt":"2025-06-05T13:10:10","slug":"pep-guardiola-revient-sur-la-finale-entre-le-psg-et","status":"publish","type":"post","link":"https:\/\/www.europesays.com\/fr\/153999\/","title":{"rendered":"Pep Guardiola revient sur la finale entre le PSG et&#8230;"},"content":{"rendered":"<p><img width=\"700\" height=\"350\" src=\"https:\/\/www.europesays.com\/fr\/wp-content\/uploads\/2025\/06\/Guardiola-1.jpg\" class=\"attachment-jannah-image-post size-jannah-image-post wp-post-image\" alt=\"Guardiola\" is_main_img=\"1\" decoding=\"async\" fetchpriority=\"high\"  \/><\/p>\n<p>Le <strong>PSG<\/strong> a remport\u00e9 sa premi\u00e8re <strong>Ligue<br \/>\ndes Champions<\/strong> face \u00e0 l\u2019<strong>Inter Milan<\/strong> (5-0).<br \/>\nTout au long de leur campagne europ\u00e9enne, les parisiens n\u2019ont cess\u00e9<br \/>\nd\u2019impressionner, et ont fini de la m\u00eame mani\u00e8re ce 31 mai \u00e0<br \/>\nMunich.<\/p>\n<p>Le <strong><a href=\"https:\/\/canal-supporters.com\/\" target=\"_blank\" rel=\"noopener\">PSG<\/a><\/strong> a brill\u00e9 sur la<br \/>\nsc\u00e8ne europ\u00e9enne et les adversaires, observateurs, commentateurs,<br \/>\net consultants n\u2019ont cess\u00e9 de faire l\u2019\u00e9loge de l\u2019escouade de<br \/>\n<strong>Luis Enrique<\/strong>. Aujourd\u2019hui, c\u2019est au tour de<br \/>\n<strong>Pep Guardiola<\/strong> de s\u2019exprimer sur la partition du<br \/>\n<strong>Paris Saint-Germain<\/strong> en finale contre<br \/>\nl\u2019<strong>Inter Milan<\/strong> : \u00ab\u00a0Paris a \u00e9t\u00e9 tr\u00e8s<br \/>\nsolide, peu d\u2019occasions conc\u00e9d\u00e9es. Ils sont dangereux en<br \/>\ntransition, en jeu de position, ils pressent haut, ils sont tr\u00e8s<br \/>\nagressifs. Sommer est un bon gardien \u00e0 la relance mais Dembele est<br \/>\ntr\u00e8s agressif. Ils ont emp\u00each\u00e9 l\u2019Inter d\u2019avoir le bon tempo pour<br \/>\nconstruire\u00ab\u00a0, a d\u00e9clar\u00e9 le tacticien catalan au micro de<br \/>\n<strong><a href=\"https:\/\/x.com\/WilooFootball\">Wiloo<\/a><\/strong>.<\/p>\n<\/p>\n<p>YouTube : <a href=\"https:\/\/www.youtube.com\/watch?v=YdKSZVRKx4Q&amp;t=1255s\" target=\"_blank\" rel=\"noopener\">Canal<br \/>\nSupporters Paris<\/a><\/p>\n","protected":false},"excerpt":{"rendered":"Le PSG a remport\u00e9 sa premi\u00e8re Ligue des Champions face \u00e0 l\u2019Inter Milan (5-0). Tout au long de&hellip;\n","protected":false},"author":2,"featured_media":154000,"comment_status":"","ping_status":"","sticky":false,"template":"","format":"standard","meta":{"footnotes":""},"categories":[2],"tags":[11,786,81,8566,448,28390,26078,26079,26080,1011,27,28391,789,447,12,91,92,28392,93,19330,19331,19332,25,96],"class_list":{"0":"post-153999","1":"post","2":"type-post","3":"status-publish","4":"format-standard","5":"has-post-thumbnail","7":"category-actualites","8":"tag-actualites","9":"tag-c1","10":"tag-canal-supporters","11":"tag-champion-deurope","12":"tag-champions-league","13":"tag-champions-mon-frere","14":"tag-finale-de-c1","15":"tag-finale-de-ldc","16":"tag-finale-de-ligue-des-champions","17":"tag-fr","18":"tag-france","19":"tag-guardiola","20":"tag-ldc","21":"tag-ligue-des-champions","22":"tag-news","23":"tag-paris-saint-germain","24":"tag-paris-sg","25":"tag-pep-guardiola","26":"tag-psg","27":"tag-psg-int","28":"tag-psg-inter-milan","29":"tag-psgint","30":"tag-republique-francaise","31":"tag-une"},"share_on_mastodon":{"url":"https:\/\/pubeurope.com\/@fr\/114630926281370880","error":""},"_links":{"self":[{"href":"https:\/\/www.europesays.com\/fr\/wp-json\/wp\/v2\/posts\/153999","targetHints":{"allow":["GET"]}}],"collection":[{"href":"https:\/\/www.europesays.com\/fr\/wp-json\/wp\/v2\/posts"}],"about":[{"href":"https:\/\/www.europesays.com\/fr\/wp-json\/wp\/v2\/types\/post"}],"author":[{"embeddable":true,"href":"https:\/\/www.europesays.com\/fr\/wp-json\/wp\/v2\/users\/2"}],"replies":[{"embeddable":true,"href":"https:\/\/www.europesays.com\/fr\/wp-json\/wp\/v2\/comments?post=153999"}],"version-history":[{"count":0,"href":"https:\/\/www.europesays.com\/fr\/wp-json\/wp\/v2\/posts\/153999\/revisions"}],"wp:featuredmedia":[{"embeddable":true,"href":"https:\/\/www.europesays.com\/fr\/wp-json\/wp\/v2\/media\/154000"}],"wp:attachment":[{"href":"https:\/\/www.europesays.com\/fr\/wp-json\/wp\/v2\/media?parent=153999"}],"wp:term":[{"taxonomy":"category","embeddable":true,"href":"https:\/\/www.europesays.com\/fr\/wp-json\/wp\/v2\/categories?post=153999"},{"taxonomy":"post_tag","embeddable":true,"href":"https:\/\/www.europesays.com\/fr\/wp-json\/wp\/v2\/tags?post=153999"}],"curies":[{"name":"wp","href":"https:\/\/api.w.org\/{rel}","templated":true}]}}