{"id":154005,"date":"2025-06-05T13:15:09","date_gmt":"2025-06-05T13:15:09","guid":{"rendered":"https:\/\/www.europesays.com\/fr\/154005\/"},"modified":"2025-06-05T13:15:09","modified_gmt":"2025-06-05T13:15:09","slug":"en-direct-roland-garros-lheure-des-demi-finales-dames-un-choc-sabalenka-swiatek-avant-le-frisson-lois-boisson-face-a-coco-gauff-le-figaro","status":"publish","type":"post","link":"https:\/\/www.europesays.com\/fr\/154005\/","title":{"rendered":"EN DIRECT &#8211; Roland-Garros : l\u2019heure des demi-finales dames, un choc Sabalenka-Swiatek avant le frisson Lo\u00efs Boisson face \u00e0 Coco Gauff &#8211; Le Figaro"},"content":{"rendered":"<ol>\n<li><a href=\"https:\/\/news.google.com\/rss\/articles\/CBMimAJBVV95cUxORkdPRHZ5X1VlNUxsUWRqRkJwOXU4SEJ3dHBfSzVSVEUyN20yVklfVUc5TTRndUNfWjNrbVE5T2VhV01rQmQxQjl5eTRwcXhFUE0zQ1pyWDVBeFNlV2ZqWjBkalg2Yjh5aXRmYTluemNNeC1PeDlwdllpWVdlVHFKV0haelA2OFEzWDlkRDlRU2Jsam9HbHd2aVlZaVZzTFI4ZUtXOFJ4ekNUMjlfZl84Sm1KazFRS09XTWdCekNJZlJxZHpvRWNScGZCeXBmLUZzT3Y1LXZGLXZIaUQ0N3VyTmloTHF6WTIyT094VFpOZzFUa2c4eERibWZsTnVMT2hBTktQOHpCM1ExQTFhUGRPaDFFMzJwZUVH?oc=5\" target=\"_blank\" rel=\"noopener\">EN DIRECT &#8211; Roland-Garros : l\u2019heure des demi-finales dames, un choc Sabalenka-Swiatek avant le frisson Lo\u00efs Boisson face \u00e0 Coco Gauff<\/a>&nbsp;&nbsp;Le Figaro<\/li>\n<li><a href=\"https:\/\/news.google.com\/rss\/articles\/CBMi7gFBVV95cUxNSXlZdkhRV1hRMTQ2NkdvNWZZUmRoNWZFOHRkNk9jQ0VUd2FCSFdEOXRiN3dOU2JBNjZYN0VfTW5rblphRXl2QkJTM1dKcmhQd0E2bGdFWFdpeGh0UUJ3X3NzZnZyc3FISDlKSUdSaDhrRWluWHVtRTRiZG5VdENkMXhRYmdqNTNhMjhfbmd0M3hwTnFRZzZaTjZQX1BfYTE1VXVTdkRabnpXZFBCZnFzNG9KSW9LSjZFdDlzTWNWNWM2R3pieFJ6VEZpR19Eb3NzM2czTzhLRUlNdmZ6azZsODNMekpOUG1tWVZTb2lR?oc=5\" target=\"_blank\" rel=\"noopener\">Lo\u00efs Boisson s&rsquo;est entra\u00een\u00e9 sur le Philippe-Chatrier avant sa demi-finale de Roland-Garros face \u00e0 Coco Gauff<\/a>&nbsp;&nbsp;L&rsquo;\u00c9quipe<\/li>\n<li><a href=\"https:\/\/news.google.com\/rss\/articles\/CBMitAFBVV95cUxOM0s4ZkVta2FkLVhoZFgyM3NJY1kzZU9MT1FMMTdRVE5DdHZCTC1DVWh3T3pfYXdXcFVHdFNjTDRSLUVsaldhUFE1OERaeUl5aGYwOVBJS1JlZjZNbUI2a2dCNTVFcndOS3ZXNTJFZVlYdUVmWHJiSHZ3M3NfWS1lOHVQV0ZJS2dRLWdHSkVabmk5MW55WUdyOEwzVEpXYkl1aUtyYjliSEhuWE1jZlBIQ2VYOUg?oc=5\" target=\"_blank\" rel=\"noopener\">1\/4 de finale : le r\u00e9sum\u00e9 du match Andreeva vs Boisson en replay &#8211; Roland-Garros<\/a>&nbsp;&nbsp;France TV<\/li>\n<li><a href=\"https:\/\/news.google.com\/rss\/articles\/CBMi2AFBVV95cUxQVmVsTWV0STdQQ2pjQ0pUa2IydVJrS3doR2Fpdm1tajNFcWNmVTdvUGowRlY2MndCU0J3MndMQldBNUtCbE9hRFU4U0tWVGNPRVNRR2g4NWNISF9RNkFtLWpzU0FnbHdDZDZMWnd1RjZuaC1RUDVFV2NWaVIwSktQdFRtQ0JaNEMyeUJCcGJlTEJCMDlCcWZpNU5TbGV4SzlLdVRpQkxzaWRHUjU1ZUFLODdoTGZzNUo3cnlmdmpaSDhVZzlnSmxPblZlT2s0NjNjZVdhZktuX0s?oc=5\" target=\"_blank\" rel=\"noopener\">Roland-Garros 2025 &#8211; Yannick Noah : \u00ab\u00a0L&rsquo;histoire de Lo\u00efs Boisson m&rsquo;\u00e9meut\u00a0\u00bb<\/a>&nbsp;&nbsp;Eurosport<\/li>\n<li><a href=\"https:\/\/news.google.com\/rss\/articles\/CBMi7gFBVV95cUxPTGExdkpGdDFaeGhGcDdWZjhORktxUUt1ejYzdk9yME9oeDV5a1V6bjZyZmJQeWZuSFRHNlRzS29SdG9NX1diVHhRcVlBRExGc3JmcERjeVRvUlZzMXk5RU9fTHVGYl90Y1FTR3UtUXFKWnRiV19aejQxTUNEMTRpY0hvZEVfY18xVDB2UFl3dnZzNkFxTzNvNWc4ZjZGdG1HbWk0bHc1OTR2X01qNTZhQkdPSHBCT3VnVGtqS1BFZG9Kd0NKWmhBWDZCSFpzMEZ2RnJYaXpTTnJlVVhDNkpYQWxLOUxoNkcxYVZCQ2pB?oc=5\" target=\"_blank\" rel=\"noopener\">\u00ab Pas de limites pour Boisson \u00bb, qui peut vraiment remporter Roland-Garros<\/a>&nbsp;&nbsp;20 Minutes<\/li>\n<\/ol>\n","protected":false},"excerpt":{"rendered":"EN DIRECT &#8211; Roland-Garros : l\u2019heure des demi-finales dames, un choc Sabalenka-Swiatek avant le frisson Lo\u00efs Boisson face&hellip;\n","protected":false},"author":2,"featured_media":154006,"comment_status":"","ping_status":"","sticky":false,"template":"","format":"standard","meta":{"footnotes":""},"categories":[1415],"tags":[7615,4169,20863,105,2199,1011,27,2200,24473,10535,1960,24472,4171,60,1467,4170],"class_list":{"0":"post-154005","1":"post","2":"type-post","3":"status-publish","4":"format-standard","5":"has-post-thumbnail","7":"category-tennis","8":"tag-aryna-sabalenka","9":"tag-atp","10":"tag-coco-gauff","11":"tag-djokovic","12":"tag-federer","13":"tag-fr","14":"tag-france","15":"tag-iga-swiatek","16":"tag-internationaux-de-france","17":"tag-lois-boisson","18":"tag-nadal","19":"tag-rg","20":"tag-roland-garros","21":"tag-sports","22":"tag-tennis","23":"tag-wta"},"share_on_mastodon":{"url":"https:\/\/pubeurope.com\/@fr\/114630945838946099","error":""},"_links":{"self":[{"href":"https:\/\/www.europesays.com\/fr\/wp-json\/wp\/v2\/posts\/154005","targetHints":{"allow":["GET"]}}],"collection":[{"href":"https:\/\/www.europesays.com\/fr\/wp-json\/wp\/v2\/posts"}],"about":[{"href":"https:\/\/www.europesays.com\/fr\/wp-json\/wp\/v2\/types\/post"}],"author":[{"embeddable":true,"href":"https:\/\/www.europesays.com\/fr\/wp-json\/wp\/v2\/users\/2"}],"replies":[{"embeddable":true,"href":"https:\/\/www.europesays.com\/fr\/wp-json\/wp\/v2\/comments?post=154005"}],"version-history":[{"count":0,"href":"https:\/\/www.europesays.com\/fr\/wp-json\/wp\/v2\/posts\/154005\/revisions"}],"wp:featuredmedia":[{"embeddable":true,"href":"https:\/\/www.europesays.com\/fr\/wp-json\/wp\/v2\/media\/154006"}],"wp:attachment":[{"href":"https:\/\/www.europesays.com\/fr\/wp-json\/wp\/v2\/media?parent=154005"}],"wp:term":[{"taxonomy":"category","embeddable":true,"href":"https:\/\/www.europesays.com\/fr\/wp-json\/wp\/v2\/categories?post=154005"},{"taxonomy":"post_tag","embeddable":true,"href":"https:\/\/www.europesays.com\/fr\/wp-json\/wp\/v2\/tags?post=154005"}],"curies":[{"name":"wp","href":"https:\/\/api.w.org\/{rel}","templated":true}]}}