{"id":154007,"date":"2025-06-05T13:17:13","date_gmt":"2025-06-05T13:17:13","guid":{"rendered":"https:\/\/www.europesays.com\/fr\/154007\/"},"modified":"2025-06-05T13:17:13","modified_gmt":"2025-06-05T13:17:13","slug":"alex-marquez-sur-davoir-le-meilleur-package-sans-nouveaute-a-lhorizon","status":"publish","type":"post","link":"https:\/\/www.europesays.com\/fr\/154007\/","title":{"rendered":"\u00c1lex M\u00e1rquez s\u00fbr d&rsquo;avoir \u00ab\u00a0le meilleur package\u00a0\u00bb, sans nouveaut\u00e9 \u00e0 l&rsquo;horizon"},"content":{"rendered":"<p>Depuis les tests hivernaux, un certain myst\u00e8re entoure la Ducati GP25. Le constructeur a <a href=\"https:\/\/fr.motorsport.com\/motogp\/news\/marquez-bagnaia-saluent-ducati-2024\/10695667\/\" target=\"_blank\" rel=\"noopener\">renonc\u00e9 \u00e0 une grande partie des nouveaut\u00e9s pr\u00e9vues<\/a> et depuis, <a href=\"https:\/\/fr.motorsport.com\/driver\/marc-marquez\/92646\/\" target=\"_blank\" rel=\"noopener\">Marc M\u00e1rquez<\/a> s&rsquo;est montr\u00e9 dominateur alors que <a href=\"https:\/\/fr.motorsport.com\/driver\/pecco-bagnaia\/109394\/\" target=\"_blank\" rel=\"noopener\">Pecco Bagnaia<\/a> n&rsquo;a <a href=\"https:\/\/fr.motorsport.com\/motogp\/news\/bagnaia-toujours-memes-limitations-ducati-10725767\/10725767\/\" target=\"_blank\" rel=\"noopener\">pas retrouv\u00e9 les sensations qu&rsquo;il avait l&rsquo;an pass\u00e9 sur l&rsquo;avant<\/a> et que <a href=\"https:\/\/fr.motorsport.com\/driver\/fabio-di-giannantonio\/289538\/\" target=\"_blank\" rel=\"noopener\">Fabio Di Giannantonio<\/a>, le troisi\u00e8me \u00e0 disposer du mod\u00e8le le plus r\u00e9cent, a eu <a href=\"https:\/\/fr.motorsport.com\/motogp\/news\/di-giannantonio-retrouve-sensations-normales-ducati-gp25\/10727959\/\" target=\"_blank\" rel=\"noopener\">besoin d&rsquo;un certain temps d&rsquo;adaptation<\/a>.<\/p>\n<p>Loin de ces pr\u00e9occupations, <a href=\"https:\/\/fr.motorsport.com\/driver\/alex-marquez\/96324\/\" target=\"_blank\" rel=\"noopener\">\u00c1lex M\u00e1rquez<\/a> tire profit d&rsquo;une Ducati GP24 qui a fait ses preuves sur toute une vari\u00e9t\u00e9 de terrains la saison pass\u00e9e, et qui n&rsquo;est pas amen\u00e9e \u00e0 \u00e9voluer. Il a ainsi pu remporter la course principale de Jerez et le sprint de Silverstone, et sent qu&rsquo;il dispose de la meilleure machine possible.<\/p>\n<p>\u00ab\u00a0Je ne sais pas quels soucis ils ont, et \u00e7a ne m&rsquo;int\u00e9resse pas vraiment de savoir quels soucis ils ont, sinc\u00e8rement\u00a0\u00bb, a assur\u00e9 le deuxi\u00e8me du championnat en pr\u00e9lude du GP d&rsquo;Arag\u00f3n. \u00ab\u00a0Je sais ce que j&rsquo;ai et je crois que c&rsquo;est la meilleure moto de l&rsquo;ann\u00e9e. Je sais ce que j&rsquo;ai de maintenant jusqu&rsquo;\u00e0 la fin [de la saison] et je crois qu&rsquo;on a le meilleur package.\u00a0\u00bb<\/p>\n<p>\u00ab\u00a0Il faut attaquer et \u00eatre l\u00e0. Je pense que lundi, ils vont essayer des choses mais en tout cas, comme je l&rsquo;ai dit, on conna\u00eet notre package de maintenant jusqu&rsquo;\u00e0 la fin et il faut qu&rsquo;on se concentre uniquement sur notre garage.\u00a0\u00bb<\/p>\n<p>Lire aussi :<\/p>\n<p>Align\u00e9 sur la Ducati GP24 pour la deuxi\u00e8me ann\u00e9e cons\u00e9cutive, <a href=\"https:\/\/fr.motorsport.com\/driver\/franco-morbidelli\/109417\/\" target=\"_blank\" rel=\"noopener\">Franco Morbidelli<\/a> voit ceux qui ont le mod\u00e8le le plus r\u00e9cent \u00e9prouver certaines difficult\u00e9s.\u00a0\u00ab\u00a0Je pense que les deux motos ont actuellement des caract\u00e9ristiques diff\u00e9rentes\u00a0\u00bb, a estim\u00e9 le pilote VR46. \u00ab\u00a0On a vu que les pilotes qui ont la GP25 ont plus de mal en entr\u00e9e de virage, moins de confiance dans certains moments du virage.\u00a0\u00bb<\/p>\n<p>\u00ab\u00a0Pecco s&rsquo;en plaint surtout, mais Diggia aussi a beaucoup de mal. Marc aussi, m\u00eame si on ne dirait pas. Peut-\u00eatre qu&rsquo;elle est un peu mieux \u00e0 l&rsquo;acc\u00e9l\u00e9ration, alors que la GP24 semble un peu plus \u00e9quilibr\u00e9e de ce point de vue-l\u00e0. Les pilotes qui ont la GP24 ont s\u00fbrement un peu plus de confiance.\u00a0\u00bb<\/p>\n<p>   <img decoding=\"async\" draggable=\"false\" src=\"https:\/\/www.europesays.com\/fr\/wp-content\/uploads\/2025\/06\/franco-morbidelli-vr46-racing-.jpg\" alt=\"Franco Morbidelli, VR46 Racing Team\" width=\"1200\" height=\"800\" loading=\"lazy\"\/> <\/p>\n<p class=\"title\">Franco Morbidelli<\/p>\n<p class=\"photographer\">Photo de: Media VR46<\/p>\n<p>\u00ab\u00a0Il y a cette superbe lutte entre les Ducati GP24 et GP25\u00a0\u00bb, a ajout\u00e9 Morbidelli, sans pour autant assurer comme \u00c1lex M\u00e1rquez que le mod\u00e8le le plus ancien est le plus efficace\u00a0: \u00ab\u00a0\u00c0 ce sujet, je ne peux pas vous le dire avec certitude parce que je n&rsquo;ai pas essay\u00e9 la GP25. Mais d&rsquo;apr\u00e8s ce que je vois quand on roule ensemble et \u00e0 entendre les commentaires des pilotes, ils semblent avoir un petit peu moins de confiance en entr\u00e9e de virage et un tout petit peu plus de performance en sortie. La situation est celle-l\u00e0, plus ou moins.\u00a0\u00bb<\/p>\n<p>\u00ab\u00a0Si vous regardez la lutte entre Marc et moi \u00e0 Silverstone, vous pouvez voir qu&rsquo;il a pu revenir sur moi \u00e0 la sortie du virage 14 et me d\u00e9passer, et qu&rsquo;il s&rsquo;est d\u00e9tach\u00e9 de moi \u00e0 l&rsquo;acc\u00e9l\u00e9ration \u00e0 la sortie du 15, mais que j&rsquo;ai pu malgr\u00e9 tout r\u00e9aliser un solide freinage et essayer de l&rsquo;attaquer. Donc je pense qu&rsquo;\u00e0 l&rsquo;heure actuelle la diff\u00e9rence entre les deux packages est celle-l\u00e0.\u00a0\u00bb<\/p>\n<p>La GP24 ne devrait pas \u00e9voluer<\/p>\n<p>Pendant que Ducati devrait tenter de rem\u00e9dier aux faiblesses de la GP25 d\u00e8s le test de lundi sur le MotorLand Arag\u00f3n, aucune \u00e9volution n&rsquo;est pr\u00e9vue sur la moto de Franco Morbidelli et d&rsquo;Alex M\u00e1rquez. \u00ab\u00a0Pour le moment, non\u00a0\u00bb, a confirm\u00e9 l&rsquo;Espagnol, d\u00e9sormais bien familier de l&rsquo;approche du constructeur. \u00ab\u00a0Si le plan ne change pas, c&rsquo;est ce que Ducati nous a communiqu\u00e9. On l&rsquo;a vu l&rsquo;an dernier, Marc n&rsquo;a rien eu en plus alors qu&rsquo;il avait d\u00e9j\u00e0 le contrat officiel, donc je pense que ce sera dur d&rsquo;avoir des nouveaut\u00e9s ! [rires]\u00a0\u00bb<\/p>\n<p>   <img decoding=\"async\" draggable=\"false\" src=\"https:\/\/www.europesays.com\/fr\/wp-content\/uploads\/2025\/06\/1749129433_569_alex-marquez-gresini-racing.jpg\" alt=\"Alex Marquez, Gresini Racing\" width=\"1200\" height=\"800\" loading=\"lazy\"\/> <\/p>\n<p class=\"title\">\u00c1lex M\u00e1rquez<\/p>\n<p class=\"photographer\">Photo de: Red Bull Content Pool<\/p>\n<p>\u00ab\u00a0La politique est tr\u00e8s claire, tr\u00e8s intelligente, avec les motos de l&rsquo;ann\u00e9e d&rsquo;avant : si quelqu&rsquo;un a une nouveaut\u00e9, tous ceux qui ont la 24 doivent l&rsquo;avoir. Actuellement, \u00e7a complique un peu le fait d&rsquo;avoir des nouveaut\u00e9s parce qu&rsquo;ils sont souvent limit\u00e9s par les pi\u00e8ces qu&rsquo;ils peuvent utiliser, etc.\u00a0\u00bb<\/p>\n<p>\u00ab\u00a0On sait ce qu&rsquo;on aura lundi, ce sera la m\u00eame chose que l&rsquo;on a d\u00e9j\u00e0\u00a0! On doit se concentrer sur nous et essayer de progresser dans certains domaines.\u00a0\u00bb<\/p>\n<p>\u00c1lex M\u00e1rquez se pr\u00e9pare donc \u00e0 un roulage uniquement consacr\u00e9 \u00e0 l&rsquo;\u00e9valuation de r\u00e9glages lundi\u00a0: \u00ab\u00a0Ce sera comme \u00e0 Jerez : c&rsquo;\u00e9tait un test court pour nous, juste pour tester certaines choses, des r\u00e9glages diff\u00e9rents pour explorer des voies diff\u00e9rentes, juste pour dire &lsquo;celle-ci ne fonctionne pas&rsquo;, &lsquo;celle-l\u00e0 peut \u00eatre bonne sur certaines pistes&rsquo;&#8230; Mais pour nous, s&rsquo;il n&rsquo;y avait pas de test, ce serait mieux, parce que les autres auraient moins de temps pour tout assembler !\u00a0\u00bb<\/p>\n<p style=\"text-align: right;\">Avec L\u00e9na Buffa<\/p>\n<p>Lire aussi :<\/p>\n<p>Dans cet article<\/p>\n<p>    Vincent Lalanne-Sicaud\n<\/p>\n<p>    MotoGP\n<\/p>\n<p>    \u00c1lex M\u00e1rquez\n<\/p>\n<p>    Franco Morbidelli\n<\/p>\n<p>    Gresini Racing\n<\/p>\n<p>    Team VR46\n<\/p>\n<p>Soyez le premier inform\u00e9 et souscrivez aux alertes mails pour recevoir les infos en temps r\u00e9el<\/p>\n<p>    S&rsquo;abonner aux alertes de news<\/p>\n","protected":false},"excerpt":{"rendered":"Depuis les tests hivernaux, un certain myst\u00e8re entoure la Ducati GP25. Le constructeur a renonc\u00e9 \u00e0 une grande&hellip;\n","protected":false},"author":2,"featured_media":154008,"comment_status":"","ping_status":"","sticky":false,"template":"","format":"standard","meta":{"footnotes":""},"categories":[1413],"tags":[1011,27,7985,26452,3452,1457,1456,1458,26453,60,7276,7896],"class_list":{"0":"post-154007","1":"post","2":"type-post","3":"status-publish","4":"format-standard","5":"has-post-thumbnail","7":"category-moto","8":"tag-fr","9":"tag-france","10":"tag-franco-morbidelli","11":"tag-gp-daragu00f3n","12":"tag-gresini-racing","13":"tag-moto","14":"tag-motocycle","15":"tag-motogp","16":"tag-motorland-aragu00f3n","17":"tag-sports","18":"tag-team-vr46","19":"tag-u00c1lex-mu00e1rquez"},"share_on_mastodon":{"url":"https:\/\/pubeurope.com\/@fr\/114630953779314716","error":""},"_links":{"self":[{"href":"https:\/\/www.europesays.com\/fr\/wp-json\/wp\/v2\/posts\/154007","targetHints":{"allow":["GET"]}}],"collection":[{"href":"https:\/\/www.europesays.com\/fr\/wp-json\/wp\/v2\/posts"}],"about":[{"href":"https:\/\/www.europesays.com\/fr\/wp-json\/wp\/v2\/types\/post"}],"author":[{"embeddable":true,"href":"https:\/\/www.europesays.com\/fr\/wp-json\/wp\/v2\/users\/2"}],"replies":[{"embeddable":true,"href":"https:\/\/www.europesays.com\/fr\/wp-json\/wp\/v2\/comments?post=154007"}],"version-history":[{"count":0,"href":"https:\/\/www.europesays.com\/fr\/wp-json\/wp\/v2\/posts\/154007\/revisions"}],"wp:featuredmedia":[{"embeddable":true,"href":"https:\/\/www.europesays.com\/fr\/wp-json\/wp\/v2\/media\/154008"}],"wp:attachment":[{"href":"https:\/\/www.europesays.com\/fr\/wp-json\/wp\/v2\/media?parent=154007"}],"wp:term":[{"taxonomy":"category","embeddable":true,"href":"https:\/\/www.europesays.com\/fr\/wp-json\/wp\/v2\/categories?post=154007"},{"taxonomy":"post_tag","embeddable":true,"href":"https:\/\/www.europesays.com\/fr\/wp-json\/wp\/v2\/tags?post=154007"}],"curies":[{"name":"wp","href":"https:\/\/api.w.org\/{rel}","templated":true}]}}