{"id":154009,"date":"2025-06-05T13:18:08","date_gmt":"2025-06-05T13:18:08","guid":{"rendered":"https:\/\/www.europesays.com\/fr\/154009\/"},"modified":"2025-06-05T13:18:08","modified_gmt":"2025-06-05T13:18:08","slug":"hulkenberg-et-stake-sauber-les-autres-grands-gagnants-de-barcelone","status":"publish","type":"post","link":"https:\/\/www.europesays.com\/fr\/154009\/","title":{"rendered":"H\u00fclkenberg et Stake Sauber, les autres grands gagnants de Barcelone"},"content":{"rendered":"<p>En Espagne, Nico Hulkenberg a r\u00e9alis\u00e9 une course sensationnelle qui a permis \u00e0 Sauber de marquer ses premiers points depuis le Grand Prix d\u2019Australie, premi\u00e8re \u00e9preuve de la saison.<\/p>\n<p>L\u2019exp\u00e9riment\u00e9 pilote allemand est remont\u00e9 de la 15e place et a m\u00eame d\u00e9pass\u00e9 la Ferrari de Lewis Hamilton en fin de GP pour terminer \u00e0 une excellente sixi\u00e8me place, qui s\u2019est transform\u00e9e en cinqui\u00e8me place apr\u00e8s la p\u00e9nalit\u00e9 inflig\u00e9e \u00e0 Verstappen.<\/p>\n<p>Hulkenberg a peut-\u00eatre b\u00e9n\u00e9fici\u00e9 d\u2019un peu de chance, mais cette bellearriv\u00e9e dans les gros points marque l\u2019un des plus beaux r\u00e9sultats de l\u2019\u00e9quipe depuis trois ans et est surtout le fruit d\u2019une \u00e9volution prometteuse introduite \u00e0 Barcelone. Son co\u00e9quipier rookie Gabriel Bortoleto a \u00e9galement impressionn\u00e9, notamment lors des qualifications, soulignant les progr\u00e8s encourageants de l\u2019\u00e9curie suisse.<\/p>\n<p>Celle-ci n\u2019avait plus marqu\u00e9 de points depuis la septi\u00e8me place de Hulkenberg lors de la premi\u00e8re course de la saison en Australie en mars.<\/p>\n<p>\u00ab C\u2019\u00e9tait l\u2019un de ces dimanches o\u00f9 tout s\u2019est vraiment bien pass\u00e9 \u00bb, a d\u00e9clar\u00e9 Hulkenberg, qui a d\u00e9pass\u00e9 le septuple champion du monde Hamilton pour prendre la cinqui\u00e8me place dans les derniers instants de la course.<\/p>\n<p>\u00ab D\u00e8s le d\u00e9but, nous \u00e9tions dans le coup : un bon d\u00e9part, un premier tour sans encombre, et nous avons imm\u00e9diatement pu nous battre pour les points. Ironiquement, le fait de ne pas avoir eu le meilleur samedi et d\u2019avoir \u00e9conomis\u00e9 un train de pneus tends nous a donn\u00e9 un avantage strat\u00e9gique en termes d\u2019allocation de pneus. La voiture de s\u00e9curit\u00e9 a un peu brouill\u00e9 les cartes, et le fait d\u2019avoir ces pneus frais s\u2019est av\u00e9r\u00e9 \u00eatre un ticket gagnant. \u00bb<\/p>\n<p>H\u00fclkenberg a marqu\u00e9 tous les points de Sauber cette saison, son co\u00e9quipier br\u00e9silien Gabriel Bortoleto, qui a termin\u00e9 12e, n\u2019ayant toujours pas ouvert son compteur en neuf d\u00e9parts.<\/p>\n<p>Sauber, qui deviendra l\u2019\u00e9quipe d\u2019usine Audi l\u2019ann\u00e9e prochaine, est \u00e0 \u00e9galit\u00e9 avec Aston Martin avec 16 points, mais devance cette derni\u00e8re au classement. Alpine est derni\u00e8re, avec cinq points de retard.<\/p>\n","protected":false},"excerpt":{"rendered":"En Espagne, Nico Hulkenberg a r\u00e9alis\u00e9 une course sensationnelle qui a permis \u00e0 Sauber de marquer ses premiers&hellip;\n","protected":false},"author":2,"featured_media":154010,"comment_status":"","ping_status":"","sticky":false,"template":"","format":"standard","meta":{"footnotes":""},"categories":[1412],"tags":[5080,5081,1451,5083,5084,5085,5086,5087,1452,1453,1454,1455,1011,27,5089,5090,28393,60,26577,5091,3030],"class_list":{"0":"post-154009","1":"post","2":"type-post","3":"status-publish","4":"format-standard","5":"has-post-thumbnail","7":"category-f1","8":"tag-actualites-f1","9":"tag-actuf1","10":"tag-f1","11":"tag-f1-actu","12":"tag-f1-direct","13":"tag-f1-live","14":"tag-f1-news","15":"tag-f1news","16":"tag-formula-1","17":"tag-formula1","18":"tag-formule-1","19":"tag-formule1","20":"tag-fr","21":"tag-france","22":"tag-news-f1","23":"tag-newsf1","24":"tag-nico-hulkenberg","25":"tag-sports","26":"tag-stake","27":"tag-tip","28":"tag-top"},"share_on_mastodon":{"url":"https:\/\/pubeurope.com\/@fr\/114630957693620268","error":""},"_links":{"self":[{"href":"https:\/\/www.europesays.com\/fr\/wp-json\/wp\/v2\/posts\/154009","targetHints":{"allow":["GET"]}}],"collection":[{"href":"https:\/\/www.europesays.com\/fr\/wp-json\/wp\/v2\/posts"}],"about":[{"href":"https:\/\/www.europesays.com\/fr\/wp-json\/wp\/v2\/types\/post"}],"author":[{"embeddable":true,"href":"https:\/\/www.europesays.com\/fr\/wp-json\/wp\/v2\/users\/2"}],"replies":[{"embeddable":true,"href":"https:\/\/www.europesays.com\/fr\/wp-json\/wp\/v2\/comments?post=154009"}],"version-history":[{"count":0,"href":"https:\/\/www.europesays.com\/fr\/wp-json\/wp\/v2\/posts\/154009\/revisions"}],"wp:featuredmedia":[{"embeddable":true,"href":"https:\/\/www.europesays.com\/fr\/wp-json\/wp\/v2\/media\/154010"}],"wp:attachment":[{"href":"https:\/\/www.europesays.com\/fr\/wp-json\/wp\/v2\/media?parent=154009"}],"wp:term":[{"taxonomy":"category","embeddable":true,"href":"https:\/\/www.europesays.com\/fr\/wp-json\/wp\/v2\/categories?post=154009"},{"taxonomy":"post_tag","embeddable":true,"href":"https:\/\/www.europesays.com\/fr\/wp-json\/wp\/v2\/tags?post=154009"}],"curies":[{"name":"wp","href":"https:\/\/api.w.org\/{rel}","templated":true}]}}