{"id":154026,"date":"2025-06-05T13:27:10","date_gmt":"2025-06-05T13:27:10","guid":{"rendered":"https:\/\/www.europesays.com\/fr\/154026\/"},"modified":"2025-06-05T13:27:10","modified_gmt":"2025-06-05T13:27:10","slug":"une-vingtaine-de-medecins-ont-ignore-ses-symptomes-elle-souffrait-en-realite-dun-cancer-de-stade-quatre","status":"publish","type":"post","link":"https:\/\/www.europesays.com\/fr\/154026\/","title":{"rendered":"une vingtaine de m\u00e9decins ont ignor\u00e9 ses sympt\u00f4mes, elle souffrait en r\u00e9alit\u00e9 d&rsquo;un cancer de stade quatre"},"content":{"rendered":"<p>Ses sympt\u00f4mes ont \u00e9t\u00e9 ignor\u00e9s. \u00c0 l&rsquo;automne 2005, Jodie Guerrero, alors trentenaire, ressent une douleur intense et lancinante dans son bras droit. Elle d\u00e9couvre \u00e9galement une grosseur dans son sein et consulte alors plusieurs m\u00e9decins. Toutefois, les professionnels de sant\u00e9 ne s&rsquo;inqui\u00e8tent pas. \u00ab\u00a0On m&rsquo;a dit que ce n&rsquo;\u00e9tait qu&rsquo;un ganglion lymphatique r\u00e9actif, rien de grave. Mais une petite voix au fond de moi me disait que quelque chose n&rsquo;allait pas.\u00a0\u00bb<\/p>\n<p><strong>LIRE AUSSI &gt;&gt;<\/strong> <a data-i13n=\"cpos:1;pos:1\" href=\"https:\/\/fr.news.yahoo.com\/les-medecins-attribuent-ses-symptomes-a-la-necessite-de-changer-de-lunettes-il-decede-en-quelques-jours-dune-tumeur-au-cerveau-121039036.html\" data-ylk=\"slk:Les m\u00e9decins attribuent ses sympt\u00f4mes \u00e0 la n\u00e9cessit\u00e9 de changer de lunettes, il d\u00e9c\u00e8de en quelques jours d&#039;une tumeur au cerveau;cpos:1;pos:1;elm:context_link;itc:0;sec:content-canvas;outcm:mb_qualified_link;_E:mb_qualified_link;ct:story;\" class=\"link  yahoo-link\" target=\"_blank\" rel=\"noopener\"><strong>Les m\u00e9decins attribuent ses sympt\u00f4mes \u00e0 la n\u00e9cessit\u00e9 de changer de lunettes, il d\u00e9c\u00e8de en quelques jours d&rsquo;une tumeur au cerveau<\/strong><\/a><\/p>\n<p>Elle remet alors en doute ce diagnostic et consulte en l&rsquo;espace d&rsquo;une ann\u00e9e 21 m\u00e9decins diff\u00e9rents dans plusieurs cliniques. Tous \u00e9cartent ses sympt\u00f4mes. \u00ab\u00a0On me disait que j&rsquo;\u00e9tais hypocondriaque. Certains m\u00e9decins \u00e9taient vagues, d&rsquo;autres m&rsquo;ont prescrit des antibiotiques et m&rsquo;ont fait sortir de leur cabinet. L&rsquo;un d&rsquo;eux a m\u00eame sugg\u00e9r\u00e9 que c&rsquo;\u00e9tait peut-\u00eatre dans ma t\u00eate. Mais je savais que quelque chose clochait\u00a0\u00bb, se souvient la patiente, aujourd&rsquo;hui \u00e2g\u00e9e de 53 ans, cit\u00e9e par le <a data-i13n=\"cpos:2;pos:1\" href=\"https:\/\/www.mirror.co.uk\/news\/health\/my-symptoms-were-dismissed-21-35332626\" rel=\"nofollow noopener\" target=\"_blank\" data-ylk=\"slk:Mirror;cpos:2;pos:1;elm:context_link;itc:0;sec:content-canvas\" class=\"link \">Mirror<\/a>.<\/p>\n<p>Chimioth\u00e9rapie et radioth\u00e9rapie<\/p>\n<p>Au fil des mois, la douleur se propage \u00e0 son dos et sa jambe s&rsquo;engourdit. Elle ne ressent \u00e9galement plus de sensation en urinant. \u00ab\u00a0J&rsquo;avais constamment mal, j&rsquo;\u00e9tais anxieuse, d\u00e9prim\u00e9e et, honn\u00eatement, j&rsquo;avais envie d&rsquo;abandonner. Je me souviens avoir pri\u00e9 pour mourir dans mon sommeil et \u00eatre \u00e9pargn\u00e9e par cette souffrance.\u00a0\u00bb<\/p>\n<p>Finalement, en septembre 2006, le diagnostic tombe et elle apprend qu&rsquo;elle souffre d&rsquo;un lymphome folliculaire non hodgkinien \u00e0 cellules B de stade 4. \u00ab\u00a0J&rsquo;ai pleur\u00e9 quand ils nous l&rsquo;ont annonc\u00e9. Ils ont dit : &lsquo;Nous avons une excellente nouvelle ! Nous savons de quel type de cancer il s&rsquo;agit et comment le traiter&rsquo;. Je ne comprenais pas pourquoi c&rsquo;\u00e9tait une bonne nouvelle jusqu&rsquo;\u00e0 ce qu&rsquo;on m&rsquo;explique que parfois, on ne sait m\u00eame pas o\u00f9 le cancer a commenc\u00e9. Mais j&rsquo;\u00e9tais encore au stade 4. Il \u00e9tait partout.\u00a0\u00bb<\/p>\n<p><strong>LIRE AUSSI &gt;&gt;<\/strong><a data-i13n=\"cpos:3;pos:1\" href=\"https:\/\/fr.news.yahoo.com\/sous-le-choc-les-medecins-lui-decouvrent-un-cancer-si-rare-quil-ne-porte-pas-encore-de-nom-095203806.html\" data-ylk=\"slk:Sous le choc, les m\u00e9decins lui d\u00e9couvrent un cancer si rare qu&#039;il ne porte pas encore de nom;cpos:3;pos:1;elm:context_link;itc:0;sec:content-canvas;outcm:mb_qualified_link;_E:mb_qualified_link;ct:story;\" class=\"link  yahoo-link\" target=\"_blank\" rel=\"noopener\"> <strong>Sous le choc, les m\u00e9decins lui d\u00e9couvrent un cancer si rare qu&rsquo;il ne porte pas encore de nom<\/strong><\/a><\/p>\n<p>Ce cancer agressif du sang avait rong\u00e9 son \u00e9paule, endommag\u00e9 son sacrum et son os iliaque droit et \u00e9cras\u00e9 son nerf S1. \u00ab\u00a0Si on l&rsquo;avait d\u00e9tect\u00e9 au stade 1, j&rsquo;aurais peut-\u00eatre eu seulement besoin d&rsquo;une radioth\u00e9rapie. Mais \u00e0 cause du retard de diagnostic, j&rsquo;ai d\u00fb suivre une chimioth\u00e9rapie, une radioth\u00e9rapie, puis une greffe de moelle osseuse pour survivre\u00a0\u00bb. En 2007, Jodie se trouvait en r\u00e9mission mais les sympt\u00f4mes sont r\u00e9apparus l&rsquo;ann\u00e9e suivante. En d\u00e9cembre 2014, les m\u00e9decins constatent que le cancer avait envahi un nerf spinal. Elle d\u00e9couvre alors qu&rsquo;elle souffre d&rsquo;un nouveau cancer, la my\u00e9lodysplasie (SMD).<\/p>\n<p>52 comprim\u00e9s par jour<\/p>\n<p>Au total, elle subit 94 doses de chimioth\u00e9rapie et de radioth\u00e9rapie. \u00ab\u00a0Je prends maintenant 52 comprim\u00e9s par jour, avec des perfusions de plasma hebdomadaires. Ma survie est un v\u00e9ritable miracle. Il n&rsquo;y avait que 5 % de chances de gu\u00e9rison avec la greffe. Mais me voil\u00e0, plus de dix ans plus tard, toujours sans cancer.\u00a0\u00bb<\/p>\n<p>Aujourd&rsquo;hui, la m\u00e8re de famille souffre de multiples soucis de sant\u00e9 comme des maladies chroniques, des l\u00e9sions du syst\u00e8me nerveux central, un lymph\u0153d\u00e8me, des effets secondaires persistants li\u00e9s \u00e0 la chimioth\u00e9rapie et des immunosuppresseurs. \u00ab\u00a0Mon syst\u00e8me immunitaire est compl\u00e8tement d\u00e9sactiv\u00e9 pour que les cellules de moelle osseuse de mon donneur n\u2019attaquent pas mon corps. Les m\u00e9dicaments me maintiennent en vie, mais ils me rendent aussi vuln\u00e9rable \u00e0 tout.\u00a0\u00bb<\/p>\n","protected":false},"excerpt":{"rendered":"Ses sympt\u00f4mes ont \u00e9t\u00e9 ignor\u00e9s. \u00c0 l&rsquo;automne 2005, Jodie Guerrero, alors trentenaire, ressent une douleur intense et lancinante&hellip;\n","protected":false},"author":2,"featured_media":154027,"comment_status":"","ping_status":"","sticky":false,"template":"","format":"standard","meta":{"footnotes":""},"categories":[10],"tags":[101,1011,27,72,28398,28397,71,28399],"class_list":{"0":"post-154026","1":"post","2":"type-post","3":"status-publish","4":"format-standard","5":"has-post-thumbnail","7":"category-sante","8":"tag-cancer","9":"tag-fr","10":"tag-france","11":"tag-health","12":"tag-jodie","13":"tag-jodie-guerrero","14":"tag-sante","15":"tag-tumeur-au-cerveau"},"share_on_mastodon":{"url":"https:\/\/pubeurope.com\/@fr\/114630993420847048","error":""},"_links":{"self":[{"href":"https:\/\/www.europesays.com\/fr\/wp-json\/wp\/v2\/posts\/154026","targetHints":{"allow":["GET"]}}],"collection":[{"href":"https:\/\/www.europesays.com\/fr\/wp-json\/wp\/v2\/posts"}],"about":[{"href":"https:\/\/www.europesays.com\/fr\/wp-json\/wp\/v2\/types\/post"}],"author":[{"embeddable":true,"href":"https:\/\/www.europesays.com\/fr\/wp-json\/wp\/v2\/users\/2"}],"replies":[{"embeddable":true,"href":"https:\/\/www.europesays.com\/fr\/wp-json\/wp\/v2\/comments?post=154026"}],"version-history":[{"count":0,"href":"https:\/\/www.europesays.com\/fr\/wp-json\/wp\/v2\/posts\/154026\/revisions"}],"wp:featuredmedia":[{"embeddable":true,"href":"https:\/\/www.europesays.com\/fr\/wp-json\/wp\/v2\/media\/154027"}],"wp:attachment":[{"href":"https:\/\/www.europesays.com\/fr\/wp-json\/wp\/v2\/media?parent=154026"}],"wp:term":[{"taxonomy":"category","embeddable":true,"href":"https:\/\/www.europesays.com\/fr\/wp-json\/wp\/v2\/categories?post=154026"},{"taxonomy":"post_tag","embeddable":true,"href":"https:\/\/www.europesays.com\/fr\/wp-json\/wp\/v2\/tags?post=154026"}],"curies":[{"name":"wp","href":"https:\/\/api.w.org\/{rel}","templated":true}]}}