{"id":154028,"date":"2025-06-05T13:28:11","date_gmt":"2025-06-05T13:28:11","guid":{"rendered":"https:\/\/www.europesays.com\/fr\/154028\/"},"modified":"2025-06-05T13:28:11","modified_gmt":"2025-06-05T13:28:11","slug":"psg-safonov-cash-sur-larrivee-de-zabarnyi-je-pense-quil","status":"publish","type":"post","link":"https:\/\/www.europesays.com\/fr\/154028\/","title":{"rendered":"PSG &#8211; Safonov cash sur l\u2019arriv\u00e9e de Zabarnyi : \u00ab\u00a0Je pense qu\u2019il&#8230;\u00a0\u00bb"},"content":{"rendered":"<p><a href=\"https:\/\/www.goal.com\/fr\/auteur\/patrick-tchanhoun\/blt00a147123ea3303b\" target=\"_blank\" rel=\"noopener\">Patrick Tchanhoun<\/a><a class=\"tag_tag__bj3Yq component-tag h6\" title=\"Mercato\" data-testid=\"single-tag\" data-type=\"CATEGORY\" href=\"https:\/\/www.goal.com\/fr\/categorie\/mercato\/1\/k94w8e1yy9ch14mllpf4srnks\" target=\"_blank\" rel=\"noopener\">Mercato<\/a><a class=\"tag_tag__bj3Yq component-tag h6\" title=\"Ligue 1\" data-testid=\"single-tag\" data-type=\"COMPETITION\" href=\"https:\/\/www.goal.com\/fr\/ligue-1\/dm5ka0os1e3dxcp3vh05kmp33\" target=\"_blank\" rel=\"noopener\">Ligue 1<\/a><a class=\"tag_tag__bj3Yq component-tag h6\" title=\"Premier League\" data-testid=\"single-tag\" data-type=\"COMPETITION\" href=\"https:\/\/www.goal.com\/fr\/premier-league\/2kwbbcootiqqgmrzs6o5inle5\" target=\"_blank\" rel=\"noopener\">Premier League<\/a><a class=\"tag_tag__bj3Yq component-tag h6\" title=\"Paris Saint-Germain\" data-testid=\"single-tag\" data-type=\"TEAM\" href=\"https:\/\/www.goal.com\/fr\/equipe\/paris-saint-germain\/2b3mar72yy8d6uvat1ka6tn3r\" target=\"_blank\" rel=\"noopener\">Paris Saint-Germain<\/a><a class=\"tag_tag__bj3Yq component-tag h6\" title=\"Bournemouth\" data-testid=\"single-tag\" data-type=\"TEAM\" href=\"https:\/\/www.goal.com\/fr\/equipe\/bournemouth\/1pse9ta7a45pi2w2grjim70ge\" target=\"_blank\" rel=\"noopener\">Bournemouth<\/a><a class=\"tag_tag__bj3Yq component-tag h6\" title=\"M. Safonov\" data-testid=\"single-tag\" data-type=\"PERSON\" href=\"https:\/\/www.goal.com\/fr\/joueur\/m-safonov\/Pp-ercZYv7S6UkBH3e0-5\" target=\"_blank\" rel=\"noopener\">M. Safonov<\/a><a class=\"tag_tag__bj3Yq component-tag h6\" title=\"I. Zabarnyi\" data-testid=\"single-tag\" data-type=\"PERSON\" href=\"https:\/\/www.goal.com\/fr\/joueur\/i-zabarnyi\/2u6hj8z2g0r7b5roxpluy4sbu\" target=\"_blank\" rel=\"noopener\">I. Zabarnyi<\/a><\/p>\n<p data-testid=\"article-teaser\" class=\"article_teaser__rjxUK\">Une rumeur, un malaise possible et une r\u00e9ponse cinglante : Safonov s\u2019exprime cash sur l\u2019arriv\u00e9e \u00e9ventuelle d\u2019Ilya Zabarnyi \u00e0 Paris.<\/p>\n<p><a href=\"https:\/\/www.goal.com\/fr\/listes\/mercato-le-psg-fonce-sur-un-crack-de-premier-league\/blte066c106debabbf3#cs823a93b9d8beacaf\" target=\"_self\" rel=\"noopener\">Le Paris Saint-Germain continue d\u2019activer ses pistes pour renforcer son effectif, en particulier dans le secteur d\u00e9fensif. Parmi les noms \u00e9voqu\u00e9s ces derniers jours, celui du jeune ukrainien Ilya Zabarnyi (22 ans) revient avec insistance<\/a>. Titulaire r\u00e9gulier en Premier League avec Bournemouth, le d\u00e9fenseur a su convaincre par sa solidit\u00e9 et sa r\u00e9gularit\u00e9 cette saison. Pourtant, un d\u00e9tail pourrait enrayer son arriv\u00e9e \u00e0 Paris.<\/p>\n<p>L&rsquo;article continue ci-dessous<\/p>\n","protected":false},"excerpt":{"rendered":"Patrick TchanhounMercatoLigue 1Premier LeagueParis Saint-GermainBournemouthM. SafonovI. Zabarnyi Une rumeur, un malaise possible et une r\u00e9ponse cinglante : Safonov&hellip;\n","protected":false},"author":2,"featured_media":154029,"comment_status":"","ping_status":"","sticky":false,"template":"","format":"standard","meta":{"footnotes":""},"categories":[9],"tags":[17618,1011,27,28400,66,17507,1434,91,70,60,28401],"class_list":{"0":"post-154028","1":"post","2":"type-post","3":"status-publish","4":"format-standard","5":"has-post-thumbnail","7":"category-sports","8":"tag-bournemouth","9":"tag-fr","10":"tag-france","11":"tag-i-zabarnyi","12":"tag-ligue-1","13":"tag-m-safonov","14":"tag-mercato","15":"tag-paris-saint-germain","16":"tag-premier-league","17":"tag-sports","18":"tag-transfers"},"share_on_mastodon":{"url":"https:\/\/pubeurope.com\/@fr\/114630997039548653","error":""},"_links":{"self":[{"href":"https:\/\/www.europesays.com\/fr\/wp-json\/wp\/v2\/posts\/154028","targetHints":{"allow":["GET"]}}],"collection":[{"href":"https:\/\/www.europesays.com\/fr\/wp-json\/wp\/v2\/posts"}],"about":[{"href":"https:\/\/www.europesays.com\/fr\/wp-json\/wp\/v2\/types\/post"}],"author":[{"embeddable":true,"href":"https:\/\/www.europesays.com\/fr\/wp-json\/wp\/v2\/users\/2"}],"replies":[{"embeddable":true,"href":"https:\/\/www.europesays.com\/fr\/wp-json\/wp\/v2\/comments?post=154028"}],"version-history":[{"count":0,"href":"https:\/\/www.europesays.com\/fr\/wp-json\/wp\/v2\/posts\/154028\/revisions"}],"wp:featuredmedia":[{"embeddable":true,"href":"https:\/\/www.europesays.com\/fr\/wp-json\/wp\/v2\/media\/154029"}],"wp:attachment":[{"href":"https:\/\/www.europesays.com\/fr\/wp-json\/wp\/v2\/media?parent=154028"}],"wp:term":[{"taxonomy":"category","embeddable":true,"href":"https:\/\/www.europesays.com\/fr\/wp-json\/wp\/v2\/categories?post=154028"},{"taxonomy":"post_tag","embeddable":true,"href":"https:\/\/www.europesays.com\/fr\/wp-json\/wp\/v2\/tags?post=154028"}],"curies":[{"name":"wp","href":"https:\/\/api.w.org\/{rel}","templated":true}]}}