{"id":154043,"date":"2025-06-05T13:36:13","date_gmt":"2025-06-05T13:36:13","guid":{"rendered":"https:\/\/www.europesays.com\/fr\/154043\/"},"modified":"2025-06-05T13:36:13","modified_gmt":"2025-06-05T13:36:13","slug":"louhans-de-beaux-resultats-pour-le-boxing-club-louhannais-a-saint-etienne","status":"publish","type":"post","link":"https:\/\/www.europesays.com\/fr\/154043\/","title":{"rendered":"Louhans. De beaux r\u00e9sultats pour le Boxing Club Louhannais \u00e0 Saint-Etienne"},"content":{"rendered":"<p>Le week-end dernier, quatre combattants du Boxing Club Louhannais ont brillamment repr\u00e9sent\u00e9 leurs couleurs lors de l\u2019Open de la Loire, organis\u00e9 \u00e0 Saint-\u00c9tienne en karat\u00e9 full contact.<\/p>\n<p>Lucie, Lionel et St\u00e9phane se sont impos\u00e9s avec d\u00e9termination et repartent chacun avec une premi\u00e8re place dans leur cat\u00e9gorie.<\/p>\n<p>De son c\u00f4t\u00e9, K\u00e9vin n\u2019a pas d\u00e9m\u00e9rit\u00e9 et d\u00e9croche une belle seconde place apr\u00e8s un combat intense.<\/p>\n<p>Ces r\u00e9sultats confirment le bon travail r\u00e9alis\u00e9 au sein du club, qui continue de faire parler de lui sur les rings r\u00e9gionaux.<\/p>\n","protected":false},"excerpt":{"rendered":"Le week-end dernier, quatre combattants du Boxing Club Louhannais ont brillamment repr\u00e9sent\u00e9 leurs couleurs lors de l\u2019Open de&hellip;\n","protected":false},"author":2,"featured_media":154044,"comment_status":"","ping_status":"","sticky":false,"template":"","format":"standard","meta":{"footnotes":""},"categories":[9653],"tags":[1111,11,2430,6238,1777,674,107,1011,27,6236,6237,12,25,4001,517,21508],"class_list":{"0":"post-154043","1":"post","2":"type-post","3":"status-publish","4":"format-standard","5":"has-post-thumbnail","7":"category-saint-etienne","8":"tag-actu","9":"tag-actualites","10":"tag-auvergne-rhone-alpes","11":"tag-edition-bresse","12":"tag-eu","13":"tag-europe","14":"tag-fil-info","15":"tag-fr","16":"tag-france","17":"tag-louhans","18":"tag-louhans-ville","19":"tag-news","20":"tag-republique-francaise","21":"tag-saint-etienne","22":"tag-sport","23":"tag-sports-de-combat"},"share_on_mastodon":{"url":"https:\/\/pubeurope.com\/@fr\/114631028609063047","error":""},"_links":{"self":[{"href":"https:\/\/www.europesays.com\/fr\/wp-json\/wp\/v2\/posts\/154043","targetHints":{"allow":["GET"]}}],"collection":[{"href":"https:\/\/www.europesays.com\/fr\/wp-json\/wp\/v2\/posts"}],"about":[{"href":"https:\/\/www.europesays.com\/fr\/wp-json\/wp\/v2\/types\/post"}],"author":[{"embeddable":true,"href":"https:\/\/www.europesays.com\/fr\/wp-json\/wp\/v2\/users\/2"}],"replies":[{"embeddable":true,"href":"https:\/\/www.europesays.com\/fr\/wp-json\/wp\/v2\/comments?post=154043"}],"version-history":[{"count":0,"href":"https:\/\/www.europesays.com\/fr\/wp-json\/wp\/v2\/posts\/154043\/revisions"}],"wp:featuredmedia":[{"embeddable":true,"href":"https:\/\/www.europesays.com\/fr\/wp-json\/wp\/v2\/media\/154044"}],"wp:attachment":[{"href":"https:\/\/www.europesays.com\/fr\/wp-json\/wp\/v2\/media?parent=154043"}],"wp:term":[{"taxonomy":"category","embeddable":true,"href":"https:\/\/www.europesays.com\/fr\/wp-json\/wp\/v2\/categories?post=154043"},{"taxonomy":"post_tag","embeddable":true,"href":"https:\/\/www.europesays.com\/fr\/wp-json\/wp\/v2\/tags?post=154043"}],"curies":[{"name":"wp","href":"https:\/\/api.w.org\/{rel}","templated":true}]}}