{"id":154047,"date":"2025-06-05T13:38:11","date_gmt":"2025-06-05T13:38:11","guid":{"rendered":"https:\/\/www.europesays.com\/fr\/154047\/"},"modified":"2025-06-05T13:38:11","modified_gmt":"2025-06-05T13:38:11","slug":"nancy-la-pharmacie-principale-rue-saint-dizier-met-la-cle-sous-la-porte","status":"publish","type":"post","link":"https:\/\/www.europesays.com\/fr\/154047\/","title":{"rendered":"Nancy. La pharmacie principale, rue Saint-Dizier, met la cl\u00e9 sous la porte"},"content":{"rendered":"<p>Une nouvelle fermeture de pharmacie dans l\u2019hyper-centre nanc\u00e9ien\u2026 Apr\u00e8s <a href=\"https:\/\/www.estrepublicain.fr\/economie\/2022\/12\/08\/la-pharmacie-du-point-central-a-ferme-ses-portes\" target=\"_blank\" rel=\"noopener\">la fermeture de la mythique pharmacie du point central<\/a> fin 2022 \u00e0 l\u2019angle des rues Saint-Dizier et Saint-Jean, une autre officine situ\u00e9e \u00e0 quelques dizaines de m\u00e8tres seulement met \u00e0 son tour la cl\u00e9 sous la porte.<\/p>\n<p>Install\u00e9e au 20 rue Saint-Dizier depuis des d\u00e9cennies, la pharmacie principale a cess\u00e9 d\u00e9finitivement son activit\u00e9 il y a peu, quatre ans environ apr\u00e8s avoir chang\u00e9 de propri\u00e9taire.<\/p>\n<p>  Des produits \u00e0 retirer dans une pharmacie proche<\/p>\n<p>Sur la vitrine d\u2019entr\u00e9e, une affichette annonce cette fermeture d\u00e9finitive en invitant les clients qui auraient achet\u00e9 des produits et ne les auraient pas r\u00e9cup\u00e9r\u00e9s \u00e0 se rendre \u00e0 la pharmacie Naturobio rue Raugraff pour les r\u00e9cup\u00e9rer.<\/p>\n<p>Une fermeture qui traduit une tendance de fond constat\u00e9e depuis des ann\u00e9es sur le plan national m\u00eame si avec une quarantaine d\u2019officines (soit une pour 2\u00a0500 habitants environ), Nancy reste un peu au-dessus de la moyenne nationale.\u00a0Pour rappel, la moyenne est d\u2019environ une officine pour 3\u00a0000 habitants.<\/p>\n","protected":false},"excerpt":{"rendered":"Une nouvelle fermeture de pharmacie dans l\u2019hyper-centre nanc\u00e9ien\u2026 Apr\u00e8s la fermeture de la mythique pharmacie du point central&hellip;\n","protected":false},"author":2,"featured_media":154048,"comment_status":"","ping_status":"","sticky":false,"template":"","format":"standard","meta":{"footnotes":""},"categories":[9635],"tags":[1111,11,4406,33,1704,1777,674,1011,27,775,1702,1703,12,25],"class_list":{"0":"post-154047","1":"post","2":"type-post","3":"status-publish","4":"format-standard","5":"has-post-thumbnail","7":"category-nancy","8":"tag-actu","9":"tag-actualites","10":"tag-commerce-et-services","11":"tag-economie","12":"tag-edition-nancy-et-agglomeration","13":"tag-eu","14":"tag-europe","15":"tag-fr","16":"tag-france","17":"tag-grand-est","18":"tag-nancy","19":"tag-nancy-ville-54b","20":"tag-news","21":"tag-republique-francaise"},"share_on_mastodon":{"url":"https:\/\/pubeurope.com\/@fr\/114631037474882716","error":""},"_links":{"self":[{"href":"https:\/\/www.europesays.com\/fr\/wp-json\/wp\/v2\/posts\/154047","targetHints":{"allow":["GET"]}}],"collection":[{"href":"https:\/\/www.europesays.com\/fr\/wp-json\/wp\/v2\/posts"}],"about":[{"href":"https:\/\/www.europesays.com\/fr\/wp-json\/wp\/v2\/types\/post"}],"author":[{"embeddable":true,"href":"https:\/\/www.europesays.com\/fr\/wp-json\/wp\/v2\/users\/2"}],"replies":[{"embeddable":true,"href":"https:\/\/www.europesays.com\/fr\/wp-json\/wp\/v2\/comments?post=154047"}],"version-history":[{"count":0,"href":"https:\/\/www.europesays.com\/fr\/wp-json\/wp\/v2\/posts\/154047\/revisions"}],"wp:featuredmedia":[{"embeddable":true,"href":"https:\/\/www.europesays.com\/fr\/wp-json\/wp\/v2\/media\/154048"}],"wp:attachment":[{"href":"https:\/\/www.europesays.com\/fr\/wp-json\/wp\/v2\/media?parent=154047"}],"wp:term":[{"taxonomy":"category","embeddable":true,"href":"https:\/\/www.europesays.com\/fr\/wp-json\/wp\/v2\/categories?post=154047"},{"taxonomy":"post_tag","embeddable":true,"href":"https:\/\/www.europesays.com\/fr\/wp-json\/wp\/v2\/tags?post=154047"}],"curies":[{"name":"wp","href":"https:\/\/api.w.org\/{rel}","templated":true}]}}