{"id":154049,"date":"2025-06-05T13:39:10","date_gmt":"2025-06-05T13:39:10","guid":{"rendered":"https:\/\/www.europesays.com\/fr\/154049\/"},"modified":"2025-06-05T13:39:10","modified_gmt":"2025-06-05T13:39:10","slug":"la-crau-du-piboulon-future-reserve-de-biodiversite","status":"publish","type":"post","link":"https:\/\/www.europesays.com\/fr\/154049\/","title":{"rendered":"La Crau du Piboulon future r\u00e9serve de biodiversit\u00e9"},"content":{"rendered":"<p>Seules deux bornes cadastrales napol\u00e9oniennes t\u00e9moignent de la limite des communes d\u2019<a href=\"https:\/\/www.laprovence.com\/bouches-du-rhone\/alleins-13003\" target=\"_blank\" rel=\"nofollow noopener\">Alleins<\/a> et <a href=\"https:\/\/www.laprovence.com\/bouches-du-rhone\/mallemort-13053\" target=\"_blank\" rel=\"nofollow noopener\">Mallemort <\/a>sur le site du Piboulon. Un clin d\u2019\u0153il historique que n\u2019a pas manqu\u00e9 de faire remarquer Philippe Grange, maire d\u2019Alleins, puisque \u00ab\u00a0des fronti\u00e8res entre nos deux communes, il n\u2019y en a pas.\u00a0\u00bb Un clin d\u2019\u0153il historique appr\u00e9ci\u00e9 aussi par Philippe Ardhuin, conseiller m\u00e9tropolitain, d\u00e9l\u00e9gu\u00e9 \u00e0 la for\u00eat, aux paysages et \u00e0 la <a href=\"https:\/\/www.laprovence.com\/article\/ecoplanete\/4485735294031614\/la-fare-s-engage-pour-la-nature-avec-un-atlas-pour-preserver-la-biodiversite\" target=\"_blank\" rel=\"nofollow noopener\">biodiversit\u00e9<\/a>, maire de <a href=\"https:\/\/www.laprovence.com\/bouches-du-rhone\/simiane-collongue-13107\/page-2\" target=\"_blank\" rel=\"nofollow noopener\">Simiane-Collongue<\/a> et tr\u00e8s grand passionn\u00e9 d\u2019histoire.<\/p>\n<p>Accompagn\u00e9es d\u2019H\u00e9l\u00e8ne Gente, maire de Mallemort, et de plusieurs \u00e9lus des deux communes, les trois personnalit\u00e9s politiques ont donc officialis\u00e9 ce lundi 2\u00a0juin, en mairie d\u2019Alleins, la demande d\u2019arr\u00eat\u00e9 pr\u00e9fectoral de protection des biotopes, APPB, pour la Crau du Piboulon.<\/p>\n<p>Cette concr\u00e9tisation environnementale souhait\u00e9e par la M\u00e9tropole Aix-Provence-Marseille est une r\u00e9ussite \u00e0 bien des \u00e9gards. Elle r\u00e9compense tout le travail men\u00e9 par les deux communes, commenc\u00e9 par \u00ab\u00a0La parole aux citoyens\u00a0\u00bb c\u00f4t\u00e9 mallemortais, et par le \u00ab\u00a0Cade\u00a0\u00bb sur Alleins. \u00ab\u00a0C\u2019est un r\u00e9el engagement m\u00e9tropolitain voulu par Martine Vassal qui acte un choix fort, une priorit\u00e9 pour les g\u00e9n\u00e9rations futures\u00a0\u00bb, indique le conseiller m\u00e9tropolitain.<\/p>\n<p>Vers la cr\u00e9ation de nouvelles r\u00e9serves de biodiversit\u00e9<\/p>\n<p>Cette reconnaissance pourrait ainsi permettre de prot\u00e9ger, sacraliser, de nombreux autres sites du territoire, \u00e0 commencer par le puits de Madame sur les communes de <a href=\"https:\/\/www.laprovence.com\/bouches-du-rhone\/la-barben-13009\" target=\"_blank\" rel=\"nofollow noopener\">La Barben<\/a>, <a href=\"https:\/\/www.laprovence.com\/bouches-du-rhone\/pelissanne-13069\" target=\"_blank\" rel=\"nofollow noopener\">P\u00e9lissanne <\/a>et Lambesc ou encore le vallon nord de l\u2019\u00c9toile, sur Simiane-Collongue et Sept\u00e8mes-les-Vallons, des projets qui vont suivre le m\u00eame processus que la Crau du Piboulon qui fait ainsi figure de pionnier.<\/p>\n<p>Notons que le nom de cette premi\u00e8re r\u00e9serve m\u00e9tropolitaine de biodiversit\u00e9 fait r\u00e9f\u00e9rence \u00e0 la fois aux rares Crau de cette zone, mais aussi au peuplier, piboulon en proven\u00e7al, mis en exergue par le po\u00e8te proven\u00e7al Mistral dans son c\u00e9l\u00e8bre Lou tr\u00e9sor dou <a href=\"https:\/\/www.laprovence.com\/article\/edition-vaucluse\/4059079\/le-felibrige-se-prononce-sur-lappellation-des-regions.html\" target=\"_blank\" rel=\"nofollow noopener\">Felibrige<\/a>. Avec la cr\u00e9ation de cette r\u00e9serve, Philippe Grange a salu\u00e9 le pragmatisme de tous les acteurs, l\u2019action de l\u2019association locale le Cade sur ce sujet, avec Sandrine Faure en particulier. Il est aussi revenu sur cette volont\u00e9 communale\u00a0: \u00ab\u00a0Je pense \u00e0 l\u2019atlas de la biodiversit\u00e9 m\u00e9tropolitain, utile \u00e0 l\u2019\u00e9chelle communale, au label territoire engag\u00e9 pour la nature obtenu en\u00a02022. C\u2019est avec ce cadre structurant que l\u2019on peut avoir cette ambition partag\u00e9e. Nous avons un fil conducteur clair, comme avec la mise en place du pacte pour la transition \u00e9cologique qui r\u00e9pond \u00e0 ces enjeux de biodiversit\u00e9, comme sur la Crau du Piboulon.\u00a0\u00bb<\/p>\n<p>Pour H\u00e9l\u00e8ne Gente, il s\u2019agissait de r\u00e9agir apr\u00e8s un projet photovolta\u00efque sur cette zone qui \u00e9tait une erreur. \u00ab\u00a0Avec Mauricette Agier, l\u2019\u00e9lue \u00e0 l\u2019environnement, nous avons voulu aller vite, comme avec la cr\u00e9ation du comit\u00e9 consultatif environnement. C\u2019est d\u2019ailleurs dans ce cadre qu\u2019a \u00e9t\u00e9 pr\u00e9sent\u00e9e cette proc\u00e9dure d\u2019arr\u00eat\u00e9 de <a href=\"https:\/\/www.laprovence.com\/article\/region\/52521390860661\/biotope-leader-europeen-dans-lenvironnement-aide-la-nature-a-reprendre-ses-droits-a-la-barben\" target=\"_blank\" rel=\"nofollow noopener\">protection de biotope <\/a>pour le Piboulon.\u00a0\u00bb Philippe Ardhuin, pour sa part, a salu\u00e9 ce projet remarquable \u00e0 plus d\u2019un titre. Il est revenu sur la r\u00e9ussite de l\u2019atlas de la biodiversit\u00e9 m\u00e9tropolitain, lanc\u00e9 en\u00a02022. \u00ab\u00a0Gr\u00e2ce \u00e0 lui, on a trouv\u00e9 des choses exceptionnelles, plus de\u00a06\u00a0000 esp\u00e8ces, sur l\u2019ensemble du territoire. Comme ici au Piboulon. C\u2019est un excellent d\u00e9but.\u00a0\u00bb<\/p>\n<p>Mettre en valeur le patrimoine naturel local<\/p>\n<p>Le paradoxe r\u00e9side dans le fait que ce patrimoine naturel local avait \u00e9t\u00e9 mis en lumi\u00e8re \u00e0 l\u2019occasion d\u2019un premier projet photovolta\u00efque de la<a href=\"https:\/\/www.laprovence.com\/article\/politique\/30927593763085\/ce-mille-feuille-technique-est-mortifere-les-patrons-provencaux-pour-une-europe-simplifiee\" target=\"_blank\" rel=\"nofollow noopener\"> soci\u00e9t\u00e9 Voltalia<\/a>, sur la commune d\u2019Alleins en\u00a02014, rapidement abandonn\u00e9. Puis par un deuxi\u00e8me, plus cons\u00e9quent, toujours avec la m\u00eame entreprise. Rapidement \u00ab\u00a0La parole aux citoyens\u00a0\u00bb avait alert\u00e9 sur la nature du site, avait lanc\u00e9 une p\u00e9tition, une r\u00e9union publique, d\u00e9pos\u00e9 un recours au tribunal administratif. Finalement la mairie n\u2019avait pas prolong\u00e9 sa promesse de bail et la soci\u00e9t\u00e9 Voltalia abandonnait d\u00e9finitivement ce projet en\u00a02021, avant cet heureux d\u00e9nouement donc.<\/p>\n<p>Cette r\u00e9serve de biodiversit\u00e9 du Piboulon acte aussi le travail r\u00e9alis\u00e9 durant dix ans par l\u2019association mallemortaise \u00ab\u00a0La parole aux citoyens\u00a0\u00bb. \u00ab\u00a0C\u2019est pour nous l\u2019aboutissement d\u2019engagements pour prot\u00e9ger cet espace de biodiversit\u00e9 exceptionnel\u00a0\u00bb, pr\u00e9cise Muriel Platon, membre de l\u2019association. Elle revient sur un premier travail de Georges Guende, <a href=\"https:\/\/www.laprovence.com\/article\/sortie-loisirs\/18378909996187\/a-bouc-bel-air-les-passionnes-de-botanique-ont-inaugure-les-journees-des-plantes-aux-jardins-d-albertas\" target=\"_blank\" rel=\"nofollow noopener\">botaniste <\/a>du parc du Luberon, qui avait fait un inventaire de la flore du Piboulon et qui avait alors alert\u00e9 sur la richesse exceptionnelle du site.<\/p>\n<p>Un travail de mise en lumi\u00e8re de rares vestiges<\/p>\n<p>On se souvient aussi du travail remarquable, en\u00a02018, de Thierry Dutoit, directeur de recherche au Centre national de recherche scientifique (CNRS) et directeur d\u00e9l\u00e9gu\u00e9 \u00e0 l\u2019Institut m\u00e9diterran\u00e9en de biodiversit\u00e9 et d\u2019\u00e9cologie qui avait d\u00e9couvert sur 100\u00a0m\u00b2 plus de 90 esp\u00e8ces v\u00e9g\u00e9tales, d\u00e9nombr\u00e9 une douzaine de vari\u00e9t\u00e9s d\u2019<a href=\"https:\/\/www.laprovence.com\/article\/edition-martigues-istres\/3893573\/decouvrir-les-orchidees-pour-mieux-les-proteger.html\" target=\"_blank\" rel=\"nofollow noopener\">orchid\u00e9es <\/a>dont l\u2019anacamptis Coriophora, avec plusieurs milliers de pieds sur la Crau d\u2019Alleins et de Mallemort et deux esp\u00e8ces prot\u00e9g\u00e9es, la serapias parviflora, au niveau national, et l\u2019ophrys provincialis, pour la r\u00e9gion Paca. Notons que le directeur de recherche a aussi grandement contribu\u00e9 \u00e0 la mise en lumi\u00e8re de tr\u00e8s rares vestiges de Crau dite ancienne, de la vall\u00e9e de la Durance avec une formation visible de poudingue, une roche s\u00e9dimentaire tr\u00e8s caract\u00e9ristique, un amalgame de calcaire et de galets.<\/p>\n<p>On peut aussi mentionner l\u2019inventaire r\u00e9alis\u00e9 par la ligue de protection des oiseaux \u00e0 la demande de la <a href=\"https:\/\/www.laprovence.com\/article\/region\/2278838050288615\/chaque-chose-en-son-temps-a-alleins-philippe-grange-laisse-planer-le-doute-sur-sa-candidature-en-2026\" target=\"_blank\" rel=\"nofollow noopener\">mairie d\u2019Allein<\/a>s, de Pascale Urhan, \u00e9lue \u00e0 l\u2019environnement. \u00ab\u00a0Nous \u00e9tions l\u00e0 lors de l\u2019identification du papillon l\u2019azur\u00e9 du baguenaudier\u00a0\u00bb, l\u00e2che Muriel. Un papillon dont l\u2019habitat a justement \u00e9t\u00e9 pr\u00e9sent\u00e9 ce lundi 2\u00a0juin par la LPO, \u00ab\u00a0un papillon rare et fragile dont la larve est pondue dans la gousse de la plante et qui cohabite en symbiose avec les fourmis\u00a0\u00bb.<\/p>\n<p>LPAC salue \u00e9galement la pr\u00e9sence continue et pr\u00e9cieuse du comit\u00e9 allensois de d\u00e9fense de l\u2019environnement, le Cade mais aussi la d\u00e9cision du maire, H\u00e9l\u00e8ne Gente qui n\u2019a pas renouvel\u00e9 le bail aupr\u00e8s de la soci\u00e9t\u00e9 Voltalia et ainsi \u00ab\u00a0\u00e9vit\u00e9 la d\u00e9gradation du site.\u00a0\u00bb<\/p>\n","protected":false},"excerpt":{"rendered":"Seules deux bornes cadastrales napol\u00e9oniennes t\u00e9moignent de la limite des communes d\u2019Alleins et Mallemort sur le site du&hellip;\n","protected":false},"author":2,"featured_media":154050,"comment_status":"","ping_status":"","sticky":false,"template":"","format":"standard","meta":{"footnotes":""},"categories":[9619],"tags":[17,1111,11,28027,12668,10123,2834,436,1777,674,1011,27,28026,12,28025,882,25,16637,2310],"class_list":{"0":"post-154049","1":"post","2":"type-post","3":"status-publish","4":"format-standard","5":"has-post-thumbnail","7":"category-toulon","8":"tag-17","9":"tag-actu","10":"tag-actualites","11":"tag-alleins","12":"tag-cheval","13":"tag-crau","14":"tag-entre","15":"tag-environnement","16":"tag-eu","17":"tag-europe","18":"tag-fr","19":"tag-france","20":"tag-mallemort","21":"tag-news","22":"tag-piboulon","23":"tag-provence-alpes-cote-dazur","24":"tag-republique-francaise","25":"tag-situee","26":"tag-toulon"},"share_on_mastodon":{"url":"https:\/\/pubeurope.com\/@fr\/114631040212225467","error":""},"_links":{"self":[{"href":"https:\/\/www.europesays.com\/fr\/wp-json\/wp\/v2\/posts\/154049","targetHints":{"allow":["GET"]}}],"collection":[{"href":"https:\/\/www.europesays.com\/fr\/wp-json\/wp\/v2\/posts"}],"about":[{"href":"https:\/\/www.europesays.com\/fr\/wp-json\/wp\/v2\/types\/post"}],"author":[{"embeddable":true,"href":"https:\/\/www.europesays.com\/fr\/wp-json\/wp\/v2\/users\/2"}],"replies":[{"embeddable":true,"href":"https:\/\/www.europesays.com\/fr\/wp-json\/wp\/v2\/comments?post=154049"}],"version-history":[{"count":0,"href":"https:\/\/www.europesays.com\/fr\/wp-json\/wp\/v2\/posts\/154049\/revisions"}],"wp:featuredmedia":[{"embeddable":true,"href":"https:\/\/www.europesays.com\/fr\/wp-json\/wp\/v2\/media\/154050"}],"wp:attachment":[{"href":"https:\/\/www.europesays.com\/fr\/wp-json\/wp\/v2\/media?parent=154049"}],"wp:term":[{"taxonomy":"category","embeddable":true,"href":"https:\/\/www.europesays.com\/fr\/wp-json\/wp\/v2\/categories?post=154049"},{"taxonomy":"post_tag","embeddable":true,"href":"https:\/\/www.europesays.com\/fr\/wp-json\/wp\/v2\/tags?post=154049"}],"curies":[{"name":"wp","href":"https:\/\/api.w.org\/{rel}","templated":true}]}}