{"id":154069,"date":"2025-06-05T13:51:15","date_gmt":"2025-06-05T13:51:15","guid":{"rendered":"https:\/\/www.europesays.com\/fr\/154069\/"},"modified":"2025-06-05T13:51:15","modified_gmt":"2025-06-05T13:51:15","slug":"strasbourg-michel-deneken-nomme-cure-a-la-roberstau","status":"publish","type":"post","link":"https:\/\/www.europesays.com\/fr\/154069\/","title":{"rendered":"Strasbourg. Michel Deneken nomm\u00e9 cur\u00e9 \u00e0 la Roberstau"},"content":{"rendered":"<p class=\"wp-block-post-excerpt__excerpt\">Michel Deneken, pr\u00e9sident de l\u2019Universit\u00e9 de Strasbourg entre d\u00e9cembre 2016 et mars 2025, a \u00e9t\u00e9 nomm\u00e9 cur\u00e9 de la paroisse catholique Saint-Louis, dans le quartier de la Robertsau. <\/p>\n<p class=\"font-sans\">\n\t\t\tCet article est en acc\u00e8s libre. Pour soutenir Rue89 Strasbourg,<br \/>\n\t\t\t<a class=\"underline\" href=\"https:\/\/www.rue89strasbourg.com\/abonnement\" rel=\"nofollow noopener\" target=\"_blank\">abonnez-vous<\/a>.\n\t\t<\/p>\n<p>Dorian Mao<\/p>\n<p>Publi\u00e9 le 5 juin 2025\u00a0\u00a0\u00b7\u00a0\u00a0<\/p>\n<p>Imprim\u00e9 le 5 juin 2025 \u00e0 15h35\u00a0\u00a0\u00b7\u00a0\u00a0<\/p>\n<p>\t\t\t\t\t1\u00a0minute\n<\/p>\n<p class=\"has-drop-cap\">Retour dans les ordres pour Michel Deneken. L\u2019ancien pr\u00e9sident de l\u2019Universit\u00e9 de Strasbourg (Unistra), qui a termin\u00e9 son second mandat en mars, a \u00e9t\u00e9 nomm\u00e9 par l\u2019archev\u00eaque de Strasbourg au poste de cur\u00e9 de la paroisse catholique Saint-Louis, situ\u00e9 dans le quartier la Robertsau.<\/p>\n<p>Publi\u00e9e au conditionnel sur le<a href=\"https:\/\/www.robertsau.eu\/micheldenekennouveaucure\/\" rel=\"nofollow noopener\" target=\"_blank\"> blog de la Robertsau<\/a>, l\u2019information a \u00e9t\u00e9 confirm\u00e9e par la chancellerie de l\u2019Archev\u00each\u00e9 de Strasbourg aupr\u00e8s de Rue89 Strasbourg. Consid\u00e9r\u00e9 comme <a href=\"https:\/\/www.francebleu.fr\/infos\/politique\/strasbourg-a-un-an-des-municipales-les-grandes-manoeuvres-ont-commence-6658353\" rel=\"nofollow noopener\" target=\"_blank\">un potentiel candidat<\/a> pour les municipales de 2026, l\u2019homme d\u2019\u00c9glise de 67 ans doit prendre ses nouvelles fonctions eccl\u00e9siastiques \u00e0 partir du 1er\u00a0septembre.<\/p>\n<p><a href=\"https:\/\/www.rue89strasbourg.com\/abonnement\" rel=\"nofollow noopener\" target=\"_blank\"><img loading=\"lazy\" decoding=\"async\" width=\"970\" height=\"250\" src=\"https:\/\/www.europesays.com\/fr\/wp-content\/uploads\/2025\/05\/bannie\u0300re-autopromo-2025-desktop-1.gif\" alt=\"\" class=\"wp-image-343590\" style=\"width:792px\"\/><\/a><\/p>\n<p><a href=\"https:\/\/www.rue89strasbourg.com\/abonnement\" rel=\"nofollow noopener\" target=\"_blank\"><img loading=\"lazy\" decoding=\"async\" width=\"300\" height=\"300\" src=\"https:\/\/www.europesays.com\/fr\/wp-content\/uploads\/2025\/05\/bannieres@2x.png\" alt=\"\" class=\"wp-image-341656\"  \/><\/a><\/p>\n<p>Une nomination en attente d\u2019agr\u00e9ment pr\u00e9fectoral<\/p>\n<p>Originaire de Lingolsheim, Michel Deneken est docteur en th\u00e9ologie catholique. Ordonn\u00e9 pr\u00eatre au dioc\u00e8se de Strasbourg en 1985, il a \u00e9t\u00e9 le premier homme d\u2019\u00c9glise \u00e0 prendre la t\u00eate d\u2019une universit\u00e9 fran\u00e7aise lors de son <a href=\"https:\/\/www.rue89strasbourg.com\/michel-deneken-elu-president-unistra-114398\" rel=\"nofollow noopener\" target=\"_blank\">\u00e9lection \u00e0 la pr\u00e9sidence de l\u2019Unistra<\/a> en d\u00e9cembre 2016.<\/p>\n<p>Avant sa nomination officielle \u00e0 la t\u00eate de la paroisse Saint-Louis, une derni\u00e8re \u00e9tape administrative est en cours \u00e0 la Pr\u00e9fecture. \u00ab\u00a0La proc\u00e9dure est dans les tuyaux. Nous attendons l\u2019agr\u00e9ment pr\u00e9fectoral pour officialiser cette nomination, mais cela ne devrait pas poser probl\u00e8me. On esp\u00e8re que cela arrivera avant d\u00e9but juillet\u00a0\u00bb, indique la chancellerie de l\u2019Archev\u00each\u00e9 de Strasbourg aupr\u00e8s de Rue89 Strasbourg.<\/p>\n<p>Contact\u00e9 \u00e0 plusieurs reprises, Michel Deneken n\u2019a pas r\u00e9pondu \u00e0 nos sollicitations avant la publication de cet article.<\/p>\n","protected":false},"excerpt":{"rendered":"Michel Deneken, pr\u00e9sident de l\u2019Universit\u00e9 de Strasbourg entre d\u00e9cembre 2016 et mars 2025, a \u00e9t\u00e9 nomm\u00e9 cur\u00e9 de&hellip;\n","protected":false},"author":2,"featured_media":154070,"comment_status":"","ping_status":"","sticky":false,"template":"","format":"standard","meta":{"footnotes":""},"categories":[2820],"tags":[1111,11,8305,1777,674,1011,27,775,28402,12,25,9560,640],"class_list":{"0":"post-154069","1":"post","2":"type-post","3":"status-publish","4":"format-standard","5":"has-post-thumbnail","7":"category-strasbourg","8":"tag-actu","9":"tag-actualites","10":"tag-eglise-catholique","11":"tag-eu","12":"tag-europe","13":"tag-fr","14":"tag-france","15":"tag-grand-est","16":"tag-michel-deneken","17":"tag-news","18":"tag-republique-francaise","19":"tag-robertsau","20":"tag-strasbourg"},"share_on_mastodon":{"url":"https:\/\/pubeurope.com\/@fr\/114631087481043642","error":""},"_links":{"self":[{"href":"https:\/\/www.europesays.com\/fr\/wp-json\/wp\/v2\/posts\/154069","targetHints":{"allow":["GET"]}}],"collection":[{"href":"https:\/\/www.europesays.com\/fr\/wp-json\/wp\/v2\/posts"}],"about":[{"href":"https:\/\/www.europesays.com\/fr\/wp-json\/wp\/v2\/types\/post"}],"author":[{"embeddable":true,"href":"https:\/\/www.europesays.com\/fr\/wp-json\/wp\/v2\/users\/2"}],"replies":[{"embeddable":true,"href":"https:\/\/www.europesays.com\/fr\/wp-json\/wp\/v2\/comments?post=154069"}],"version-history":[{"count":0,"href":"https:\/\/www.europesays.com\/fr\/wp-json\/wp\/v2\/posts\/154069\/revisions"}],"wp:featuredmedia":[{"embeddable":true,"href":"https:\/\/www.europesays.com\/fr\/wp-json\/wp\/v2\/media\/154070"}],"wp:attachment":[{"href":"https:\/\/www.europesays.com\/fr\/wp-json\/wp\/v2\/media?parent=154069"}],"wp:term":[{"taxonomy":"category","embeddable":true,"href":"https:\/\/www.europesays.com\/fr\/wp-json\/wp\/v2\/categories?post=154069"},{"taxonomy":"post_tag","embeddable":true,"href":"https:\/\/www.europesays.com\/fr\/wp-json\/wp\/v2\/tags?post=154069"}],"curies":[{"name":"wp","href":"https:\/\/api.w.org\/{rel}","templated":true}]}}