{"id":154073,"date":"2025-06-05T13:53:13","date_gmt":"2025-06-05T13:53:13","guid":{"rendered":"https:\/\/www.europesays.com\/fr\/154073\/"},"modified":"2025-06-05T13:53:13","modified_gmt":"2025-06-05T13:53:13","slug":"cette-reforme-nous-reste-en-travers-de-la-gorge-pourquoi-ils-manifestent-a-nice-ce-jeudi","status":"publish","type":"post","link":"https:\/\/www.europesays.com\/fr\/154073\/","title":{"rendered":"\u00ab\u00a0Cette r\u00e9forme nous reste en travers de la gorge\u00a0\u00bb: pourquoi ils manifestent \u00e0 Nice ce jeudi"},"content":{"rendered":"<p>\u00ab\u00a064 ans, c&rsquo;est non\u00a0\u00bb, \u00ab\u00a0Nous ne battons pas en retraite\u00a0\u00bb.<\/p>\n<p>Ils ont r\u00e9pondu \u00e0 l&rsquo;appel de gr\u00e8ve national \u00e0 Nice ce jeudi 5 juin. Une date choisie tout sauf au hasard puisqu&rsquo;elle correspond \u00e0 la pr\u00e9sentation d&rsquo;une r\u00e9solution d\u00e9pos\u00e9e par le groupe GDR (communistes et ultra-marins) \u00e0 l&rsquo;Assembl\u00e9e nationale. Si le texte n&rsquo;a pas valeur l\u00e9gislative, il demande l&rsquo;abrogation de la r\u00e9forme des retraites. Ce qui a permis aux d\u00e9put\u00e9s de se prononcer sur le sujet pour la premi\u00e8re fois via un vote &#8211; pour rappel l&rsquo;usage du 49-3 par Elisabeth Borne les en avait emp\u00each\u00e9s.<\/p>\n<p>Alors voir que 198 parlementaires (1) ont fait entendre leur opposition le matin m\u00eame au report de l&rsquo;\u00e2ge de d\u00e9part, cela fait r\u00e9agir Patrick Santo, secr\u00e9taire de l\u2019Union d\u00e9partementale CGT 06: \u00ab\u00a0Pour \u00e9viter de perdre \u00e0 plate couture, la droite et le centre ont rechign\u00e9 \u00e0 venir voter. J\u2019appelle \u00e7a la d\u00e9mocratie du dimanche. On attendait un peu plus de s\u00e9rieux de leur part. En termes de valeurs port\u00e9es pour les jeunes g\u00e9n\u00e9rations\u2026 on peut mieux faire.\u00a0\u00bb<\/p>\n<p>Sur la place Mass\u00e9na, les diff\u00e9rents secteurs professionnels se rassemblent pour porter leurs revendications : des salaires plus \u00e9lev\u00e9s et l\u2019abrogation du texte suscitant la col\u00e8re. \u00ab\u00a0Les Fran\u00e7ais sont majoritairement contre la r\u00e9forme\u00a0\u00bb, indique Matthew Viola, secr\u00e9taire Fapt CGT 06 en citant le dernier sondage IFOP\/CGT relevant que 61% des citoyens \u00ab\u00a0estiment qu\u2019il faut revenir \u00e0 la retraite \u00e0 62 ans dont 68% des salari\u00e9s\u00a0\u00bb.<\/p>\n<p>Se projeter dans un quotidien au turbin au-del\u00e0 de cet \u00e2ge, tr\u00e8s peu pour tous. Et notamment les soignants ! En t\u00e9moignent ces deux infirmi\u00e8res de l\u2019h\u00f4pital de Menton qui ironisent: \u00ab\u00a0On va devoir se d\u00e9placer dans les couloirs en d\u00e9ambulateur entre les patients?\u00a0\u00bb Face aux nombreuses promesses, dont celle de prendre soin des blouses blanches, elles soupirent: \u00ab\u00a0Ce ne sont que des mots. On a besoin de moyens.\u00a0\u00bb<\/p>\n<p>Le manque de solutions concr\u00e8tes pour la d\u00e9fense des services publics fait grincer des dents, laisse un go\u00fbt amer aux participants. \u00ab\u00a0On sent que les jeunes sont inquiets de l\u2019\u00e9volution de leurs parcours de formation, alors entrer sur le march\u00e9 du travail avec la projection des 64 ans c\u2019est quelque chose de compliqu\u00e9. D\u2019autant qu\u2019ils sont pouss\u00e9s \u00e0 entrer de plus en plus t\u00f4t dans le monde du travail\u00a0\u00bb, commente Mario Dupr\u00e9 co-secr\u00e9taire g\u00e9n\u00e9rale d\u2019Educ\u2019action 06 qui rel\u00e8ve l\u2019impact de la r\u00e9forme sur les professions f\u00e9minis\u00e9es: \u00ab\u00a0Bien souvent les femmes ont des carri\u00e8res fractionn\u00e9es, ce texte va encore renforcer des in\u00e9galit\u00e9s.\u00a0\u00bb<\/p>\n<p>De quoi r\u00e9activer le mouvement particuli\u00e8rement suivi dans les cort\u00e8ges en 2023? Impossible de se r\u00e9signer comme le rappelle Anne, professeure de fran\u00e7ais dans un coll\u00e8ge du d\u00e9partement: \u00ab\u00a0On ne l\u00e2che rien. Cette r\u00e9forme nous reste en travers de la gorge.\u00a0\u00bb<\/p>\n<p>1. 35 ont vot\u00e9 contre.<\/p>\n","protected":false},"excerpt":{"rendered":"\u00ab\u00a064 ans, c&rsquo;est non\u00a0\u00bb, \u00ab\u00a0Nous ne battons pas en retraite\u00a0\u00bb. Ils ont r\u00e9pondu \u00e0 l&rsquo;appel de gr\u00e8ve national&hellip;\n","protected":false},"author":2,"featured_media":154074,"comment_status":"","ping_status":"","sticky":false,"template":"","format":"standard","meta":{"footnotes":""},"categories":[2819],"tags":[1111,11,1777,674,1011,27,802,12,2401,882,25,801],"class_list":{"0":"post-154073","1":"post","2":"type-post","3":"status-publish","4":"format-standard","5":"has-post-thumbnail","7":"category-nice","8":"tag-actu","9":"tag-actualites","10":"tag-eu","11":"tag-europe","12":"tag-fr","13":"tag-france","14":"tag-greves-et-mouvements-sociaux","15":"tag-news","16":"tag-nice","17":"tag-provence-alpes-cote-dazur","18":"tag-republique-francaise","19":"tag-social"},"share_on_mastodon":{"url":"https:\/\/pubeurope.com\/@fr\/114631095262404270","error":""},"_links":{"self":[{"href":"https:\/\/www.europesays.com\/fr\/wp-json\/wp\/v2\/posts\/154073","targetHints":{"allow":["GET"]}}],"collection":[{"href":"https:\/\/www.europesays.com\/fr\/wp-json\/wp\/v2\/posts"}],"about":[{"href":"https:\/\/www.europesays.com\/fr\/wp-json\/wp\/v2\/types\/post"}],"author":[{"embeddable":true,"href":"https:\/\/www.europesays.com\/fr\/wp-json\/wp\/v2\/users\/2"}],"replies":[{"embeddable":true,"href":"https:\/\/www.europesays.com\/fr\/wp-json\/wp\/v2\/comments?post=154073"}],"version-history":[{"count":0,"href":"https:\/\/www.europesays.com\/fr\/wp-json\/wp\/v2\/posts\/154073\/revisions"}],"wp:featuredmedia":[{"embeddable":true,"href":"https:\/\/www.europesays.com\/fr\/wp-json\/wp\/v2\/media\/154074"}],"wp:attachment":[{"href":"https:\/\/www.europesays.com\/fr\/wp-json\/wp\/v2\/media?parent=154073"}],"wp:term":[{"taxonomy":"category","embeddable":true,"href":"https:\/\/www.europesays.com\/fr\/wp-json\/wp\/v2\/categories?post=154073"},{"taxonomy":"post_tag","embeddable":true,"href":"https:\/\/www.europesays.com\/fr\/wp-json\/wp\/v2\/tags?post=154073"}],"curies":[{"name":"wp","href":"https:\/\/api.w.org\/{rel}","templated":true}]}}