{"id":154079,"date":"2025-06-05T13:58:13","date_gmt":"2025-06-05T13:58:13","guid":{"rendered":"https:\/\/www.europesays.com\/fr\/154079\/"},"modified":"2025-06-05T13:58:13","modified_gmt":"2025-06-05T13:58:13","slug":"girondins-cedric-yambere-selectionne-avec-la-centrafrique","status":"publish","type":"post","link":"https:\/\/www.europesays.com\/fr\/154079\/","title":{"rendered":"Girondins : C\u00e9dric Yamb\u00e9r\u00e9 s\u00e9lectionn\u00e9 avec la Centrafrique"},"content":{"rendered":"<p><img decoding=\"async\" src=\"https:\/\/www.europesays.com\/fr\/wp-content\/uploads\/2025\/06\/671_b3229d8f10c6a245a87a9d32f80061f7.jpg\" alt=\"Girondins : C\u00e9dric Yamb\u00e9r\u00e9 s\u00e9lectionn\u00e9 avec la Centrafrique \" class=\"img-responsive mt-3\"\/><\/p>\n<p class=\"text-center mb-3\" style=\"font-size: 14px\">\u00a9 Iconsport<\/p>\n<p style=\"text-align: justify;\">Le capitaine des Girondins de Bordeaux C\u00e9dric Yamb\u00e9r\u00e9 a \u00e9t\u00e9 retenu parmi les 24 joueurs qui disputeront deux matchs amicaux avec la s\u00e9lection centrafricaine.<\/p>\n<p style=\"text-align: justify;\">Auparavant, le d\u00e9fenseur central de 34 ans a d\u00e9j\u00e0 connu 17 s\u00e9lections avec son pays.<\/p>\n<p style=\"text-align: justify;\">Les rencontres programm\u00e9es opposeront la Centrafrique \u00e0 la Mauritanie le vendredi 6 juin \u00e0 21h et face au Soudan le mardi 10 juin \u00e0 18h.<\/p>\n<p style=\"text-align: justify;\">La s\u00e9lection compl\u00e8te :<\/p>\n<p style=\"text-align: justify;\"><img decoding=\"async\" src=\"https:\/\/www.europesays.com\/fr\/wp-content\/uploads\/2025\/06\/Capture d\u2019e\u0301cran 2025-06-05 a\u0300 14.06.54.png\" alt=\"Capture d\u2019e\u0301cran 2025-06-05 a\u0300 14.06.54.png (3.25 MB)\" style=\"width:600px;max-width:100%;\"\/><\/p>\n<p style=\"text-align: justify;\">\u00a0<\/p>\n<p style=\"text-align: justify;\">\u00c0 lire aussi &gt;&gt; <strong><a href=\"https:\/\/www.webgirondins.com\/actualite-girondins-benoit-tremoulinas-balance-a-bordeaux-on-ne-veut-plus-voir-monsieur-lopez-et-monsieur-de-carli-129304\" target=\"_blank\" rel=\"noopener nofollow\">Beno\u00eet Tr\u00e9moulinas balance : \u00ab\u00a0\u00c0 Bordeaux on ne veut plus voir monsieur Lopez et monsieur De Carli\u00a0\u00bb<\/a><\/strong><\/p>\n<p style=\"text-align: justify;\">Notre podcast court \u00e0 \u00e9couter ici :<\/p>\n<p>\u00a0<\/p>\n","protected":false},"excerpt":{"rendered":"\u00a9 Iconsport Le capitaine des Girondins de Bordeaux C\u00e9dric Yamb\u00e9r\u00e9 a \u00e9t\u00e9 retenu parmi les 24 joueurs qui&hellip;\n","protected":false},"author":2,"featured_media":154080,"comment_status":"","ping_status":"","sticky":false,"template":"","format":"standard","meta":{"footnotes":""},"categories":[2817],"tags":[1111,11,28408,28404,3396,1997,13767,28403,4070,28406,28407,1777,674,1011,27,1987,1441,3388,12,2219,11667,471,25,11670,28405,13768],"class_list":{"0":"post-154079","1":"post","2":"type-post","3":"status-publish","4":"format-standard","5":"has-post-thumbnail","7":"category-bordeaux","8":"tag-actu","9":"tag-actualites","10":"tag-amicaux","11":"tag-appele","12":"tag-avec","13":"tag-bordeaux","14":"tag-cedric","15":"tag-centrafrique","16":"tag-deux","17":"tag-eloge","18":"tag-enza","19":"tag-eu","20":"tag-europe","21":"tag-fr","22":"tag-france","23":"tag-girondins","24":"tag-joueur","25":"tag-matchs","26":"tag-news","27":"tag-nouvelle-aquitaine","28":"tag-participer","29":"tag-pour","30":"tag-republique-francaise","31":"tag-selectionne","32":"tag-selectionneur","33":"tag-yambere"},"share_on_mastodon":{"url":"https:\/\/pubeurope.com\/@fr\/114631115166342035","error":""},"_links":{"self":[{"href":"https:\/\/www.europesays.com\/fr\/wp-json\/wp\/v2\/posts\/154079","targetHints":{"allow":["GET"]}}],"collection":[{"href":"https:\/\/www.europesays.com\/fr\/wp-json\/wp\/v2\/posts"}],"about":[{"href":"https:\/\/www.europesays.com\/fr\/wp-json\/wp\/v2\/types\/post"}],"author":[{"embeddable":true,"href":"https:\/\/www.europesays.com\/fr\/wp-json\/wp\/v2\/users\/2"}],"replies":[{"embeddable":true,"href":"https:\/\/www.europesays.com\/fr\/wp-json\/wp\/v2\/comments?post=154079"}],"version-history":[{"count":0,"href":"https:\/\/www.europesays.com\/fr\/wp-json\/wp\/v2\/posts\/154079\/revisions"}],"wp:featuredmedia":[{"embeddable":true,"href":"https:\/\/www.europesays.com\/fr\/wp-json\/wp\/v2\/media\/154080"}],"wp:attachment":[{"href":"https:\/\/www.europesays.com\/fr\/wp-json\/wp\/v2\/media?parent=154079"}],"wp:term":[{"taxonomy":"category","embeddable":true,"href":"https:\/\/www.europesays.com\/fr\/wp-json\/wp\/v2\/categories?post=154079"},{"taxonomy":"post_tag","embeddable":true,"href":"https:\/\/www.europesays.com\/fr\/wp-json\/wp\/v2\/tags?post=154079"}],"curies":[{"name":"wp","href":"https:\/\/api.w.org\/{rel}","templated":true}]}}