{"id":15408,"date":"2025-04-10T16:35:16","date_gmt":"2025-04-10T16:35:16","guid":{"rendered":"https:\/\/www.europesays.com\/fr\/15408\/"},"modified":"2025-04-10T16:35:16","modified_gmt":"2025-04-10T16:35:16","slug":"pourquoi-leurope-doit-redoubler-de-vigilance","status":"publish","type":"post","link":"https:\/\/www.europesays.com\/fr\/15408\/","title":{"rendered":"pourquoi l\u2019Europe doit redoubler de vigilance"},"content":{"rendered":"<p>             <a href=\"https:\/\/ma-sante.news\/wp-content\/uploads\/2025\/04\/bacterie-resistante-antibiotiques-antibioresistance-europe-france-alerte-Ma-Sante.jpeg\" data-caption=\"En France, d&#039;ici 2050, on estime que 238 000 personnes mourront des suites de l&#039;antibior\u00e9sistance, selon sante.gouv. \u00a9 Adobe Stock\" rel=\"nofollow noopener\" target=\"_blank\"><img loading=\"lazy\" decoding=\"async\" width=\"696\" height=\"481\" class=\"entry-thumb td-modal-image\" src=\"data:image\/svg+xml,%3Csvg%20xmlns=\" http:=\"\" data-lazy- data-lazy- alt=\"Un m\u00e9decin qui examine les bact\u00e9ries r\u00e9sistantes aux antibiotiques.\" title=\"bacte\u0301rie re\u0301sistante antibiotiques antibiore\u0301sistance europe france alerte Ma Sante\u0301\" data-lazy-src=\"https:\/\/www.europesays.com\/fr\/wp-content\/uploads\/2025\/04\/bacterie-resistante-antibiotiques-antibioresistance-europe-france-alerte-Ma-Sante-696x481.jpeg\"\/><\/a>En France, d&rsquo;ici 2050, on estime que 238 000 personnes mourront des suites de l&rsquo;antibior\u00e9sistance, selon sante.gouv. \u00a9 Adobe Stock                                    \t\t\t             <a class=\"gofollow\" data-track=\"MjgsMCwxLDYw\" href=\"https:\/\/ma-sante.news\/inscrivez-vous-a-notre-newsletter\/\" rel=\"nofollow noopener\" target=\"_blank\"><img loading=\"lazy\" decoding=\"async\" width=\"1068\" height=\"131\" src=\"data:image\/svg+xml,%3Csvg%20xmlns=\" http:=\"\" data-lazy-src=\"https:\/\/www.europesays.com\/fr\/wp-content\/uploads\/2025\/03\/banniere-newsletter.png\"\/><\/a> <\/p>\n<p>Il fut un temps o\u00f9 les antibiotiques \u00e9taient consid\u00e9r\u00e9s comme des m\u00e9dicaments miracles. Une infection ? Une pilule, et le tour \u00e9tait jou\u00e9. Mais aujourd\u2019hui, ce sc\u00e9nario rassurant est en train de s\u2019effriter. De plus en plus de bact\u00e9ries apprennent \u00e0 r\u00e9sister \u00e0 ces traitements. R\u00e9sultat : des maladies autrefois b\u00e9nignes deviennent difficiles, voire impossibles \u00e0 soigner.<\/p>\n<p>Et en Europe, <a href=\"https:\/\/ma-sante.news\/pourquoi-lantibioresistance-est-elle-lune-des-grandes-menaces-de-demain\/\" rel=\"nofollow noopener\" target=\"_blank\">ce ph\u00e9nom\u00e8ne prend une ampleur inqui\u00e9tante, au point de devenir un v\u00e9ritable enjeu de sant\u00e9 publique.<\/a><\/p>\n<p>        Une hausse alarmante des bact\u00e9ries r\u00e9sistantes    <\/p>\n<p>L\u2019Union europ\u00e9enne tire la sonnette d\u2019alarme. D\u2019apr\u00e8s un rapport, publi\u00e9 par Linternaute Sant\u00e9, les cas d\u2019infections sanguines caus\u00e9es par Klebsiella pneumoniae r\u00e9sistante aux antibiotiques ont augment\u00e9 de 57 % entre 2019 et 2022 dans 23 pays membres. Cette bact\u00e9rie, habituellement pr\u00e9sente dans notre intestin sans danger, peut provoquer de graves infections : <a href=\"https:\/\/ma-sante.news\/pneumonie-comment-identifier-les-symptomes\/\" rel=\"nofollow noopener\" target=\"_blank\">pneumonies<\/a>, septic\u00e9mies, voire d\u00e9c\u00e8s.<\/p>\n<p>Autre chiffre pr\u00e9occupant : <a href=\"https:\/\/ma-sante.news\/antibioresistance-menace-antibiotiques\/\" rel=\"nofollow noopener\" target=\"_blank\">plus de 35 000 d\u00e9c\u00e8s par an en Europe seraient li\u00e9s directement \u00e0 des infections r\u00e9sistantes aux antibiotiques<\/a>, selon le Centre europ\u00e9en de pr\u00e9vention et de contr\u00f4le des maladies (ECDC).<\/p>\n<p>        Antibior\u00e9sistance : de quoi parle-t-on exactement ?    <strong>Pourquoi les antibiotiques perdent-ils leur efficacit\u00e9 ?<\/strong>    <\/p>\n<p>La premi\u00e8re cause souvent point\u00e9e du doigt, c\u2019est la surconsommation d\u2019antibiotiques. Que ce soit en m\u00e9decine humaine, en m\u00e9decine v\u00e9t\u00e9rinaire ou dans l\u2019agroalimentaire, les antibiotiques et <a href=\"https:\/\/ma-sante.news\/seroplex-prozac-effexor-alerte-choc-sur-le-risque-de-mort-subite\/\" rel=\"nofollow noopener\" target=\"_blank\">autres m\u00e9dicaments sont parfois utilis\u00e9s de fa\u00e7on abusive ou inappropri\u00e9e. <\/a>R\u00e9sultat : les bact\u00e9ries s\u2019adaptent, mutent, et deviennent plus r\u00e9sistantes.<\/p>\n<p>Mais un point cl\u00e9 a r\u00e9cemment \u00e9t\u00e9 soulev\u00e9 par des chercheurs \u200bde l\u2019Universit\u00e9 d\u2019Oxford, au Royaume-Uni : l\u2019usage intensif des antibiotiques semble surtout jouer un r\u00f4le dans les phases initiales de l\u2019apparition de la r\u00e9sistance. Apr\u00e8s un certain niveau, la r\u00e9sistance atteint un palier, laissant penser que d\u2019autres facteurs, encore mal connus, entrent en jeu. Leurs travaux ont \u00e9t\u00e9 publi\u00e9s dans la revue PLOS Pathogens et sont accessibles via <a href=\"https:\/\/pmc.ncbi.nlm.nih.gov\" rel=\"nofollow noopener\" target=\"_blank\">PubMed Central<\/a>.<\/p>\n<p>        <strong>Des technologies pour mieux d\u00e9tecter\u2026 et pr\u00e9venir<\/strong>    <\/p>\n<p><a href=\"https:\/\/ma-sante.news\/recherche-une-alliance-boehringer-biomerieux-evotec-pour-vaincre-l-antibioresistance\/\" rel=\"nofollow noopener\" target=\"_blank\">Face \u00e0 l\u2019urgence, les chercheurs innovent. <\/a>En Suisse, des scientifiques ont mis au point des capteurs ultrasensibles capables de cibler directement les bact\u00e9ries ultrar\u00e9sistantes. Ces dispositifs pourraient \u00e0 terme permettre des diagnostics plus rapides et plus pr\u00e9cis, et donc un traitement plus cibl\u00e9 et efficace.<\/p>\n<p>De son c\u00f4t\u00e9, l\u2019Universit\u00e9 de Lausanne d\u00e9veloppe un mod\u00e8le d\u2019intelligence artificielle (IA) appel\u00e9 DIA, capable de mieux d\u00e9tecter les r\u00e9sistances bact\u00e9riennes \u00e0 partir de donn\u00e9es cliniques. Une avanc\u00e9e qui pourrait r\u00e9volutionner la prise en charge des infections graves.<\/p>\n<p>        L\u2019approche \u201cOne Health\u201d : une seule sant\u00e9 pour tous    <\/p>\n<p>La lutte contre l\u2019antibior\u00e9sistance ne peut pas se faire en vase clos. C\u2019est tout <a href=\"https:\/\/ma-sante.news\/one-health-cest-quoi-ce-truc\/\" rel=\"nofollow noopener\" target=\"_blank\">le principe du concept \u201cOne Health\u201d<\/a>, soutenu par l\u2019OMS, qui pr\u00f4ne une approche globale de la sant\u00e9 humaine, animale et environnementale.<\/p>\n<p>Le laboratoire Resinfit, bas\u00e9 \u00e0 Limoges, est \u00e0 la pointe de cette strat\u00e9gie. Il coordonne plusieurs projets europ\u00e9ens pour limiter l\u2019usage des antibiotiques, tout en surveillant de pr\u00e8s les \u00e9volutions des r\u00e9sistances. Car oui, agir d\u00e8s maintenant, c\u2019est \u00e9viter que des<a href=\"https:\/\/ma-sante.news\/infections-bacteriennes-graves-usage-anti-inflammatoires-danger-infection\/\" rel=\"nofollow noopener\" target=\"_blank\"> infections aujourd\u2019hui b\u00e9nignes deviennent les fl\u00e9aux de demain.<\/a><\/p>\n<p>\u201cLe risque, \u00e0 terme, serait de perdre tous les progr\u00e8s de la m\u00e9decine moderne, si l\u2019on n\u2019\u00e9tait plus capable de traiter les infections. Une chirurgie banale<a href=\"https:\/\/ma-sante.news\/cataracte-pourquoi-faut-il-se-faire-operer\/\" rel=\"nofollow noopener\" target=\"_blank\">\u00a0comme la cataracte<\/a>\u00a0ne serait plus possible sans antibiotiques pour \u00e9viter l\u2019infection oculaire\u201c, explique le Dr <a href=\"https:\/\/ma-sante.news\/pourquoi-lantibioresistance-est-elle-lune-des-grandes-menaces-de-demain\/\" rel=\"nofollow noopener\" target=\"_blank\">Julien Textoris<\/a>, directeur des affaires m\u00e9dicales chez bioM\u00e9rieux, qui pr\u00e9cise que selon une r\u00e9cente \u00e9tude de l\u2019OMS, \u201cd\u2019ici \u00e0 2050, il pourrait y avoir 39 millions de morts chaque ann\u00e9e directement li\u00e9s \u00e0 la r\u00e9sistance aux antibiotiques\u201c.\u00a0<\/p>\n<p>        Ce que chacun peut faire au quotidien    <\/p>\n<p>En r\u00e9alit\u00e9, pas besoin d\u2019\u00eatre m\u00e9decin pour adopter de bonnes pratiques et limiter les risques d\u2019une antibior\u00e9sistance de votre organisme. Quelques gestes simples peuvent faire l\u2019affaire :<\/p>\n<ul class=\"wp-block-list\">\n<li>Ne jamais prendre d\u2019antibiotiques sans ordonnance.<\/li>\n<li>Suivre scrupuleusement la dur\u00e9e du traitement prescrit.<\/li>\n<li>Ne jamais partager ses antibiotiques avec d\u2019autres personnes.<\/li>\n<li>Pr\u00e9f\u00e9rer la vaccination quand elle existe (<a href=\"https:\/\/ma-sante.news\/grippe-la-campagne-de-vaccination-acheve-faut-il-rester-vigilant\/\" rel=\"nofollow noopener\" target=\"_blank\">grippe<\/a>, <a href=\"https:\/\/ma-sante.news\/infections-a-pneumocoques-le-vaccin-peut-vous-sauver-la-vie\/\" rel=\"nofollow noopener\" target=\"_blank\">pneumocoque<\/a>, etc.).<\/li>\n<\/ul>\n<blockquote class=\"wp-block-quote is-layout-flow wp-block-quote-is-layout-flow\">\n<p><strong>\u00c0 SAVOIR\u00a0<\/strong><\/p>\n<p>Malgr\u00e9 une baisse continue depuis 10 ans de la consommation d\u2019antibiotiques en ville, la France reste le 4\u1d49 pays europ\u00e9en le plus consommateur, derri\u00e8re la Gr\u00e8ce, la Roumanie et la Bulgarie.<\/p>\n<\/blockquote>\n<p>  <a class=\"gofollow\" data-track=\"MTIsMCwxLDYw\" href=\"https:\/\/ma-sante.news\/annonceurs\/\" rel=\"nofollow noopener\" target=\"_blank\"><img loading=\"lazy\" decoding=\"async\" width=\"2560\" height=\"2133\" src=\"data:image\/svg+xml,%3Csvg%20xmlns=\" http:=\"\" data-lazy-src=\"https:\/\/www.europesays.com\/fr\/wp-content\/uploads\/2025\/03\/pub-annonceurs-4-scaled.jpg\"\/><\/a>    <img loading=\"lazy\" decoding=\"async\" width=\"755\" height=\"495\" src=\"data:image\/svg+xml,%3Csvg%20xmlns=\" http:=\"\" data-lazy-src=\"https:\/\/www.europesays.com\/fr\/wp-content\/uploads\/2025\/03\/Image1.jpg\"\/>Inscrivez-vous \u00e0 notre newsletter <br \/>Ma Sant\u00e9                      <\/p>\n","protected":false},"excerpt":{"rendered":"En France, d&rsquo;ici 2050, on estime que 238 000 personnes mourront des suites de l&rsquo;antibior\u00e9sistance, selon sante.gouv. \u00a9&hellip;\n","protected":false},"author":2,"featured_media":15409,"comment_status":"","ping_status":"","sticky":false,"template":"","format":"standard","meta":{"footnotes":""},"categories":[10],"tags":[1011,27,72,5507,71],"class_list":{"0":"post-15408","1":"post","2":"type-post","3":"status-publish","4":"format-standard","5":"has-post-thumbnail","7":"category-sante","8":"tag-fr","9":"tag-france","10":"tag-health","11":"tag-mu00e9dicaments","12":"tag-sante"},"share_on_mastodon":{"url":"https:\/\/pubeurope.com\/@fr\/114314642898939503","error":""},"_links":{"self":[{"href":"https:\/\/www.europesays.com\/fr\/wp-json\/wp\/v2\/posts\/15408","targetHints":{"allow":["GET"]}}],"collection":[{"href":"https:\/\/www.europesays.com\/fr\/wp-json\/wp\/v2\/posts"}],"about":[{"href":"https:\/\/www.europesays.com\/fr\/wp-json\/wp\/v2\/types\/post"}],"author":[{"embeddable":true,"href":"https:\/\/www.europesays.com\/fr\/wp-json\/wp\/v2\/users\/2"}],"replies":[{"embeddable":true,"href":"https:\/\/www.europesays.com\/fr\/wp-json\/wp\/v2\/comments?post=15408"}],"version-history":[{"count":0,"href":"https:\/\/www.europesays.com\/fr\/wp-json\/wp\/v2\/posts\/15408\/revisions"}],"wp:featuredmedia":[{"embeddable":true,"href":"https:\/\/www.europesays.com\/fr\/wp-json\/wp\/v2\/media\/15409"}],"wp:attachment":[{"href":"https:\/\/www.europesays.com\/fr\/wp-json\/wp\/v2\/media?parent=15408"}],"wp:term":[{"taxonomy":"category","embeddable":true,"href":"https:\/\/www.europesays.com\/fr\/wp-json\/wp\/v2\/categories?post=15408"},{"taxonomy":"post_tag","embeddable":true,"href":"https:\/\/www.europesays.com\/fr\/wp-json\/wp\/v2\/tags?post=15408"}],"curies":[{"name":"wp","href":"https:\/\/api.w.org\/{rel}","templated":true}]}}