{"id":154091,"date":"2025-06-05T14:04:15","date_gmt":"2025-06-05T14:04:15","guid":{"rendered":"https:\/\/www.europesays.com\/fr\/154091\/"},"modified":"2025-06-05T14:04:15","modified_gmt":"2025-06-05T14:04:15","slug":"que-faire-a-marseille-ce-week-end-du-6-7-et-8-juin","status":"publish","type":"post","link":"https:\/\/www.europesays.com\/fr\/154091\/","title":{"rendered":"que faire \u00e0 Marseille ce week-end du 6, 7 et 8 juin ?"},"content":{"rendered":"<p>Pour ce week-end du 6, 7 et 8 juin, des \u00e9v\u00e9nements culturels, sportifs mais aussi festifs vous attendent \u00e0 <a href=\"https:\/\/www.laprovence.com\/bouches-du-rhone\/marseille-13055\" target=\"_blank\" rel=\"noopener\">Marseille<\/a>.<\/p>\n<p>CONCERT&#13;\n<\/p>\n<p>Ed Sheeran, un doubl\u00e9 in\u00e9dit \u00e0 l&rsquo;Orange V\u00e9lodrome<\/p>\n<p>Ses m\u00e9lodies ont s\u00e9duit les fans dans le monde entier et il faut compter en milliards d&rsquo;\u00e9coutes pour plusieurs de ses tubes sur les plateformes musicales. \u00c0 titre d&rsquo;exemple, <a href=\"https:\/\/www.laprovence.com\/actu\/en-direct\/6680432\/a-londres-ed-sheeran-accuse-de-plagiat-pour-shape-of-you.html\" target=\"_blank\" rel=\"noopener\">Shape of You<\/a> en compte 6,4\u00a0milliards sur Youtube, contre 3,9 pour Perfect.<\/p>\n<p>Deux titres qui seront parmi les plus attendus du public pour les deux shows d&rsquo;Ed Sheeran \u00e0 l&rsquo;Orange V\u00e9lodrome. Programm\u00e9 vendredi \u00e0 19 h, le premier affichait complet deux heures seulement apr\u00e8s la mise en vente des billets en juillet dernier. Il reste en revanche des billets pour le deuxi\u00e8me round, samedi \u00e0 la m\u00eame heure.<\/p>\n<p>Habitu\u00e9 de longue date des stades, le Britannique ne sera pas d\u00e9pays\u00e9 dans l&rsquo;antre olympien, o\u00f9 il prendra place seul, guitare \u00e0 la main, sur une sc\u00e8ne centrale. La configuration classique de son Mathematics Tour, ainsi nomm\u00e9 en r\u00e9f\u00e9rence \u00e0 ses cinq premiers albums +\u00a0(Plus), x (Multiply), \u00f7 (Divide), =\u00a0(Equals) et &#8211; (Subtract). Dans lesquels l&rsquo;artiste pioche all\u00e8grement pour composer ses setlists. Contrairement \u00e0 l&rsquo;\u00e9chec commercial d&rsquo;Autumn Variations (2023), qui ne devrait pas peser bien lourd lors de ces deux shows.<\/p>\n<p>En revanche, plusieurs chansons de l&rsquo;album Play, dont la sortie est pr\u00e9vue le 12\u00a0septembre, sont attendues. \u00c0 commencer par le hit du moment Azizam, mais aussi Old Phone et Sapphire. Des titres m\u00ealant la douceur et l&rsquo;enthousiasme color\u00e9 de la pop, non sans rappeler d&rsquo;autres succ\u00e8s comme Castle on the Hill ou encore Galway Girl.<\/p>\n<p><strong>Complet ce vendredi 6 juin, places disponibles pour le concert de samedi, \u00e0 l&rsquo;Orange V\u00e9lodrome. www.orangevelodrome.com<\/strong>&#13;\n<\/p>\n<p>FESTIVAL&#13;\n<\/p>\n<p>Le Bon Air \u00e9lectrise La Friche la Belle-de-Mai pendant trois jours et deux nuits<\/p>\n<p>La 10e \u00e9dition du festival le Bon Air se pr\u00e9sente encore une fois avec une programmation pointue mais aussi de forts engagements ainsi que de nouveaux croisements artistiques. <a href=\"https:\/\/www.laprovence.com\/article\/culture-loisirs\/64124467552383\/le-bon-air-un-festival-electro-arty-et-vertueux-a-la-friche-la-belle-de-mai\" target=\"_blank\" rel=\"noopener\">Comme le soulignait, dans notre \u00e9dition de mercredi, le codirecteur au sein de l&rsquo;agence Bi : Pole, Jules Duchmann<\/a>, l&rsquo;aspect \u00e9thique du festival est fortement solidifi\u00e9.<\/p>\n<p><img alt=\"Le Bon Air \u00e9lectrise La Friche la Belle-de-Mai pendant trois jours et deux nuits.\" loading=\"lazy\" decoding=\"async\" data-nimg=\"fill\" class=\" TwicCore_img__i9TC1 undefined  undefined\" style=\"position:absolute;height:100%;width:100%;left:0;top:0;right:0;bottom:0;color:transparent;background-size:cover;background-position:50% 50%;background-repeat:no-repeat;background-image:url(&quot;data:image\/svg+xml;charset=utf-8,%3Csvg xmlns='http:\/\/www.w3.org\/2000\/svg' %3E%3Cfilter id='b' color-interpolation-filters='sRGB'%3E%3CfeGaussianBlur stdDeviation='20'\/%3E%3CfeColorMatrix values='1 0 0 0 0 0 1 0 0 0 0 0 1 0 0 0 0 0 100 -1' result='s'\/%3E%3CfeFlood x='0' y='0' width='100%25' height='100%25'\/%3E%3CfeComposite operator='out' in='s'\/%3E%3CfeComposite in2='SourceGraphic'\/%3E%3CfeGaussianBlur stdDeviation='20'\/%3E%3C\/filter%3E%3Cimage width='100%25' height='100%25' x='0' y='0' preserveAspectRatio='none' style='filter: url(%23b);' href='https:\/\/pictures.laprovence.com\/cdn-cgi\/image\/blur=250\/media\/melody\/2025\/06\/05\/photo-1749130730_961b8b1a704864a1b8b1a7048cd1b8v_.jpg'\/%3E%3C\/svg%3E&quot;)\"   src=\"https:\/\/www.europesays.com\/fr\/wp-content\/uploads\/2025\/06\/photo-1749130730_961b8b1a704864a1b8b1a7048cd1b8v_.jpg\"\/>Le Bon Air \u00e9lectrise La Friche la Belle-de-Mai pendant trois jours et deux nuits. PHOTO VALERIE VREL<\/p>\n<p>Avec notamment la fin du plastique \u00e0 usage unique, y compris pour la signal\u00e9tique, les alternatives locales \u00e0 tous les niveaux de production et de consommation, la lutte contre les violences sexuelles et sexistes ou encore le recours \u00e0 la mobilit\u00e9 douce. Rendez-vous donc dans un festival toujours plus engag\u00e9 pour une f\u00eate plurielle, libre et totale avec une belle programmation \u00e0 d\u00e9couvrir pendant trois jours et deux nuits, en plein air. Les concerts en journ\u00e9e (demain, samedi et dimanche) ont lieu sur le toit-terrasse et le soir (demain et samedi) sur quatre sc\u00e8nes, sans compter la sc\u00e8ne secr\u00e8te.<\/p>\n<p><strong>Folamour, Anetha, DJ Gigola<\/strong><\/p>\n<p>Artistes internationaux et \u00e9mergents seront \u00e0 l&rsquo;affiche tout le week-end avec 60 % de musiciens locaux. On peut citer parmi la programmation tr\u00e8s riche Folamour (sur le toit, demain), artiste phare d&rsquo;une house polymorphe vintage et disco ; Anetha (en DJ set classique demain soir et en live audiovisuel Exhibit\u00a0cr\u00e9\u00e9 avec l&rsquo;artiste Femur samedi soir), r\u00e9f\u00e9rence actuelle d&rsquo;une techno acide programm\u00e9e en cl\u00f4ture des Jeux paralympiques de Paris 2024 ; le duo Bicep (demain en nocturne) qui pr\u00e9sentera son projet Chroma, du nom de son label ; Busy P, pseudo de Pedro Winter, manager de Daft Punk pendant 10 ans et patron du label Ed Bangers (Justice) en b2b in\u00e9dit avec Chlo\u00e9 Caillet (sur le toit, samedi) ; la l\u00e9gende Richie Hawtin (samedi en nocturne) ou encore DJ Gigola pour \u00ab\u00a0La finale\u00a0\u00bb (sur le toit, dimanche) avec ses performances puissantes taill\u00e9es pour le dancefloor.<\/p>\n<p><strong>Performances, expo et cin\u00e9<\/strong><\/p>\n<p>En plus de la programmation musicale, le Bon Air ce sont aussi des performances d\u00e9ambulatoires de danseurs, drags et cr\u00e9atures. Mais aussi la possibilit\u00e9 pour les festivaliers de jour de voir l&rsquo;exposition au Panorama de Sonia Chiambretto, Comme un printemps, je serai nombreuse,\u00a0gr\u00e2ce \u00e0 la collaboration avec Triangle-Ast\u00e9rides. Ou encore gr\u00e2ce au nouveau partenariat avec le FID (Festival international de cin\u00e9ma \u00e0\u00a0Marseille) des courts-m\u00e9trages seront programm\u00e9s pendant les deux nuits, sur la placette.<\/p>\n<p><strong>De demain \u00e0 dimanche \u00e0 La Friche la Belle-de-Mai, 41 rue Jobin (3e) \u00e0 Marseille.<br \/>\u00c0 partir de 36 \u20ac. le-bon-air.com<\/strong>&#13;\n<\/p>\n<p>CIN\u00c9MA&#13;\n<\/p>\n<p>Apr\u00e8s Cannes, la Semaine de la critique s&rsquo;invite \u00e0 Marseille<\/p>\n<p>Chaque ann\u00e9e, <a href=\"https:\/\/www.laprovence.com\/article\/france-monde\/4369382836076914\/liran-des-ovnis-le-flop-americain-cinq-souvenirs-de-cannes\" target=\"_blank\" rel=\"noopener\">au festival de Cannes<\/a>, la Semaine de la critique met en lumi\u00e8re les premiers et seconds films de r\u00e9alisateurs du monde entier. Apr\u00e8s Cannes, ce tremplin pour les talents \u00e9mergents voyage \u00e0 travers la France. \u00c0 Marseille, deux cin\u00e9mas, Les Vari\u00e9t\u00e9s et La Baleine, proposeront ainsi de d\u00e9couvrir onze longs-m\u00e9trages, de ce vendredi 6 au mardi 10 juin, en pr\u00e9sence des cin\u00e9astes et des membres du comit\u00e9 de s\u00e9lection.<\/p>\n<p><img alt=\"Apr\u00e8s Cannes, la Semaine de la critique s'invite \u00e0 Marseille.\" loading=\"lazy\" decoding=\"async\" data-nimg=\"fill\" class=\" TwicCore_img__i9TC1 undefined  undefined\" style=\"position:absolute;height:100%;width:100%;left:0;top:0;right:0;bottom:0;color:transparent;background-size:cover;background-position:50% 50%;background-repeat:no-repeat;background-image:url(&quot;data:image\/svg+xml;charset=utf-8,%3Csvg xmlns='http:\/\/www.w3.org\/2000\/svg' %3E%3Cfilter id='b' color-interpolation-filters='sRGB'%3E%3CfeGaussianBlur stdDeviation='20'\/%3E%3CfeColorMatrix values='1 0 0 0 0 0 1 0 0 0 0 0 1 0 0 0 0 0 100 -1' result='s'\/%3E%3CfeFlood x='0' y='0' width='100%25' height='100%25'\/%3E%3CfeComposite operator='out' in='s'\/%3E%3CfeComposite in2='SourceGraphic'\/%3E%3CfeGaussianBlur stdDeviation='20'\/%3E%3C\/filter%3E%3Cimage width='100%25' height='100%25' x='0' y='0' preserveAspectRatio='none' style='filter: url(%23b);' href='https:\/\/pictures.laprovence.com\/cdn-cgi\/image\/blur=250\/media\/melody\/2025\/06\/05\/photo-1749130731_0ca1228c60486efa1228c6048a3b12v_.jpg'\/%3E%3C\/svg%3E&quot;)\"   src=\"https:\/\/www.europesays.com\/fr\/wp-content\/uploads\/2025\/06\/photo-1749130731_0ca1228c60486efa1228c6048a3b12v_.jpg\"\/>Apr\u00e8s Cannes, la Semaine de la critique s&rsquo;invite \u00e0 Marseille. PHOTO DR<\/p>\n<p>Chaque soir\u00e9e sera marqu\u00e9e par une projection suivie d&rsquo;une rencontre, permettant au public d&rsquo;\u00e9changer directement avec les talents derri\u00e8re ces \u0153uvres. La manifestation s&rsquo;ouvrira ce vendredi, \u00e0 20 h 30 avec Baise en ville, de Martin Jauvat, \u00e0 La Baleine. L&rsquo;histoire de Sprite, 25 ans, qui doit absolument trouver un job. Mais pour travailler, il faut le permis et pour se payer le permis, il faut un job\u2026 Samedi 7 juin, \u00e0 20 h 30, Des preuves d&rsquo;amour, d&rsquo;Alice Douard, sera projet\u00e9 aux Vari\u00e9t\u00e9s. Dimanche 8 juin, double rendez-vous avec Kika, en pr\u00e9sence de l&rsquo;actrice Manon Clavel \u00e0 18 h \u00e0 La Baleine, suivi de L&rsquo;Int\u00e9r\u00eat d&rsquo;Adam, avec Laura Wandel, \u00e0 20 h 30 aux Vari\u00e9t\u00e9s.<strong>\u00a0<\/strong>Lundi 9 juin, \u00e0 20 h on d\u00e9couvrira Nino, de Pauline Loqu\u00e8s aux Vari\u00e9t\u00e9s. Trois r\u00e9alisatrices femmes, Alice Drouard, Laura Wandel et Pauline Loqu\u00e8z rencontreront ainsi le public. \u00c0 noter aussi dimanche (15 h 30) aux Vari\u00e9t\u00e9s la projection d&rsquo;Un fant\u00f4me utile, le premier long-m\u00e9trage du r\u00e9alisateur tha\u00eflandais Ratchapoom Boonbunchachoke r\u00e9compens\u00e9 par le Grand Prix de la Semaine de la critique.<\/p>\n<p><strong>lesvarietes-marseille.com.\u00a0; cinemalegyptis.org<\/strong>&#13;\n<\/p>\n<p>HUMOUR&#13;\n<\/p>\n<p>Elena Nagapetyan, du Cepac Silo au Vig&rsquo;s<\/p>\n<p>Parmi les humoristes en vogue, Elena Nagapetyan fait sensation depuis quelques ann\u00e9es sur internet &#8211; o\u00f9 elle s&rsquo;est r\u00e9v\u00e9l\u00e9e &#8211; comme sur sc\u00e8ne. Actuellement en tourn\u00e9e nationale avec son premier spectacle \u00c7a valait le coup, elle se joue des codes de la maternit\u00e9 et du couple, non sans rappeler Marine Leonardi.<\/p>\n<p><img alt=\"Elena Nagapetyan fait sensation depuis quelques ann\u00e9es sur internet - o\u00f9 elle s'est r\u00e9v\u00e9l\u00e9e - comme sur sc\u00e8ne.\" loading=\"lazy\" decoding=\"async\" data-nimg=\"fill\" class=\" TwicCore_img__i9TC1 undefined  undefined\" style=\"position:absolute;height:100%;width:100%;left:0;top:0;right:0;bottom:0;color:transparent;background-size:cover;background-position:50% 50%;background-repeat:no-repeat;background-image:url(&quot;data:image\/svg+xml;charset=utf-8,%3Csvg xmlns='http:\/\/www.w3.org\/2000\/svg' %3E%3Cfilter id='b' color-interpolation-filters='sRGB'%3E%3CfeGaussianBlur stdDeviation='20'\/%3E%3CfeColorMatrix values='1 0 0 0 0 0 1 0 0 0 0 0 1 0 0 0 0 0 100 -1' result='s'\/%3E%3CfeFlood x='0' y='0' width='100%25' height='100%25'\/%3E%3CfeComposite operator='out' in='s'\/%3E%3CfeComposite in2='SourceGraphic'\/%3E%3CfeGaussianBlur stdDeviation='20'\/%3E%3C\/filter%3E%3Cimage width='100%25' height='100%25' x='0' y='0' preserveAspectRatio='none' style='filter: url(%23b);' href='https:\/\/pictures.laprovence.com\/cdn-cgi\/image\/blur=250\/media\/melody\/2025\/06\/05\/photo-1749130731_1ba78c1370486eea78c137048b2b78v_.jpg'\/%3E%3C\/svg%3E&quot;)\"   src=\"https:\/\/www.europesays.com\/fr\/wp-content\/uploads\/2025\/06\/photo-1749130731_1ba78c1370486eea78c137048b2b78v_.jpg\"\/>Elena Nagapetyan fait sensation depuis quelques ann\u00e9es sur internet &#8211; o\u00f9 elle s&rsquo;est r\u00e9v\u00e9l\u00e9e &#8211; comme sur sc\u00e8ne. PHOTO DR<\/p>\n<p>Avec laquelle elle partage aussi le fait d&rsquo;\u00eatre arriv\u00e9e tard dans le stand-up, puisqu&rsquo;elle a fait ses premiers pas sur sc\u00e8ne en 2021 \u00e0 l&rsquo;\u00e2ge de 34 ans.<\/p>\n<p>Frontale dans son verbe, parfois m\u00eame dans l&rsquo;humour noir, Elena Nagapetyan se produira ce samedi 7 juin dans un Cepac Silo complet depuis des semaines. Au vu des nombreux d\u00e9\u00e7us, la salle du quai du Lazaret semble d\u00e9j\u00e0 trop petite pour elle\u2026 De quoi envisager un D\u00f4me dans les ann\u00e9es \u00e0 venir ? C&rsquo;est bien possible.<\/p>\n<p>Mais avant ce possible grand rendez-vous, l&rsquo;artiste dont le parcours de vie s&rsquo;est \u00e9crit entre la France et la Russie, sera au Vig&rsquo;s ce vendredi soir. Dans la nouvelle salle du Vieux-Port ouverte cette ann\u00e9e par Gad Elmaleh, elle participera \u00e0 un com\u00e9die club avec quatre humoristes : Sliman Kaisa\u00ef, Jarnal, Imen Lahmar et Mado. Une occasion parfaite pour rire en petit comit\u00e9, la salle pouvant accueillir une centaine de personnes.<\/p>\n<p><strong>Ce vendredi \u00e0 21h au Vig&rsquo;s (1er). 20\u20ac, www.levigs.com. Samedi \u00e0 20h30 au Cepac Silo (2e), complet.<\/strong><\/p>\n","protected":false},"excerpt":{"rendered":"Pour ce week-end du 6, 7 et 8 juin, des \u00e9v\u00e9nements culturels, sportifs mais aussi festifs vous attendent&hellip;\n","protected":false},"author":2,"featured_media":154092,"comment_status":"","ping_status":"","sticky":false,"template":"","format":"standard","meta":{"footnotes":""},"categories":[2814],"tags":[17,1111,11,650,1697,251,1777,674,4560,1011,27,708,884,12,882,746,25,4064],"class_list":{"0":"post-154091","1":"post","2":"type-post","3":"status-publish","4":"format-standard","5":"has-post-thumbnail","7":"category-marseille","8":"tag-17","9":"tag-actu","10":"tag-actualites","11":"tag-cinema","12":"tag-concert","13":"tag-culture","14":"tag-eu","15":"tag-europe","16":"tag-faire","17":"tag-fr","18":"tag-france","19":"tag-humour","20":"tag-marseille","21":"tag-news","22":"tag-provence-alpes-cote-dazur","23":"tag-que","24":"tag-republique-francaise","25":"tag-week-end"},"share_on_mastodon":{"url":"https:\/\/pubeurope.com\/@fr\/114631138883839191","error":""},"_links":{"self":[{"href":"https:\/\/www.europesays.com\/fr\/wp-json\/wp\/v2\/posts\/154091","targetHints":{"allow":["GET"]}}],"collection":[{"href":"https:\/\/www.europesays.com\/fr\/wp-json\/wp\/v2\/posts"}],"about":[{"href":"https:\/\/www.europesays.com\/fr\/wp-json\/wp\/v2\/types\/post"}],"author":[{"embeddable":true,"href":"https:\/\/www.europesays.com\/fr\/wp-json\/wp\/v2\/users\/2"}],"replies":[{"embeddable":true,"href":"https:\/\/www.europesays.com\/fr\/wp-json\/wp\/v2\/comments?post=154091"}],"version-history":[{"count":0,"href":"https:\/\/www.europesays.com\/fr\/wp-json\/wp\/v2\/posts\/154091\/revisions"}],"wp:featuredmedia":[{"embeddable":true,"href":"https:\/\/www.europesays.com\/fr\/wp-json\/wp\/v2\/media\/154092"}],"wp:attachment":[{"href":"https:\/\/www.europesays.com\/fr\/wp-json\/wp\/v2\/media?parent=154091"}],"wp:term":[{"taxonomy":"category","embeddable":true,"href":"https:\/\/www.europesays.com\/fr\/wp-json\/wp\/v2\/categories?post=154091"},{"taxonomy":"post_tag","embeddable":true,"href":"https:\/\/www.europesays.com\/fr\/wp-json\/wp\/v2\/tags?post=154091"}],"curies":[{"name":"wp","href":"https:\/\/api.w.org\/{rel}","templated":true}]}}