{"id":154095,"date":"2025-06-05T14:06:19","date_gmt":"2025-06-05T14:06:19","guid":{"rendered":"https:\/\/www.europesays.com\/fr\/154095\/"},"modified":"2025-06-05T14:06:19","modified_gmt":"2025-06-05T14:06:19","slug":"a7-a-lyon-un-nouveau-week-end-de-fermeture-sannonce","status":"publish","type":"post","link":"https:\/\/www.europesays.com\/fr\/154095\/","title":{"rendered":"A7 \u00e0 Lyon : un nouveau week-end de fermeture s&rsquo;annonce"},"content":{"rendered":"<p><img loading=\"lazy\" decoding=\"async\" alt=\"\u00a9 Dir Centre-Est - La r\u00e9habilitation des viaducs de Pierre-B\u00e9nite sur l'A7 se poursuit pendant le week-end de Pentec\u00f4te 2025.\" data-zoom-src=\"https:\/\/www.europesays.com\/fr\/wp-content\/uploads\/2025\/06\/initial-autoroute-a7-chantiers-pierre-benite-dir-centre-est-fermeture-6-7-8-9-juin-2025.jpg\" data-zoomable=\"\" height=\"702\" src=\"https:\/\/www.europesays.com\/fr\/wp-content\/uploads\/2025\/06\/initial-autoroute-a7-chantiers-pierre-benite-dir-centre-est-fermeture-6-7-8-9-juin-2025.jpg\" width=\"1248\"\/>  <\/p>\n<p class=\"article-desc\">\u00a9 Dir Centre-Est &#8211; La r\u00e9habilitation des viaducs de Pierre-B\u00e9nite sur l&rsquo;A7 se poursuit pendant le week-end de Pentec\u00f4te 2025. <\/p>\n<p>Dure semaine pour les usagers de<strong> l&rsquo;autoroute A7<\/strong>. Alors qu&rsquo;un accident s&rsquo;est produit ce jeudi matin 5 juin <strong>en direction de Marseille<\/strong> au niveau de La Roche de Glun (Dr\u00f4me) entra\u00eenant des perturbations sur le trafic tout au long de la journ\u00e9e, il faudra de nouveau faire preuve de patience en cette veille de nouveau<strong>\u00a0week-end prolong\u00e9<\/strong>. <\/p>\n<p> La r\u00e9paration des viaducs de Pierre-B\u00e9nite sur l&rsquo;A7 se poursuit <\/p>\n<p>La<strong> r\u00e9paration des viaducs de Pierre-B\u00e9nite<\/strong> impose une <strong>nouvelle fermeture de l&rsquo;axe \u00e0 la circulation<\/strong> dans le sens Marseille&gt;Lyon. <\/p>\n<p>L&rsquo;axe sera donc coup\u00e9 tout ce week-end de Pentec\u00f4te, du<strong> vendredi 6 juin \u00e0 21h au lundi 9 juin \u00e0 12h en direction de Paris<\/strong>, entre les \u00e9changeurs de Feyzin et de Saint-Fons. <\/p>\n<blockquote class=\"twitter-tweet\" data-uniformized=\"true\">\n<p dir=\"ltr\" lang=\"fr\"><a href=\"https:\/\/twitter.com\/hashtag\/VINCIAutoroutes?src=hash&amp;ref_src=twsrc%5Etfw\" target=\"_blank\" rel=\"noopener\">#VINCIAutoroutes<\/a> vous informe sur vos conditions de circulation, pour <a href=\"https:\/\/twitter.com\/hashtag\/BienVoyager?src=hash&amp;ref_src=twsrc%5Etfw\" target=\"_blank\" rel=\"noopener\">#BienVoyager<\/a>. \u23f1\ufe0f<a href=\"https:\/\/twitter.com\/hashtag\/Infotrafic?src=hash&amp;ref_src=twsrc%5Etfw\" target=\"_blank\" rel=\"noopener\">#Infotrafic<\/a> \u00e0 18h00 Vos temps de parcours sur <a href=\"https:\/\/twitter.com\/A7Trafic?ref_src=twsrc%5Etfw\" target=\"_blank\" rel=\"noopener\">@A7Trafic<\/a> entre <a href=\"https:\/\/twitter.com\/villedelyon?ref_src=twsrc%5Etfw\" target=\"_blank\" rel=\"noopener\">@villedelyon<\/a>, <a href=\"https:\/\/twitter.com\/VilledeVienne?ref_src=twsrc%5Etfw\" target=\"_blank\" rel=\"noopener\">@VilledeVienne<\/a>, <a href=\"https:\/\/twitter.com\/VilledeValence?ref_src=twsrc%5Etfw\" target=\"_blank\" rel=\"noopener\">@VilledeValence<\/a>, <a href=\"https:\/\/twitter.com\/hashtag\/Mont%C3%A9limar?src=hash&amp;ref_src=twsrc%5Etfw\" target=\"_blank\" rel=\"noopener\">#Mont\u00e9limar<\/a>, <a href=\"https:\/\/twitter.com\/VilledOrange?ref_src=twsrc%5Etfw\" target=\"_blank\" rel=\"noopener\">@VilledOrange<\/a>, <a href=\"https:\/\/twitter.com\/GrandAvignon?ref_src=twsrc%5Etfw\" target=\"_blank\" rel=\"noopener\">@GrandAvignon<\/a>, <a href=\"https:\/\/twitter.com\/SalonProvence?ref_src=twsrc%5Etfw\" target=\"_blank\" rel=\"noopener\">@SalonProvence<\/a> et <a href=\"https:\/\/twitter.com\/marseille?ref_src=twsrc%5Etfw\" target=\"_blank\" rel=\"noopener\">@marseille<\/a>. <a href=\"https:\/\/twitter.com\/hashtag\/A7?src=hash&amp;ref_src=twsrc%5Etfw\" target=\"_blank\" rel=\"noopener\">#A7<\/a> <a href=\"https:\/\/t.co\/m3xliVc7hA\">pic.twitter.com\/m3xliVc7hA<\/a><\/p>\n<p> \u2014 Autoroute A7 (@A7Trafic) <a href=\"https:\/\/twitter.com\/A7Trafic\/status\/1930293790855585806?ref_src=twsrc%5Etfw\" target=\"_blank\" rel=\"noopener\">June 4, 2025<\/a><\/p><\/blockquote>\n<p>\u00a0 <\/p>\n<p>Les <strong>d\u00e9viations<\/strong> seront mises en place via la\u00a0Rocade Est, l&rsquo;A46, la D383, le Boulevard p\u00e9riph\u00e9rique Nord (BPNL) et l&rsquo;A42.\u00a0<\/p>\n<p><script async src=\"https:\/\/platform.twitter.com\/widgets.js\" charset=\"utf-8\"><\/script><\/p>\n","protected":false},"excerpt":{"rendered":"\u00a9 Dir Centre-Est &#8211; La r\u00e9habilitation des viaducs de Pierre-B\u00e9nite sur l&rsquo;A7 se poursuit pendant le week-end de&hellip;\n","protected":false},"author":2,"featured_media":154096,"comment_status":"","ping_status":"","sticky":false,"template":"","format":"standard","meta":{"footnotes":""},"categories":[1889],"tags":[1111,11,25894,7480,2430,1777,674,1011,27,2428,7690,12,25,2086],"class_list":{"0":"post-154095","1":"post","2":"type-post","3":"status-publish","4":"format-standard","5":"has-post-thumbnail","7":"category-lyon","8":"tag-actu","9":"tag-actualites","10":"tag-autoroute-a7","11":"tag-autoroutes","12":"tag-auvergne-rhone-alpes","13":"tag-eu","14":"tag-europe","15":"tag-fr","16":"tag-france","17":"tag-lyon","18":"tag-mobilitu00e9","19":"tag-news","20":"tag-republique-francaise","21":"tag-travaux"},"share_on_mastodon":{"url":"https:\/\/pubeurope.com\/@fr\/114631146520960018","error":""},"_links":{"self":[{"href":"https:\/\/www.europesays.com\/fr\/wp-json\/wp\/v2\/posts\/154095","targetHints":{"allow":["GET"]}}],"collection":[{"href":"https:\/\/www.europesays.com\/fr\/wp-json\/wp\/v2\/posts"}],"about":[{"href":"https:\/\/www.europesays.com\/fr\/wp-json\/wp\/v2\/types\/post"}],"author":[{"embeddable":true,"href":"https:\/\/www.europesays.com\/fr\/wp-json\/wp\/v2\/users\/2"}],"replies":[{"embeddable":true,"href":"https:\/\/www.europesays.com\/fr\/wp-json\/wp\/v2\/comments?post=154095"}],"version-history":[{"count":0,"href":"https:\/\/www.europesays.com\/fr\/wp-json\/wp\/v2\/posts\/154095\/revisions"}],"wp:featuredmedia":[{"embeddable":true,"href":"https:\/\/www.europesays.com\/fr\/wp-json\/wp\/v2\/media\/154096"}],"wp:attachment":[{"href":"https:\/\/www.europesays.com\/fr\/wp-json\/wp\/v2\/media?parent=154095"}],"wp:term":[{"taxonomy":"category","embeddable":true,"href":"https:\/\/www.europesays.com\/fr\/wp-json\/wp\/v2\/categories?post=154095"},{"taxonomy":"post_tag","embeddable":true,"href":"https:\/\/www.europesays.com\/fr\/wp-json\/wp\/v2\/tags?post=154095"}],"curies":[{"name":"wp","href":"https:\/\/api.w.org\/{rel}","templated":true}]}}