{"id":154097,"date":"2025-06-05T14:07:12","date_gmt":"2025-06-05T14:07:12","guid":{"rendered":"https:\/\/www.europesays.com\/fr\/154097\/"},"modified":"2025-06-05T14:07:12","modified_gmt":"2025-06-05T14:07:12","slug":"les-brocantes-et-vide-greniers-organises-le-week-end-des-7-et-8-juin-a-paris-et-en-ile-de-france","status":"publish","type":"post","link":"https:\/\/www.europesays.com\/fr\/154097\/","title":{"rendered":"Les brocantes et vide-greniers organis\u00e9s le week-end des 7 et 8 juin \u00e0 Paris et en \u00cele-de-France"},"content":{"rendered":"<p>            Par<br \/>\n        <strong><br \/>\n            <a href=\"https:\/\/actu.fr\/auteur\/thomas-martin\" title=\"Consulter tous les articles de Thomas Martin\" rel=\"nofollow noopener\" target=\"_blank\">Thomas Martin<\/a><br \/>\n        <\/strong><\/p>\n<p>        Publi\u00e9 le<\/p>\n<p>            5 juin 2025 \u00e0 15h16        <\/p>\n<p>La <a href=\"https:\/\/actu.fr\/paris\/meteo\" rel=\"nofollow noopener\" target=\"_blank\">m\u00e9t\u00e9o<\/a> de ce week-end des samedi 7 et dimanche 8 juin ne sera peut-\u00eatre pas estivale mais ce n\u2019est pas une raison pour ne pas aller chiner. Comme chaque semaine, un grand nombre de<a href=\"https:\/\/actu.fr\/tag\/brocante\" rel=\"nofollow noopener\" target=\"_blank\"> brocantes<\/a> et <a href=\"https:\/\/actu.fr\/tag\/vide-greniers\" rel=\"nofollow noopener\" target=\"_blank\">vide-greniers<\/a> sont organis\u00e9s \u00e0 Paris et en \u00cele-de-France. Faites votre choix.\u00a0<\/p>\n<p>Les brocantes et vide-greniers du samedi 7 juin<\/p>\n<ul class=\" wall-content\">\n<li>Paris 1er : Vide-greniers de 6h \u00e0 19h. Forum les Halles, Passage de la Canop\u00e9e<\/li>\n<li>Paris 2e : Vide-greniers de 6h \u00e0 19h. 7, Place des Petits P\u00e8res<\/li>\n<li>Paris 10e : Vide-greniers. 5, rue du Ch\u00e2teau d\u2019Eau<\/li>\n<li>Paris 11e : Brocante de 7h \u00e0 19h. Boulevard Voltaire<\/li>\n<li>Paris 15e : Vide-greniers de 9h \u00e0 18h. 94 bld Lef\u00e8vre<\/li>\n<li>Paris 16e : Vide-greniers. Place de Barcelone \u2013 Mirabeau, Rue de R\u00e9musat<\/li>\n<li>Paris 19e : Vide-greniers de 7h \u00e0 19h. Place Charles Monselet.\u00a0<\/li>\n<li>Champs-sur-Marne \u2013 77 : Brocante de 8h \u00e0 18h30. All\u00e9e \u00c9mile Roux<\/li>\n<li>La Fert\u00e9-sous-Jouarre \u2013 77 : Brocante de 8h \u00e0 18h. Lieu dit Le Limon, rue L\u00e9on Glaize<\/li>\n<li>Plaisir \u2013 78 : Vide-greniers de 8h \u00e0 17h. IKEA, 202 rue Henri Barbusse<\/li>\n<li>Le Blanc-Mesnil \u2013 93 : Vide-greniers de 8h \u00e0 16h. Le Palace<\/li>\n<li>Montreuil -963<\/li>\n<li>Ivry-sur-Seine \u2013 94 : Vide-greniers de 12h \u00e0 20h. Plateau d\u2019\u00e9volution Wallon, Promenade des Petits Bois<\/li>\n<li>Ris-Orangis \u2013 94 : Vide-greniers de 9h \u00e0 18h. Mas La Brianci\u00e8re 55 avenue de l\u2019aunette<\/li>\n<li>Villiers-sur-Marne \u2013 94 : Vide-greniers. IKEA, 33-35, Rue Jean Jaur\u00e8s<\/li>\n<li>Franconville \u2013 95 : Vide-greniers. IKEA, 337, Rue du G\u00e9n\u00e9ral Leclerc<\/li>\n<\/ul>\n<p>Les brocantes et vide-greniers du dimanche 8 juin<\/p>\n<ul class=\" wall-content\">\n<li>Paris 4e : Vide-greniers. 90, Rue Saint-Antoine<\/li>\n<li>Paris 5e : Vide-greniers. 76, Boulevard de Port-Royal<\/li>\n<li>Paris 10e : Vide-greniers. 5, Rue du Ch\u00e2teau d\u2019Eau<\/li>\n<li>Paris 11e : Vide-greniers de 8h \u00e0 18h. 2, Rue du Commandant Lamy<\/li>\n<li>Paris 11e : Brocante de 7h \u00e0 19h. Bld Voltaire<\/li>\n<li>Paris 13e : Brocante de 8h \u00e0 18h. Passerelle Simone de Beauvoir<\/li>\n<li>Paris 14e : Vide-greniers d\u00e8s 7h. Avenue de la porte de Montrouge<\/li>\n<li>Paris 15e : Vide-greniers de 8h30 \u00e0 18h. Avenue F\u00e9lix Faure, Rue de la Convention<\/li>\n<li>Coubert \u2013 77 : Brocante et vide-greniers de 6h \u00e0 18h. All\u00e9e des Tilleuls<\/li>\n<li>Brie-Comte-Robert \u2013 77 : Vide-greniers de 8h \u00e0 18h. Parking Beau, Chemin Saint-Christophe<\/li>\n<li>Bailly-Romainvilliers \u2013 77 : Brocante de 8h \u00e0 17h. Gymnase, Boulevard des Sports<\/li>\n<li>Champs-sur-Marne \u2013 77 : Brocante de 8h \u00e0 18h30. All\u00e9e \u00c9mile Roux<\/li>\n<li>Flagy \u2013 77 : Vide-greniers de 7h \u00e0 19h. Place de l\u2019Eglise<\/li>\n<li>Lorrez-le-Bocage-Pr\u00e9aux \u2013 77 : Vide-greniers de 6h \u00e0 18h. Rue Emile Bru<\/li>\n<li>Maincy \u2013 77 : Vide-greniers de 8h \u00e0 17h. Rue de la Bordiere<\/li>\n<li>Meaux \u2013 77 : Vide-greniers de 6h30 \u00e0 17h. Avenue de la Marne champ de foire<\/li>\n<li>Vaux-le-P\u00e9nil \u2013 77 : Vide-greniers de 8h \u00e0 18h. Ferme des Jeux<\/li>\n<li>Quincy-Voicins \u2013 77 : Brocante. Parc du ch\u00e2teau de Quincy-Voisins<br \/>\u00a0Hermeray \u2013 78 : Brocante de 8h30 \u00e0 18h. \u00c9glise Saint-Germain-d\u2019Auxerre, Rue de l\u2019\u00c9glise<\/li>\n<li>Ach\u00e8res \u2013 78 : Vide-greniers de 9h \u00e0 18h. Point d\u2019Acc\u00e8s au Droit, Place du March\u00e9, C\u0153ur de Ville \u2013 Montsouris<\/li>\n<li>Aulnay-sur-Mauldre \u2013 78 : Brocante et vide-greniers de 8h \u00e0 18h. Place de la mairie<\/li>\n<li>Bois-d\u2019Arcy \u2013 78 : Vide-greniers de 9h \u00e0 18h. Avenue Paul Vaillant Couturier de la Mairie au monument aux morts et rue Robespierre<\/li>\n<li>Ep\u00f4ne \u2013 78 : Brocante de 8h \u00e0 19h. Ch\u00e2teau d\u2019\u00c9p\u00f4ne, Rue du Pav\u00e9<\/li>\n<li>Louveciennes \u2013 78 : Vide-greniers de 8h \u00e0 17h. 12, Rue du G\u00e9n\u00e9ral Leclerc<\/li>\n<li>Versailles \u2013 78 : Vide-greniers de 8h \u00e0 18h. Avenue de Saint Cloud<\/li>\n<li>Bri\u00e8res-les-Scell\u00e9s \u2013 91 : Brocante. Chemin des Hauts Grenots<\/li>\n<li>Fontenay-le-Vicomte \u2013 91 : Brocante de 8h \u00e0 18h. 2, Grande Rue<\/li>\n<li>Montgeron \u2013 91 : Vide-greniers de 6h \u00e0 18h. Parking Foch, Avenue du Mar\u00e9chal Foch<\/li>\n<li>Etampes \u2013 91 : Brocante de 6h \u00e0 19. \u00cele de loisirs, Avenue Charles de Gaulle<\/li>\n<li>Morsang-sur-Orge \u2013 91 : Brocante de 8h \u00e0 17h. Place Ferdinand Buisson<\/li>\n<li>Rueil-Malmaison \u2013 92 : Brocante de 9h \u00e0 18h. Place Jean Jaur\u00e8s<\/li>\n<li>Drancy \u2013 93 : Brocante de 8h \u00e0 18h30. Mairie Ext\u00e9rieur, All\u00e9e Marcel Paul<\/li>\n<li>Montreuil \u2013 93 : Vide-greniers de 9h \u00e0 17h30. 39, Rue de la Pointe<\/li>\n<li>Bessancourt \u2013 95 : Vide-greniers de 8h \u00e0 18h. Promenade du meunier<\/li>\n<li>Cergy \u2013 95 : Brocante de 8h \u00e0 18h. 26, Avenue du Hazay<\/li>\n<li>Magny-en-Vexin \u2013 95 : Vide-greniers de 8h \u00e0 17h. Stade Paul Cheron<\/li>\n<li>Pontoise \u2013 95 : Brocante de 8h \u00e0 17h. Place du Parc aux Charrettes<\/li>\n<\/ul>\n<p class=\" wall-content\">Suivez toute l\u2019actualit\u00e9 de vos villes et m\u00e9dias favoris en vous inscrivant \u00e0 <a href=\"https:\/\/moncompte.actu.fr\" title=\"D\u00e9couvez Mon Actu\" rel=\"nofollow noopener\" data-trk=\"{&quot;cta&quot;:{&quot;action&quot;:&quot;https:\\\/\\\/moncompte.actu.fr&quot;,&quot;category&quot;:&quot;mon compte&quot;,&quot;from&quot;:&quot;article footer&quot;,&quot;name&quot;:&quot;Mon actu&quot;,&quot;type&quot;:&quot;cta&quot;}}\" target=\"_blank\">Mon Actu<\/a>.<\/p>\n","protected":false},"excerpt":{"rendered":"Par Thomas Martin Publi\u00e9 le 5 juin 2025 \u00e0 15h16 La m\u00e9t\u00e9o de ce week-end des samedi 7&hellip;\n","protected":false},"author":2,"featured_media":154098,"comment_status":"","ping_status":"","sticky":false,"template":"","format":"standard","meta":{"footnotes":""},"categories":[1592],"tags":[1111,11,6961,1777,674,1011,27,662,1652,12,626,25,3365],"class_list":{"0":"post-154097","1":"post","2":"type-post","3":"status-publish","4":"format-standard","5":"has-post-thumbnail","7":"category-ile-de-france","8":"tag-actu","9":"tag-actualites","10":"tag-brocante","11":"tag-eu","12":"tag-europe","13":"tag-fr","14":"tag-france","15":"tag-ile-de-france","16":"tag-loisirs-culture","17":"tag-news","18":"tag-paris","19":"tag-republique-francaise","20":"tag-vide-greniers"},"share_on_mastodon":{"url":"https:\/\/pubeurope.com\/@fr\/114631150548445428","error":""},"_links":{"self":[{"href":"https:\/\/www.europesays.com\/fr\/wp-json\/wp\/v2\/posts\/154097","targetHints":{"allow":["GET"]}}],"collection":[{"href":"https:\/\/www.europesays.com\/fr\/wp-json\/wp\/v2\/posts"}],"about":[{"href":"https:\/\/www.europesays.com\/fr\/wp-json\/wp\/v2\/types\/post"}],"author":[{"embeddable":true,"href":"https:\/\/www.europesays.com\/fr\/wp-json\/wp\/v2\/users\/2"}],"replies":[{"embeddable":true,"href":"https:\/\/www.europesays.com\/fr\/wp-json\/wp\/v2\/comments?post=154097"}],"version-history":[{"count":0,"href":"https:\/\/www.europesays.com\/fr\/wp-json\/wp\/v2\/posts\/154097\/revisions"}],"wp:featuredmedia":[{"embeddable":true,"href":"https:\/\/www.europesays.com\/fr\/wp-json\/wp\/v2\/media\/154098"}],"wp:attachment":[{"href":"https:\/\/www.europesays.com\/fr\/wp-json\/wp\/v2\/media?parent=154097"}],"wp:term":[{"taxonomy":"category","embeddable":true,"href":"https:\/\/www.europesays.com\/fr\/wp-json\/wp\/v2\/categories?post=154097"},{"taxonomy":"post_tag","embeddable":true,"href":"https:\/\/www.europesays.com\/fr\/wp-json\/wp\/v2\/tags?post=154097"}],"curies":[{"name":"wp","href":"https:\/\/api.w.org\/{rel}","templated":true}]}}