{"id":154101,"date":"2025-06-05T14:09:08","date_gmt":"2025-06-05T14:09:08","guid":{"rendered":"https:\/\/www.europesays.com\/fr\/154101\/"},"modified":"2025-06-05T14:09:08","modified_gmt":"2025-06-05T14:09:08","slug":"mort-dun-promeneur-ecrase-par-une-machine-delagage","status":"publish","type":"post","link":"https:\/\/www.europesays.com\/fr\/154101\/","title":{"rendered":"mort d&rsquo;un promeneur \u00e9cras\u00e9 par une machine d&rsquo;\u00e9lagage"},"content":{"rendered":"<p>            Par<br \/>\n        <strong><br \/>\n            <a href=\"https:\/\/actu.fr\/auteur\/antoine-blanchet\" title=\"Consulter tous les articles de Antoine Blanchet\" rel=\"nofollow noopener\" target=\"_blank\">Antoine Blanchet<\/a><br \/>\n        <\/strong><\/p>\n<p>        Publi\u00e9 le<\/p>\n<p>            5 juin 2025 \u00e0 15h08        <\/p>\n<p>Un drame en plein parc de <a href=\"https:\/\/actu.fr\/ile-de-france\/sceaux_92071\" rel=\"nofollow noopener\" target=\"_blank\">Sceaux<\/a> (<a href=\"https:\/\/actu.fr\/ile-de-france\/hauts-de-seine_92\" rel=\"nofollow noopener\" target=\"_blank\">Hauts-de-Seine<\/a>). Ce mercredi 4\u00a0juin 2025, un homme de 70\u00a0ans en promenade <strong>est mort \u00e9cras\u00e9 par un engin d\u2019\u00e9lagage<\/strong>, nous indique la commune, confirmant une information du <a href=\"https:\/\/www.leparisien.fr\/hauts-de-seine-92\/un-promeneur-meurt-dans-le-parc-de-sceaux-ecrase-par-un-engin-delagage-en-marche-arriere-04-06-2025-W5PRWIMODVCF3O5HV6G23LCQSI.php\" rel=\"nofollow noopener\" target=\"_blank\">Parisien<\/a>.<\/p>\n<p>Marche arri\u00e8re fatale<\/p>\n<p class=\" wall-content\">C\u2019est vers 15\u00a0heures que la victime, <a href=\"https:\/\/actu.fr\/ile-de-france\/sceaux_92071\/hauts-de-seine-des-collegiens-decouvrent-le-corps-d-un-homme-pendu-lors-d-une-course-d-orientation_60886122.html\" rel=\"nofollow noopener\" target=\"_blank\">qui se baladait du c\u00f4t\u00e9 du ch\u00e2teau<\/a>, est pass\u00e9e derri\u00e8re une machine d\u2019\u00e9lagage des arbres. Le conducteur, qui n\u2019a pas vu le septuag\u00e9naire, a alors fait marche arri\u00e8re. \u00c9cras\u00e9 par le v\u00e9hicule, le promeneur est mort sur le coup.<\/p>\n<p class=\" wall-content\">Le secteur o\u00f9 s\u2019est produit l\u2019accident a \u00e9t\u00e9 boucl\u00e9, afin que la police puisse faire les premi\u00e8res constations. Le conducteur, employ\u00e9 du<strong> conseil d\u00e9partemental des Hauts-de-Seine<\/strong>, serait en \u00e9tat de choc, indiquent nos confr\u00e8res du Parisien.<\/p>\n<p class=\" wall-content\">Suivez toute l\u2019actualit\u00e9 de vos villes et m\u00e9dias favoris en vous inscrivant \u00e0 <a href=\"https:\/\/moncompte.actu.fr\" title=\"D\u00e9couvez Mon Actu\" rel=\"nofollow noopener\" data-trk=\"{&quot;cta&quot;:{&quot;action&quot;:&quot;https:\\\/\\\/moncompte.actu.fr&quot;,&quot;category&quot;:&quot;mon compte&quot;,&quot;from&quot;:&quot;article footer&quot;,&quot;name&quot;:&quot;Mon actu&quot;,&quot;type&quot;:&quot;cta&quot;}}\" target=\"_blank\">Mon Actu<\/a>.<\/p>\n","protected":false},"excerpt":{"rendered":"Par Antoine Blanchet Publi\u00e9 le 5 juin 2025 \u00e0 15h08 Un drame en plein parc de Sceaux (Hauts-de-Seine).&hellip;\n","protected":false},"author":2,"featured_media":154102,"comment_status":"","ping_status":"","sticky":false,"template":"","format":"standard","meta":{"footnotes":""},"categories":[1888],"tags":[119,1111,1928,11,1927,1777,674,118,1011,27,12,1926,626,1925,25],"class_list":{"0":"post-154101","1":"post","2":"type-post","3":"status-publish","4":"format-standard","5":"has-post-thumbnail","7":"category-paris","8":"tag-accident","9":"tag-actu","10":"tag-actu-paris","11":"tag-actualites","12":"tag-actualites-paris","13":"tag-eu","14":"tag-europe","15":"tag-faits-divers","16":"tag-fr","17":"tag-france","18":"tag-news","19":"tag-news-paris","20":"tag-paris","21":"tag-paris-news","22":"tag-republique-francaise"},"share_on_mastodon":{"url":"https:\/\/pubeurope.com\/@fr\/114631158948582536","error":""},"_links":{"self":[{"href":"https:\/\/www.europesays.com\/fr\/wp-json\/wp\/v2\/posts\/154101","targetHints":{"allow":["GET"]}}],"collection":[{"href":"https:\/\/www.europesays.com\/fr\/wp-json\/wp\/v2\/posts"}],"about":[{"href":"https:\/\/www.europesays.com\/fr\/wp-json\/wp\/v2\/types\/post"}],"author":[{"embeddable":true,"href":"https:\/\/www.europesays.com\/fr\/wp-json\/wp\/v2\/users\/2"}],"replies":[{"embeddable":true,"href":"https:\/\/www.europesays.com\/fr\/wp-json\/wp\/v2\/comments?post=154101"}],"version-history":[{"count":0,"href":"https:\/\/www.europesays.com\/fr\/wp-json\/wp\/v2\/posts\/154101\/revisions"}],"wp:featuredmedia":[{"embeddable":true,"href":"https:\/\/www.europesays.com\/fr\/wp-json\/wp\/v2\/media\/154102"}],"wp:attachment":[{"href":"https:\/\/www.europesays.com\/fr\/wp-json\/wp\/v2\/media?parent=154101"}],"wp:term":[{"taxonomy":"category","embeddable":true,"href":"https:\/\/www.europesays.com\/fr\/wp-json\/wp\/v2\/categories?post=154101"},{"taxonomy":"post_tag","embeddable":true,"href":"https:\/\/www.europesays.com\/fr\/wp-json\/wp\/v2\/tags?post=154101"}],"curies":[{"name":"wp","href":"https:\/\/api.w.org\/{rel}","templated":true}]}}