{"id":154117,"date":"2025-06-05T14:18:10","date_gmt":"2025-06-05T14:18:10","guid":{"rendered":"https:\/\/www.europesays.com\/fr\/154117\/"},"modified":"2025-06-05T14:18:10","modified_gmt":"2025-06-05T14:18:10","slug":"cette-boulangerie-rend-hommage-au-psg-champion-deurope-avec-une-patisserie-speciale","status":"publish","type":"post","link":"https:\/\/www.europesays.com\/fr\/154117\/","title":{"rendered":"Cette boulangerie rend hommage au PSG champion d\u2019Europe avec une p\u00e2tisserie sp\u00e9ciale"},"content":{"rendered":"<p>C\u2019est un pari fou qu\u2019a fait cette boulangerie. Apr\u00e8s la victoire du PSG en Ligue des champions, l\u2019\u00e9tablissement a d\u00e9cid\u00e9 de cr\u00e9er une p\u00e2tisserie sp\u00e9ciale en hommage aux joueurs.<\/p>\n<p>Sur les r\u00e9seaux sociaux, ou directement dans les \u00e9tablissements culinaires, les chefs ne cessent de revisiter les embl\u00e8mes de la p\u00e2tisserie fran\u00e7aise. Il y a quelques jours, l\u2019\u00e9quipe du Paris-Saint-Germain a rendu les Fran\u00e7ais fiers en remportant la coupe de la Champions League. Et depuis, les hommages ne cessent d\u2019\u00eatre rendus d\u2019une quelconque mani\u00e8re. R\u00e9cemment, c\u2019est une boulangerie bien pr\u00e9cise qui a imagin\u00e9 des p\u00e2tisseries \u00e0 l\u2019effigie du PSG. On vous explique.\u00a0<\/p>\n<p>\u00a0<\/p>\n<p>\u00a0<br \/>\u00a0<\/p>\n<p>\u00a0<br \/>\u00a0<\/p>\n<p>View this post on Instagram<\/p>\n<p>\u00a0<\/p>\n<p>\u00a0<br \/>\u00a0<br \/>\u00a0<\/p>\n<p>\u00a0<br \/>\u00a0<\/p>\n<p>\u00a0<br \/>\u00a0<br \/>\u00a0<\/p>\n<p>\u00a0<br \/>\u00a0<\/p>\n<p>A post shared by BOULANGERIE P\u00c2TISSERIE (@lafromentineboulogne)<\/p>\n<p>O\u00f9 pouvez-vous d\u00e9guster des p\u00e2tisseries \u00e0 l\u2019effigie du PSG ?<\/p>\n<p>Depuis sa victoire le 31 mai dernier, le PSG est dans tous les esprits. Et pour cause\u2026 Le club fran\u00e7ais a remport\u00e9 haut la main la Ligue des Champions avec un jeu spectaculaire et une d\u00e9termination sans faille. L\u2019\u00e9quipe a men\u00e9 le match d\u2019une main de ma\u00eetre avec un score final de 5-0 face \u00e0 l\u2019Inter Milan. Un r\u00e9sultat historique qui a donn\u00e9 de nombreuses id\u00e9es \u00e0 St\u00e9phanie Lemonnier, la g\u00e9rante de la boulangerie La Fromentine situ\u00e9e \u00e0 Boulogne-Billancourt.<\/p>\n<p>Quelle est la sp\u00e9cialit\u00e9 qui a \u00e9t\u00e9 sp\u00e9cialement imagin\u00e9e pour c\u00e9l\u00e9brer la victoire du PSG ?<\/p>\n<p>\u00ab On fait souvent des th\u00e8mes pour les grandes occasions comme la f\u00ea&#8230;<\/p>\n<p><a href=\"https:\/\/www.750g.com\/cette-boulangerie-rend-hommage-au-psg-champion-d-europe-avec-une-patisserie-speciale-a40875.htm\" rel=\"nofollow noopener\" target=\"_blank\" data-ylk=\"slk:Cliquez ici pour voir la suite;elm:context_link;itc:0;sec:content-canvas\" class=\"link \">Cliquez ici pour voir la suite<\/a><\/p>\n<p>\u00c0 lire aussi :<\/p>\n<p><a href=\"https:\/\/www.750g.com\/reconnu-saveur-de-l-annee-2020-laureats-categorie-boulangeriepatisserie-a29501.htm\" rel=\"nofollow noopener\" target=\"_blank\" data-ylk=\"slk:Reconnu Saveur de l&#039;Ann\u00e9e 2020 : laur\u00e9ats cat\u00e9gorie Boulangerie\/P\u00e2tisserie;elm:context_link;itc:0;sec:content-canvas\" class=\"link \">Reconnu Saveur de l&rsquo;Ann\u00e9e 2020 : laur\u00e9ats cat\u00e9gorie Boulangerie\/P\u00e2tisserie<\/a><br \/><a href=\"https:\/\/www.750g.com\/ce-patissier-d-exception-ouvre-sa-propre-boulangerie-patisserie-pour-proposer-ses-creations-a-prix-accessible-a39189.htm\" rel=\"nofollow noopener\" target=\"_blank\" data-ylk=\"slk:Ce p\u00e2tissier d\u2019exception ouvre sa propre boulangerie-p\u00e2tisserie pour proposer ses cr\u00e9ations \u00e0 prix accessible;elm:context_link;itc:0;sec:content-canvas\" class=\"link \">Ce p\u00e2tissier d\u2019exception ouvre sa propre boulangerie-p\u00e2tisserie pour proposer ses cr\u00e9ations \u00e0 prix accessible<\/a><br \/><a href=\"https:\/\/www.750g.com\/cette-boulangerie-vegan-parisienne-propose-des-produits-si-bluffants-que-ses-clients-n-y-voient-que-du-feu-a40398.htm\" rel=\"nofollow noopener\" target=\"_blank\" data-ylk=\"slk:Cette boulangerie vegan parisienne propose des produits si bluffants que ses clients n\u2019y voient que du feu;elm:context_link;itc:0;sec:content-canvas\" class=\"link \">Cette boulangerie vegan parisienne propose des produits si bluffants que ses clients n\u2019y voient que du feu<\/a><\/p>\n","protected":false},"excerpt":{"rendered":"C\u2019est un pari fou qu\u2019a fait cette boulangerie. Apr\u00e8s la victoire du PSG en Ligue des champions, l\u2019\u00e9tablissement&hellip;\n","protected":false},"author":2,"featured_media":154118,"comment_status":"","ping_status":"","sticky":false,"template":"","format":"standard","meta":{"footnotes":""},"categories":[1586],"tags":[11,28410,1777,674,1011,27,447,12,93,25],"class_list":{"0":"post-154117","1":"post","2":"type-post","3":"status-publish","4":"format-standard","5":"has-post-thumbnail","7":"category-europe","8":"tag-actualites","9":"tag-boulangerie-patisserie","10":"tag-eu","11":"tag-europe","12":"tag-fr","13":"tag-france","14":"tag-ligue-des-champions","15":"tag-news","16":"tag-psg","17":"tag-republique-francaise"},"share_on_mastodon":{"url":"https:\/\/pubeurope.com\/@fr\/114631193588529226","error":""},"_links":{"self":[{"href":"https:\/\/www.europesays.com\/fr\/wp-json\/wp\/v2\/posts\/154117","targetHints":{"allow":["GET"]}}],"collection":[{"href":"https:\/\/www.europesays.com\/fr\/wp-json\/wp\/v2\/posts"}],"about":[{"href":"https:\/\/www.europesays.com\/fr\/wp-json\/wp\/v2\/types\/post"}],"author":[{"embeddable":true,"href":"https:\/\/www.europesays.com\/fr\/wp-json\/wp\/v2\/users\/2"}],"replies":[{"embeddable":true,"href":"https:\/\/www.europesays.com\/fr\/wp-json\/wp\/v2\/comments?post=154117"}],"version-history":[{"count":0,"href":"https:\/\/www.europesays.com\/fr\/wp-json\/wp\/v2\/posts\/154117\/revisions"}],"wp:featuredmedia":[{"embeddable":true,"href":"https:\/\/www.europesays.com\/fr\/wp-json\/wp\/v2\/media\/154118"}],"wp:attachment":[{"href":"https:\/\/www.europesays.com\/fr\/wp-json\/wp\/v2\/media?parent=154117"}],"wp:term":[{"taxonomy":"category","embeddable":true,"href":"https:\/\/www.europesays.com\/fr\/wp-json\/wp\/v2\/categories?post=154117"},{"taxonomy":"post_tag","embeddable":true,"href":"https:\/\/www.europesays.com\/fr\/wp-json\/wp\/v2\/tags?post=154117"}],"curies":[{"name":"wp","href":"https:\/\/api.w.org\/{rel}","templated":true}]}}