{"id":154139,"date":"2025-06-05T14:32:09","date_gmt":"2025-06-05T14:32:09","guid":{"rendered":"https:\/\/www.europesays.com\/fr\/154139\/"},"modified":"2025-06-05T14:32:09","modified_gmt":"2025-06-05T14:32:09","slug":"jespere-que-ca-vous-aidera-kylie-jenner-parle-de-son-augmentation-mammaire-sans-tabou-et-avec-force-details","status":"publish","type":"post","link":"https:\/\/www.europesays.com\/fr\/154139\/","title":{"rendered":"\u00ab\u00a0J\u2019esp\u00e8re que \u00e7a vous aidera\u00a0\u00bb\u2026 Kylie Jenner parle de son augmentation mammaire sans tabou (et avec force d\u00e9tails)"},"content":{"rendered":"<p>Si certaines membres du clan Jenner\/Kardashian ont eu recours \u00e0 la <a href=\"https:\/\/www.20minutes.fr\/dossier\/chirurgie_esthetique\" class=\"color-ultramarine c-link\" target=\"_blank\" rel=\"noopener\">chirurgie esth\u00e9tique<\/a>, peu d\u2019entre elles l\u2019ont \u00e9voqu\u00e9\u2026 jusqu\u2019\u00e0 l\u2019intervention de <a href=\"https:\/\/www.20minutes.fr\/television\/kylie-jenner\/\" class=\"color-ultramarine c-link\" target=\"_blank\" rel=\"noopener\">Kylie Jenner<\/a> qui, interpell\u00e9e une youtubeuse anglaise, s\u2019est r\u00e9cemment exprim\u00e9e sur son <a href=\"https:\/\/www.20minutes.fr\/dossier\/protheses-mammaires\" class=\"color-ultramarine c-link\" target=\"_blank\" rel=\"noopener\">augmentation mammaire<\/a>, <a href=\"https:\/\/www.vanityfair.fr\/article\/kylie-jenner-tiktok-details-augmentation-mammaire\" rel=\"nofollow noopener\" target=\"_blank\" class=\"color-ultramarine c-link\">rapporte Vanity Fair<\/a>.<\/p>\n<\/p>\n<p>\u00ab\u00a0J\u2019esp\u00e8re que \u00e7a vous aidera\u00a0\u00bb<\/p>\n<p>Apr\u00e8s que Rachel Leary lui eut adress\u00e9 une <a href=\"https:\/\/www.20minutes.fr\/dossier\/video\" class=\"color-ultramarine c-link\" target=\"_blank\" rel=\"noopener\">vid\u00e9o <\/a>lui demandant \u00ab\u00a0Ma belle, pourrais-tu nous dire ce que tu as demand\u00e9 pour ta chirurgie mammaire\u00a0?\u00a0\u00bb, la s\u0153ur de <a href=\"https:\/\/www.20minutes.fr\/people\/kim_kardashian\/\" class=\"color-ultramarine c-link\" target=\"_blank\" rel=\"noopener\">Kim Kardashian<\/a> lui a r\u00e9pondu sur <a href=\"https:\/\/www.20minutes.fr\/high-tech\/tiktok\/\" class=\"color-ultramarine c-link\" target=\"_blank\" rel=\"noopener\">TikTok<\/a>, avec le plus grand naturel\u00a0: \u00ab\u00a0445 cc, profil mod\u00e9r\u00e9, \u00e0 moiti\u00e9 sous le muscle\u00a0! [\u2026] J\u2019esp\u00e8re que \u00e7a vous aidera lol\u00a0\u00bb.<\/p>\n<p>Une confidence d\u2019autant plus surprenante que <a href=\"https:\/\/www.20minutes.fr\/arts-stars\/people\/4152444-20250508-timothee-chalamet-kylie-jenner-font-premier-tapis-rouge-fille-louane-aide-promouvoir-maman\" class=\"color-ultramarine c-link\" target=\"_blank\" rel=\"noopener\">la compagne de l\u2019acteur Timoth\u00e9e Chalamet<\/a> reste g\u00e9n\u00e9ralement assez discr\u00e8te sur ses <a href=\"https:\/\/www.20minutes.fr\/dossier\/reseaux_sociaux\" class=\"color-ultramarine c-link\" target=\"_blank\" rel=\"noopener\">r\u00e9seaux sociaux<\/a>, o\u00f9 elle est pourtant massivement suivie (pr\u00e8s de 57\u00a0millions de personnes sont abonn\u00e9es \u00e0 son compte TikTok, par exemple).<\/p>\n<p><a href=\"https:\/\/www.20minutes.fr\/television\/kylie-jenner\/\" class=\"c-link c-btn c-btn--primary\" target=\"_blank\" rel=\"noopener\">Notre dossier \u00ab Kylie Jenner \u00bb<\/a><\/p>\n<p>Pour autant, rappelle Vanity Fair, \u00e7a n\u2019est pas la premi\u00e8re fois que Kylie Jenner s\u2019exprime sur le sujet puisqu\u2019elle avait, en\u00a02023, publiquement confi\u00e9 dans un \u00e9pisode de <a href=\"https:\/\/www.20minutes.fr\/arts-stars\/television\/2929875-20201211-incroyable-famille-kardashian-vraiment-fini-famille-signe-disney\" class=\"color-ultramarine c-link\" target=\"_blank\" rel=\"noopener\">L\u2019Incroyable Famille Kardashian<\/a> qu\u2019elle regrettait d\u2019avoir eu recours \u00e0 la chirurgie esth\u00e9tique alors qu\u2019elle avait, avant sa premi\u00e8re <a href=\"https:\/\/www.20minutes.fr\/dossier\/grossesse\" class=\"color-ultramarine c-link\" target=\"_blank\" rel=\"noopener\">grossesse<\/a>, \u00ab\u00a0une poitrine magnifique [\u2026] et une taille parfaite\u00a0\u00bb.<\/p>\n","protected":false},"excerpt":{"rendered":"Si certaines membres du clan Jenner\/Kardashian ont eu recours \u00e0 la chirurgie esth\u00e9tique, peu d\u2019entre elles l\u2019ont \u00e9voqu\u00e9\u2026&hellip;\n","protected":false},"author":2,"featured_media":154140,"comment_status":"","ping_status":"","sticky":false,"template":"","format":"standard","meta":{"footnotes":""},"categories":[1359],"tags":[11608,58,59,1011,27,28413,8932,19295,973,28412,28414,2439,13427,28415,133],"class_list":{"0":"post-154139","1":"post","2":"type-post","3":"status-publish","4":"format-standard","5":"has-post-thumbnail","7":"category-people","8":"tag-chirurgie-esthetique","9":"tag-divertissement","10":"tag-entertainment","11":"tag-fr","12":"tag-france","13":"tag-implants-mammaires","14":"tag-kim-kardashian","15":"tag-kylie-jenner","16":"tag-people","17":"tag-protheses-mammaires","18":"tag-seins","19":"tag-tiktok","20":"tag-timothee-chalamet","21":"tag-vanity-fair","22":"tag-video"},"share_on_mastodon":{"url":"https:\/\/pubeurope.com\/@fr\/114631248689379351","error":""},"_links":{"self":[{"href":"https:\/\/www.europesays.com\/fr\/wp-json\/wp\/v2\/posts\/154139","targetHints":{"allow":["GET"]}}],"collection":[{"href":"https:\/\/www.europesays.com\/fr\/wp-json\/wp\/v2\/posts"}],"about":[{"href":"https:\/\/www.europesays.com\/fr\/wp-json\/wp\/v2\/types\/post"}],"author":[{"embeddable":true,"href":"https:\/\/www.europesays.com\/fr\/wp-json\/wp\/v2\/users\/2"}],"replies":[{"embeddable":true,"href":"https:\/\/www.europesays.com\/fr\/wp-json\/wp\/v2\/comments?post=154139"}],"version-history":[{"count":0,"href":"https:\/\/www.europesays.com\/fr\/wp-json\/wp\/v2\/posts\/154139\/revisions"}],"wp:featuredmedia":[{"embeddable":true,"href":"https:\/\/www.europesays.com\/fr\/wp-json\/wp\/v2\/media\/154140"}],"wp:attachment":[{"href":"https:\/\/www.europesays.com\/fr\/wp-json\/wp\/v2\/media?parent=154139"}],"wp:term":[{"taxonomy":"category","embeddable":true,"href":"https:\/\/www.europesays.com\/fr\/wp-json\/wp\/v2\/categories?post=154139"},{"taxonomy":"post_tag","embeddable":true,"href":"https:\/\/www.europesays.com\/fr\/wp-json\/wp\/v2\/tags?post=154139"}],"curies":[{"name":"wp","href":"https:\/\/api.w.org\/{rel}","templated":true}]}}