{"id":154163,"date":"2025-06-05T14:44:10","date_gmt":"2025-06-05T14:44:10","guid":{"rendered":"https:\/\/www.europesays.com\/fr\/154163\/"},"modified":"2025-06-05T14:44:10","modified_gmt":"2025-06-05T14:44:10","slug":"deux-militants-de-greenpeace-mis-en-examen-et-places-sous-controle-judiciaire-liberation","status":"publish","type":"post","link":"https:\/\/www.europesays.com\/fr\/154163\/","title":{"rendered":"deux militants de Greenpeace mis en examen et plac\u00e9s sous contr\u00f4le judiciaire \u2013 Lib\u00e9ration"},"content":{"rendered":"<p class=\"sc-ksZaOG ehjQrN text-element\">Deux militants de l\u2019ONG Greenpeace,<a href=\"https:\/\/www.liberation.fr\/societe\/musee-grevin-la-statue-de-cire-demmanuel-macron-derobee-par-des-militants-de-greenpeace-20250602_MPYH7AB3DBFPNCO6RDRW7PEXWY\/\" target=\"_blank\" rel=\"noreferrer nofollow noopener\" title=\"https:\/\/www.liberation.fr\/societe\/musee-grevin-la-statue-de-cire-demmanuel-macron-derobee-par-des-militants-de-greenpeace-20250602_MPYH7AB3DBFPNCO6RDRW7PEXWY\/\"> qui avaient \u00abemprunt\u00e9\u00bb lundi la statue de cire d\u2019Emmanuel Macron<\/a> au mus\u00e9e Gr\u00e9vin &#8211; avant de la rendre le lendemain &#8211; ont \u00e9t\u00e9 mis en examen pour \u00abvol aggrav\u00e9\u00bb et plac\u00e9s sous contr\u00f4le judiciaire ce jeudi 5\u00a0juin, annonce \u00e0 Lib\u00e9ration Me Marie Dos\u00e9, avocate des deux activistes. L\u2019ouverture de cette information judiciaire intervient au titre du chef de \u00abvol en r\u00e9union d\u2019un bien culturel expos\u00e9\u00bb. Pour cette infraction, l\u2019homme et la femme mis en cause risquent jusqu\u2019\u00e0 dix\u00a0ans d\u2019emprisonnement et 150\u00a0000\u00a0euros d\u2019amende.<\/p>\n<p class=\"sc-ksZaOG ehjQrN text-element\">Les deux militants membres de l\u2019ONG avaient \u00e9t\u00e9 interpell\u00e9s lundi dans l\u2019apr\u00e8s-midi, quelques minutes apr\u00e8s une action men\u00e9e devant l\u2019ambassade de Russie en France. La r\u00e9plique en cire du chef de l\u2019Etat avait \u00e9t\u00e9 d\u00e9pos\u00e9e devant le b\u00e2timent pour d\u00e9noncer la poursuite du commerce entre Paris et Moscou malgr\u00e9 l\u2019invasion de l\u2019Ukraine, <a href=\"https:\/\/www.liberation.fr\/international\/amerique\/retour-du-gaz-russe-en-europe-une-hypothese-dans-les-tuyaux-20250320_VBEXEBHRXZDARMLERGMKPDB2TE\/\" target=\"_blank\" rel=\"noreferrer nofollow noopener\" title=\"ht&lt;\/p&gt;&lt;\/div&gt;&lt;\/article&gt;&lt;\/div&gt;&lt;div data-fusion-lazy-id=\" f0f8vgvlad832fw=\"\"><\/p>\n","protected":false},"excerpt":{"rendered":"Deux militants de l\u2019ONG Greenpeace, qui avaient \u00abemprunt\u00e9\u00bb lundi la statue de cire d\u2019Emmanuel Macron au mus\u00e9e Gr\u00e9vin&hellip;\n","protected":false},"author":2,"featured_media":154164,"comment_status":"","ping_status":"","sticky":false,"template":"","format":"standard","meta":{"footnotes":""},"categories":[4],"tags":[11,1073,1011,27,22050,12,25],"class_list":{"0":"post-154163","1":"post","2":"type-post","3":"status-publish","4":"format-standard","5":"has-post-thumbnail","7":"category-france","8":"tag-actualites","9":"tag-emmanuel-macron","10":"tag-fr","11":"tag-france","12":"tag-greenpeace","13":"tag-news","14":"tag-republique-francaise"},"share_on_mastodon":{"url":"https:\/\/pubeurope.com\/@fr\/114631295941445105","error":""},"_links":{"self":[{"href":"https:\/\/www.europesays.com\/fr\/wp-json\/wp\/v2\/posts\/154163","targetHints":{"allow":["GET"]}}],"collection":[{"href":"https:\/\/www.europesays.com\/fr\/wp-json\/wp\/v2\/posts"}],"about":[{"href":"https:\/\/www.europesays.com\/fr\/wp-json\/wp\/v2\/types\/post"}],"author":[{"embeddable":true,"href":"https:\/\/www.europesays.com\/fr\/wp-json\/wp\/v2\/users\/2"}],"replies":[{"embeddable":true,"href":"https:\/\/www.europesays.com\/fr\/wp-json\/wp\/v2\/comments?post=154163"}],"version-history":[{"count":0,"href":"https:\/\/www.europesays.com\/fr\/wp-json\/wp\/v2\/posts\/154163\/revisions"}],"wp:featuredmedia":[{"embeddable":true,"href":"https:\/\/www.europesays.com\/fr\/wp-json\/wp\/v2\/media\/154164"}],"wp:attachment":[{"href":"https:\/\/www.europesays.com\/fr\/wp-json\/wp\/v2\/media?parent=154163"}],"wp:term":[{"taxonomy":"category","embeddable":true,"href":"https:\/\/www.europesays.com\/fr\/wp-json\/wp\/v2\/categories?post=154163"},{"taxonomy":"post_tag","embeddable":true,"href":"https:\/\/www.europesays.com\/fr\/wp-json\/wp\/v2\/tags?post=154163"}],"curies":[{"name":"wp","href":"https:\/\/api.w.org\/{rel}","templated":true}]}}