{"id":154171,"date":"2025-06-05T14:48:10","date_gmt":"2025-06-05T14:48:10","guid":{"rendered":"https:\/\/www.europesays.com\/fr\/154171\/"},"modified":"2025-06-05T14:48:10","modified_gmt":"2025-06-05T14:48:10","slug":"nancy-buzyn-bachelot-et-bronner-au-forum-places-de-la-democratie-ce-vendredi","status":"publish","type":"post","link":"https:\/\/www.europesays.com\/fr\/154171\/","title":{"rendered":"Nancy. Buzyn, Bachelot et Bronner au forum \u00ab\u00a0Place(s) de la d\u00e9mocratie\u00a0\u00bb ce vendredi"},"content":{"rendered":"<p>Dirig\u00e9 par Thierry Pech, le think tank <a href=\"https:\/\/www.estrepublicain.fr\/politique\/2025\/05\/13\/a-nancy-terra-nova-veut-rapprocher-citoyens-et-experts-autour-des-enjeux-democratiques\" target=\"_blank\" rel=\"noopener\">Terra Nova<\/a> , un des cercles de r\u00e9flexion les plus influents du paysage politique fran\u00e7ais depuis sa cr\u00e9ation en 2008, est \u00e0\u00a0Nancy jusqu\u2019\u00e0 ce samedi 7\u00a0juin pour parler science et d\u00e9mocratie.<\/p>\n<p>Avec ses partenaires (Ville de Nancy, \u00c9vidences, Res Publica, Universit\u00e9 de Lorraine, Science Po Campus de Nancy, Parlons d\u00e9mocratie et <a href=\"https:\/\/www.estrepublicain.fr\/\" target=\"_blank\" rel=\"noopener\">L\u2019Est R\u00e9publicain<\/a> , membre du <a href=\"https:\/\/www.ebra.fr\/\" target=\"_blank\" rel=\"noopener\">groupe Ebra<\/a> ), il invite le public \u00e0 s\u2019emparer de ces deux th\u00e9matiques pour entrer en r\u00e9sistance scientifique et d\u00e9mocratique face \u00e0 l\u2019obscurantisme, \u00e0 la d\u00e9sinformation, aux fausses croyances qui voudraient actuellement dominer le monde. \u00ab\u00a0Il faut tenir t\u00eate aux gens pr\u00eats \u00e0 raconter n\u2019importe quoi\u00a0\u00bb, pr\u00e9vient Thierry Pech.<\/p>\n<p>  Post-v\u00e9rit\u00e9<\/p>\n<p><a href=\"https:\/\/tnova.fr\/news\/forum-place-s-de-la-democratie-2025\/\" target=\"_blank\" rel=\"noopener\">Le programme<\/a> est dense ces deux prochaines journ\u00e9es.<\/p>\n<p>Rendez-vous pour un dialogue entre <a href=\"https:\/\/www.estrepublicain.fr\/p\/roselyne-bachelot\" target=\"_blank\" rel=\"noopener\">Roselyne Bachelot<\/a>, ancienne ministre de la Sant\u00e9 et pharmacienne, et <a href=\"https:\/\/www.estrepublicain.fr\/p\/agnes-buzyn\" target=\"_blank\" rel=\"noopener\">Agn\u00e8s Buzyn<\/a>, ancienne ministre des Solidarit\u00e9s et de la Sant\u00e9, m\u00e9decin et pr\u00e9sidente du <a href=\"https:\/\/www.estrepublicain.fr\/education\/2025\/06\/05\/comment-faire-aimer-les-maths-aux-filles-les-propositions-d-un-rapport-inedit\" target=\"_blank\" rel=\"noopener\">think tank \u00c9vidences<\/a> , ce vendredi 6\u00a0juin \u00e0 17\u00a0h\u00a030 \u00e0 l\u2019 <a href=\"https:\/\/www.estrepublicain.fr\/culture-loisirs\/2025\/05\/22\/l-opera-national-de-nancy-lorraine-a-presente-son-nouveau-programme-mais-le-courage\" target=\"_blank\" rel=\"noopener\">Op\u00e9ra<\/a> , <a href=\"https:\/\/www.estrepublicain.fr\/p\/place-stanislas\" target=\"_blank\" rel=\"noopener\">place Stanislas<\/a>.<\/p>\n<p><a href=\"https:\/\/tnova.fr\/site\/assets\/files\/69491\/programme_nancy_2025.pdf\" target=\"_blank\" rel=\"noopener\">Ce vendredi \u00e9galement<\/a> , rendez-vous \u00e0 l\u2019Op\u00e9ra \u00e0 19\u00a0h\u00a015, pour un \u00e9change sur la post-v\u00e9rit\u00e9 avec <a href=\"https:\/\/www.estrepublicain.fr\/politique\/2025\/03\/22\/trump-poutine-reseaux-nous-sommes-dans-un-monde-siderant-deplore-gerald-bronner\" target=\"_blank\" rel=\"noopener\">G\u00e9rald Bronner<\/a> , sociologue et professeur des universit\u00e9s, Yann Algan, doyen associ\u00e9 des programmes pr\u00e9-exp\u00e9rience et professeur d\u2019\u00e9conomie \u00e0 HEC, membre du Conseil d\u2019analyse \u00e9conomique, <a href=\"https:\/\/www.estrepublicain.fr\/p\/najat-vallaud-belkacem\" target=\"_blank\" rel=\"noopener\">Najat Vallaud-Belkacem<\/a>, ancienne ministre, ancienne porte-parole du gouvernement, conseill\u00e8re r\u00e9gionale d\u2019Auvergne-Rh\u00f4ne-Alpes et pr\u00e9sidente de France terre d\u2019asile, et <a href=\"https:\/\/www.estrepublicain.fr\/magazine-sante\/2022\/11\/15\/ancien-conseiller-d-olivier-veran-arnaud-vanneste-nomme-directeur-general-du-chru-de-nancy\" target=\"_blank\" rel=\"noopener\">Arnaud Vanneste<\/a> , directeur g\u00e9n\u00e9ral du <a href=\"https:\/\/www.estrepublicain.fr\/d\/dans-les-coulisses-du-chru-de-nancy-9fc0d891-f9ec-404b-84ac-4855014b2e11\" target=\"_blank\" rel=\"noopener\">CHRU de Nancy<\/a>.<\/p>\n<p>Ce contenu est bloqu\u00e9 car vous n&rsquo;avez pas accept\u00e9 les cookies et autres traceurs.<\/p>\n<p>En cliquant sur \u00ab J\u2019accepte \u00bb, les cookies et autres traceurs seront d\u00e9pos\u00e9s et vous pourrez visualiser les contenus  (<a href=\"\" class=\"consentModule_policy\" target=\"_blank\" title=\"Consulter la politique de protection des donn\u00e9es du fournisseur\">plus d&rsquo;informations<\/a>).<\/p>\n<p>En cliquant sur \u00ab J\u2019accepte tous les cookies \u00bb, vous autorisez des d\u00e9p\u00f4ts de cookies et autres traceurs pour le stockage de vos donn\u00e9es sur nos sites et applications \u00e0 des fins de personnalisation et de ciblage publicitaire.<\/p>\n<p class=\"consentModule_secondaryText\">Vous gardez la possibilit\u00e9 de retirer votre consentement \u00e0 tout moment en consultant notre <a href=\"https:\/\/www.estrepublicain.fr\/protection-des-donnees\" target=\"_blank\" title=\"Consulter notre politique de protection des donn\u00e9es\" rel=\"noopener\">politique de protection des donn\u00e9es<\/a>. <br \/>&#13;<br \/>\n            <a href=\"https:\/\/www.estrepublicain.fr\/politique\/2025\/06\/05\/javascript:Didomi.notice.show()\" class=\"consentModule_cmp\" target=\"_blank\" rel=\"noopener\">G\u00e9rer mes choix<\/a>&#13;\n        <\/p>\n<p>&#13;<br \/>\n                        J&rsquo;accepte&#13;<br \/>\n            J&rsquo;accepte tous les cookies&#13;\n        <\/p>\n","protected":false},"excerpt":{"rendered":"Dirig\u00e9 par Thierry Pech, le think tank Terra Nova , un des cercles de r\u00e9flexion les plus influents&hellip;\n","protected":false},"author":2,"featured_media":154172,"comment_status":"","ping_status":"","sticky":false,"template":"","format":"standard","meta":{"footnotes":""},"categories":[9635],"tags":[1111,11,1704,1777,674,1011,27,775,1702,1703,12,316,25,104],"class_list":{"0":"post-154171","1":"post","2":"type-post","3":"status-publish","4":"format-standard","5":"has-post-thumbnail","7":"category-nancy","8":"tag-actu","9":"tag-actualites","10":"tag-edition-nancy-et-agglomeration","11":"tag-eu","12":"tag-europe","13":"tag-fr","14":"tag-france","15":"tag-grand-est","16":"tag-nancy","17":"tag-nancy-ville-54b","18":"tag-news","19":"tag-politique","20":"tag-republique-francaise","21":"tag-societe"},"share_on_mastodon":{"url":"https:\/\/pubeurope.com\/@fr\/114631311565485771","error":""},"_links":{"self":[{"href":"https:\/\/www.europesays.com\/fr\/wp-json\/wp\/v2\/posts\/154171","targetHints":{"allow":["GET"]}}],"collection":[{"href":"https:\/\/www.europesays.com\/fr\/wp-json\/wp\/v2\/posts"}],"about":[{"href":"https:\/\/www.europesays.com\/fr\/wp-json\/wp\/v2\/types\/post"}],"author":[{"embeddable":true,"href":"https:\/\/www.europesays.com\/fr\/wp-json\/wp\/v2\/users\/2"}],"replies":[{"embeddable":true,"href":"https:\/\/www.europesays.com\/fr\/wp-json\/wp\/v2\/comments?post=154171"}],"version-history":[{"count":0,"href":"https:\/\/www.europesays.com\/fr\/wp-json\/wp\/v2\/posts\/154171\/revisions"}],"wp:featuredmedia":[{"embeddable":true,"href":"https:\/\/www.europesays.com\/fr\/wp-json\/wp\/v2\/media\/154172"}],"wp:attachment":[{"href":"https:\/\/www.europesays.com\/fr\/wp-json\/wp\/v2\/media?parent=154171"}],"wp:term":[{"taxonomy":"category","embeddable":true,"href":"https:\/\/www.europesays.com\/fr\/wp-json\/wp\/v2\/categories?post=154171"},{"taxonomy":"post_tag","embeddable":true,"href":"https:\/\/www.europesays.com\/fr\/wp-json\/wp\/v2\/tags?post=154171"}],"curies":[{"name":"wp","href":"https:\/\/api.w.org\/{rel}","templated":true}]}}