{"id":154188,"date":"2025-06-05T14:57:22","date_gmt":"2025-06-05T14:57:22","guid":{"rendered":"https:\/\/www.europesays.com\/fr\/154188\/"},"modified":"2025-06-05T14:57:22","modified_gmt":"2025-06-05T14:57:22","slug":"pro-d2-fcg-montauban-pourquoi-il-ny-aura-pas-decran-geant-a-grenoble-pour-suivre-la-finale","status":"publish","type":"post","link":"https:\/\/www.europesays.com\/fr\/154188\/","title":{"rendered":"Pro D2. FCG-Montauban\u00a0: pourquoi il n&rsquo;y aura pas d&rsquo;\u00e9cran g\u00e9ant \u00e0 Grenoble pour suivre la finale"},"content":{"rendered":"<p>Les supporters grenoblois devront se contenter de suivre la finale en petit comit\u00e9. \u00c0 deux jours du <a href=\"https:\/\/www.ledauphine.com\/sport\/2025\/06\/05\/encore-des-incertitudes-sur-la-compo-un-arbitre-international-au-sifflet-les-echos-du-fcg-a-deux-jours-de-la-finale\" target=\"_blank\" rel=\"noopener\">match d\u00e9cisif<\/a> entre le FCG et Montauban, en finale de Pro D2 de rugby ce samedi, la Ville et la M\u00e9tropole de Grenoble ont confirm\u00e9 qu\u2019aucune retransmission sur \u00e9cran g\u00e9ant ne serait organis\u00e9e.<\/p>\n<p>Une d\u00e9cision qui contraste avec l\u2019engouement observ\u00e9 la semaine derni\u00e8re\u00a0: pour la demi-finale face \u00e0 Provence, le <a href=\"https:\/\/www.ledauphine.com\/sport\/2025\/05\/29\/une-demonstration-de-force-et-une-ambiance-de-folie-un-recital-synonyme-de-finale-pour-le-fcg\" target=\"_blank\" rel=\"noopener\">Stade des Alpes affichait complet <\/a> avec plus de 19\u00a0000 spectateurs et des places parties comme des petits pains.<\/p>\n<p>Deux solutions : au bar ou \u00e0 la maison<\/p>\n<p>Ce samedi, pour ceux qui ne feront pas le d\u00e9placement jusqu\u2019\u00e0 la Toulouse, il faudra donc se tourner vers les bars ou rester \u00e0 la maison pour suivre la rencontre.<\/p>\n<p>Ce contenu est bloqu\u00e9 car vous n&rsquo;avez pas accept\u00e9 les cookies et autres traceurs.<\/p>\n<p>En cliquant sur \u00ab J\u2019accepte \u00bb, les cookies et autres traceurs seront d\u00e9pos\u00e9s et vous pourrez visualiser les contenus  (<a href=\"\" class=\"consentModule_policy\" target=\"_blank\" title=\"Consulter la politique de protection des donn\u00e9es du fournisseur\">plus d&rsquo;informations<\/a>).<\/p>\n<p>En cliquant sur \u00ab J\u2019accepte tous les cookies \u00bb, vous autorisez des d\u00e9p\u00f4ts de cookies et autres traceurs pour le stockage de vos donn\u00e9es sur nos sites et applications \u00e0 des fins de personnalisation et de ciblage publicitaire.<\/p>\n<p class=\"consentModule_secondaryText\">Vous gardez la possibilit\u00e9 de retirer votre consentement \u00e0 tout moment en consultant notre <a href=\"https:\/\/www.ledauphine.com\/protection-des-donnees\" target=\"_blank\" title=\"Consulter notre politique de protection des donn\u00e9es\" rel=\"noopener\">politique de protection des donn\u00e9es<\/a>. <br \/>&#13;<br \/>\n            <a href=\"https:\/\/www.ledauphine.com\/sport\/2025\/06\/05\/javascript:Didomi.notice.show()\" class=\"consentModule_cmp\" target=\"_blank\" rel=\"noopener\">G\u00e9rer mes choix<\/a>&#13;\n        <\/p>\n<p>&#13;<br \/>\n                        J&rsquo;accepte&#13;<br \/>\n            J&rsquo;accepte tous les cookies&#13;\n        <\/p>\n<p>\u00c0 Montauban, la donne est tout autre. La municipalit\u00e9 a pr\u00e9vu une grande retransmission dans l\u2019enceinte de Sapiac, stade mythique de l\u2019USM, <a href=\"https:\/\/www.francebleu.fr\/sports\/rugby\/finale-de-pro-d2-le-match-montauban-grenoble-retransmis-sur-ecran-geant-au-stade-sapiac-4995940\" target=\"_blank\" rel=\"noopener\">indiquent nos confr\u00e8res d\u2019Ici Occitanie<\/a>. Deux \u00e9crans g\u00e9ants y seront install\u00e9s, accompagn\u00e9s de food-trucks et de buvettes pour faire vibrer la ville autour de son \u00e9quipe. Jusqu\u2019\u00e0 7\u00a0500 supporters sont attendus pour vivre ensemble cette finale de Pro D2.<\/p>\n","protected":false},"excerpt":{"rendered":"Les supporters grenoblois devront se contenter de suivre la finale en petit comit\u00e9. \u00c0 deux jours du match&hellip;\n","protected":false},"author":2,"featured_media":154189,"comment_status":"","ping_status":"","sticky":false,"template":"","format":"standard","meta":{"footnotes":""},"categories":[9566],"tags":[1111,11,2430,112,1777,674,2727,107,1701,1011,27,2731,2732,108,1985,12,2308,25,479,517],"class_list":{"0":"post-154188","1":"post","2":"type-post","3":"status-publish","4":"format-standard","5":"has-post-thumbnail","7":"category-grenoble","8":"tag-actu","9":"tag-actualites","10":"tag-auvergne-rhone-alpes","11":"tag-edition-grenoble-agglomeration","12":"tag-eu","13":"tag-europe","14":"tag-fcg-fc-grenoble-rugby","15":"tag-fil-info","16":"tag-fil-info-sport","17":"tag-fr","18":"tag-france","19":"tag-grenoble","20":"tag-grenoble-bassin","21":"tag-isere","22":"tag-metropole-de-grenoble","23":"tag-news","24":"tag-pro-d2","25":"tag-republique-francaise","26":"tag-rugby","27":"tag-sport"},"share_on_mastodon":{"url":"https:\/\/pubeurope.com\/@fr\/114631346983717391","error":""},"_links":{"self":[{"href":"https:\/\/www.europesays.com\/fr\/wp-json\/wp\/v2\/posts\/154188","targetHints":{"allow":["GET"]}}],"collection":[{"href":"https:\/\/www.europesays.com\/fr\/wp-json\/wp\/v2\/posts"}],"about":[{"href":"https:\/\/www.europesays.com\/fr\/wp-json\/wp\/v2\/types\/post"}],"author":[{"embeddable":true,"href":"https:\/\/www.europesays.com\/fr\/wp-json\/wp\/v2\/users\/2"}],"replies":[{"embeddable":true,"href":"https:\/\/www.europesays.com\/fr\/wp-json\/wp\/v2\/comments?post=154188"}],"version-history":[{"count":0,"href":"https:\/\/www.europesays.com\/fr\/wp-json\/wp\/v2\/posts\/154188\/revisions"}],"wp:featuredmedia":[{"embeddable":true,"href":"https:\/\/www.europesays.com\/fr\/wp-json\/wp\/v2\/media\/154189"}],"wp:attachment":[{"href":"https:\/\/www.europesays.com\/fr\/wp-json\/wp\/v2\/media?parent=154188"}],"wp:term":[{"taxonomy":"category","embeddable":true,"href":"https:\/\/www.europesays.com\/fr\/wp-json\/wp\/v2\/categories?post=154188"},{"taxonomy":"post_tag","embeddable":true,"href":"https:\/\/www.europesays.com\/fr\/wp-json\/wp\/v2\/tags?post=154188"}],"curies":[{"name":"wp","href":"https:\/\/api.w.org\/{rel}","templated":true}]}}