{"id":154190,"date":"2025-06-05T14:58:14","date_gmt":"2025-06-05T14:58:14","guid":{"rendered":"https:\/\/www.europesays.com\/fr\/154190\/"},"modified":"2025-06-05T14:58:14","modified_gmt":"2025-06-05T14:58:14","slug":"un-evenement-gratuit-avec-spectacles-et-animations-ce-week-end","status":"publish","type":"post","link":"https:\/\/www.europesays.com\/fr\/154190\/","title":{"rendered":"un \u00e9v\u00e9nement gratuit avec spectacles et animations ce week-end"},"content":{"rendered":"<p>            Par<br \/>\n        <strong><br \/>\n            <a href=\"https:\/\/actu.fr\/auteur\/redaction-jv\" title=\"Consulter tous les articles de R\u00e9daction Vitr\u00e9\" target=\"_blank\" rel=\"noopener\">R\u00e9daction Vitr\u00e9<\/a><br \/>\n        <\/strong><\/p>\n<p>        Publi\u00e9 le<\/p>\n<p>            5 juin 2025 \u00e0 11h25        <\/p>\n<p>Samedi 7 juin 2025, d\u00e8s 14 h, l\u2019esplanade du centre culturel de <b>Noyal-sur-Vilaine <\/b>(Ille-et-Vilaine), L\u2019Intervalle, va accueillir le \u00ab Rendez-fou ! \u00bb avec <b>spectacles et animations<\/b>, le tout gratuit.<\/p>\n<p class=\" wall-content\">Un cocktail d\u2019amateurs et de professionnels proposera une diversit\u00e9 de spectacles : <b>danse, th\u00e9\u00e2tre, musique, cirque<\/b>, boum en fin de journ\u00e9e\u2026 De 14 h \u00e0 18 h, cr\u00e9ation de masques, photobooth, masque g\u00e9ant, exposition de masques en c\u00e9ramique, coin lecture et jeux g\u00e9ants.<\/p>\n<p class=\" wall-content\">\u00ab <b>Une f\u00eate de village aux allures de festival<\/b>, une journ\u00e9e compl\u00e8tement folle ! Un rassemblement au c\u0153ur de la ville pour faire la f\u00eate sans retenue. Depuis 10\u00a0ans, la recette n\u2019a pas chang\u00e9 : de la musique, des guirlandes, des spectacles et des propositions joyeuses imagin\u00e9es par des acteurs locaux cr\u00e9atifs. \u00bb Le \u00ab Rendez-fou ! \u00bb est bisannuel en alternance avec le <b>Bal fou !<\/b><\/p>\n<p>Le programme<\/p>\n<ul class=\" wall-content\">\n<li>14 h : La folle parade avec la Cie C\u2019hoari + Jahiner : une d\u00e9ambulation joyeuse et collective avec la participation des habitants petits et grands pour lancer cette journ\u00e9e festive.<\/li>\n<li>14 h 30 : Danse avec Un Temps Danse suivie de la troupe du Th\u00e9\u00e2tre Noyal sur Sc\u00e8ne, \u00e0 15 h 10.<\/li>\n<li>15 h 30 : Le Lac des cygnes avec la Cie Les \u00e9chapp\u00e9s du bal : un classique revisit\u00e9 et un peu fou. Les com\u00e9diens vous font (re) d\u00e9couvrir cette grande histoire d\u2019amour. Une version de l\u2019\u0153uvre d\u00e9complex\u00e9e, dr\u00f4le, surprenante et l\u00e9g\u00e8rement interactive.<\/li>\n<li>16 h 45 : Fanfare \u00ab Jahiner \u00bb : apr\u00e8s le festival Interceltique de Lorient et bien d\u2019autres p\u00e9rip\u00e9ties, c\u2019est \u00e0 Noyal-sur-Vilaine que ces musiciens bretons d\u00e9jant\u00e9s vont faire leur show.<\/li>\n<li>17 h 15 : Musique avec l\u2019AMHV (Association musique de Haute-Vilaine).<\/li>\n<li>18 h : Danse par le groupe GEM (Groupe En Mouvement).<\/li>\n<li>18 h 30 : Accroche-toi si tu peux par la Cie Les Invendus (mime et acrobatie, jonglage pr\u00e9cis po\u00e9tique et vivant).<\/li>\n<li>19 h : Ap\u00e9ro karaok\u00e9 offert par Noyal Accueil-cuisine, les Amis de la Sant\u00e9, \u00c9picom, Les Agit\u00e9s du Vocal.<\/li>\n<li>20 h : Tsef Zon (e) \u00e0 4- Cie C\u2019hoari (artistes associ\u00e9es \u00e0 L\u2019intervalle). Les quatre artistes d\u00e9tournent les codes du traditionnel fest-noz. Ce spectacle retranscrit avec \u00e9nergie et simplicit\u00e9 le plaisir d\u2019\u00eatre ensemble. Initiation \u00e0 la danse bretonne \u00e0 l\u2019issue du spectacle.<\/li>\n<li>21 h : DJ set : boum DJ Choucroute.<\/li>\n<\/ul>\n<p>Pratique : samedi 7\u00a0juin, de 14 h \u00e0 18 h le \u00ab Rendez-fou ! \u00bb. Renseignements : actions.intervalle@noyalsurvilaine. Bar et food-truck restauration sur place.<\/p>\n<p>Vid\u00e9os : en ce moment sur Actu<\/p>\n<p class=\" wall-content\">Suivez toute l\u2019actualit\u00e9 de vos villes et m\u00e9dias favoris en vous inscrivant \u00e0 <a href=\"https:\/\/moncompte.actu.fr\" title=\"D\u00e9couvez Mon Actu\" rel=\"nofollow noopener\" data-trk=\"{&quot;cta&quot;:{&quot;action&quot;:&quot;https:\\\/\\\/moncompte.actu.fr&quot;,&quot;category&quot;:&quot;mon compte&quot;,&quot;from&quot;:&quot;article footer&quot;,&quot;name&quot;:&quot;Mon actu&quot;,&quot;type&quot;:&quot;cta&quot;}}\" target=\"_blank\">Mon Actu<\/a>.<\/p>\n","protected":false},"excerpt":{"rendered":"Par R\u00e9daction Vitr\u00e9 Publi\u00e9 le 5 juin 2025 \u00e0 11h25 Samedi 7 juin 2025, d\u00e8s 14 h, l\u2019esplanade&hellip;\n","protected":false},"author":2,"featured_media":154191,"comment_status":"","ping_status":"","sticky":false,"template":"","format":"standard","meta":{"footnotes":""},"categories":[2821],"tags":[1111,11,1063,829,1777,674,1011,27,1652,12,584,25,853],"class_list":{"0":"post-154190","1":"post","2":"type-post","3":"status-publish","4":"format-standard","5":"has-post-thumbnail","7":"category-rennes","8":"tag-actu","9":"tag-actualites","10":"tag-animations","11":"tag-bretagne","12":"tag-eu","13":"tag-europe","14":"tag-fr","15":"tag-france","16":"tag-loisirs-culture","17":"tag-news","18":"tag-rennes","19":"tag-republique-francaise","20":"tag-spectacles"},"share_on_mastodon":{"url":"https:\/\/pubeurope.com\/@fr\/114631350932420006","error":""},"_links":{"self":[{"href":"https:\/\/www.europesays.com\/fr\/wp-json\/wp\/v2\/posts\/154190","targetHints":{"allow":["GET"]}}],"collection":[{"href":"https:\/\/www.europesays.com\/fr\/wp-json\/wp\/v2\/posts"}],"about":[{"href":"https:\/\/www.europesays.com\/fr\/wp-json\/wp\/v2\/types\/post"}],"author":[{"embeddable":true,"href":"https:\/\/www.europesays.com\/fr\/wp-json\/wp\/v2\/users\/2"}],"replies":[{"embeddable":true,"href":"https:\/\/www.europesays.com\/fr\/wp-json\/wp\/v2\/comments?post=154190"}],"version-history":[{"count":0,"href":"https:\/\/www.europesays.com\/fr\/wp-json\/wp\/v2\/posts\/154190\/revisions"}],"wp:featuredmedia":[{"embeddable":true,"href":"https:\/\/www.europesays.com\/fr\/wp-json\/wp\/v2\/media\/154191"}],"wp:attachment":[{"href":"https:\/\/www.europesays.com\/fr\/wp-json\/wp\/v2\/media?parent=154190"}],"wp:term":[{"taxonomy":"category","embeddable":true,"href":"https:\/\/www.europesays.com\/fr\/wp-json\/wp\/v2\/categories?post=154190"},{"taxonomy":"post_tag","embeddable":true,"href":"https:\/\/www.europesays.com\/fr\/wp-json\/wp\/v2\/tags?post=154190"}],"curies":[{"name":"wp","href":"https:\/\/api.w.org\/{rel}","templated":true}]}}