{"id":154198,"date":"2025-06-05T15:02:09","date_gmt":"2025-06-05T15:02:09","guid":{"rendered":"https:\/\/www.europesays.com\/fr\/154198\/"},"modified":"2025-06-05T15:02:09","modified_gmt":"2025-06-05T15:02:09","slug":"on-embrassait-les-sauveurs-ils-racontent-leurs-souvenirs-de-la-seconde-guerre-mondiale-aux-collegiens-de-carros","status":"publish","type":"post","link":"https:\/\/www.europesays.com\/fr\/154198\/","title":{"rendered":"\u00ab\u00a0On embrassait les sauveurs\u00a0\u00bb: ils racontent leurs souvenirs de la Seconde Guerre mondiale aux coll\u00e9giens de Carros"},"content":{"rendered":"<p>Le projet des \u00e9l\u00e8ves de 3e POP* du coll\u00e8ge Paul Langevin de Carros \u00e9tait d\u2019inviter cinq r\u00e9sidents n\u00e9s entre 1925 et 1937 de L\u2019Ehpad La Bastide des Cayrons de Vence afin d\u2019\u00e9couter leur ressenti de la Seconde Guerre mondiale durant leur jeune \u00e2ge. Cette rencontre entre les deux g\u00e9n\u00e9rations a permis \u00e0 l\u2019une de transmettre son histoire et \u00e0 l\u2019autre d\u2019entendre, pour la premi\u00e8re fois, des t\u00e9moignages de personnes ayant v\u00e9cu cette p\u00e9riode. Jusque-l\u00e0, seuls les livres ou documentaires alimentaient leur perception de cette \u00e9poque sombre.<\/p>\n<p>\u00ab\u00a0Quel a \u00e9t\u00e9 votre plus mauvais souvenir?\u00a0\u00bb, demande Mathilde \u00e0 Claude, 97 ans. \u00ab\u00a0J\u2019ai pleur\u00e9 \u00e0 la d\u00e9claration de la guerre. Mon p\u00e8re \u00e9tait chef de section, j\u2019avais peur de ne jamais plus le revoir, r\u00e9pond le vieil homme qui vivait \u00e0 Limoges \u00e0 cette \u00e9poque-l\u00e0.Pour \u00e9viter de s\u2019\u00e9tendre sur l\u2019horreur qu\u2019il a v\u00e9cue, ce dernier encha\u00eene sur ses exploits au basket-ball, pour faire diversion.\u00a0\u00ab\u00a0Qu\u2019auriez-vous fait de diff\u00e9rent s\u2019il n\u2019y avait pas eu la guerre?\u00a0\u00bb, l\u2019interroge \u00e0 son tour Rahma. \u00ab\u00a0Je serais devenu musicien\u00a0\u00bb, lance spontan\u00e9ment Claude.<\/p>\n<p>\u00ab\u00a0On embrassait les sauveurs\u00a0\u00bb<\/p>\n<p>\u00ab\u00a0Avez-vous eu peur?\u00a0\u00bb, s\u2019enquiert Rosario aupr\u00e8s de Jeanine. La centenaire se souvient de sa plus grosse frayeur \u00e0 la vue du premier Allemand. Il est pass\u00e9 \u00e0 c\u00f4t\u00e9 d\u2019elle, sans m\u00eame la regarder. Elle vivait \u00e0 Vichy, station thermale d\u00e9clar\u00e9e ville ouverte. \u00ab\u00a0La vie \u00e9tait calme, on ne manquait de rien\u00a0\u00bb, se souvient Jeanine. Elle fabriquait des chapeaux. Elle s\u2019est mari\u00e9e en ao\u00fbt 1944, le jour m\u00eame o\u00f9 les Allemands ont quitt\u00e9 la ville.<\/p>\n<p>La guerre n\u2019a laiss\u00e9 aucun traumatisme \u00e0 H\u00e9l\u00e8ne, n\u00e9e en 1937 \u00e0 la campagne, Klara, en 1928 en Suisse et Irma, en 1932 \u00e0 Sospel. La cohabitation avec les Allemands s\u2019est faite \u00ab\u00a0dans le respect\u00a0\u00bb. Une surprise pour les \u00e9l\u00e8ves qui ne s\u2019imaginaient que les horreurs de la guerre.<\/p>\n<p>Mais pour tous, le fait le plus marquant de cette p\u00e9riode est rest\u00e9 la lib\u00e9ration. \u00ab\u00a0On embrassait les sauveurs\u00a0\u00bb, se rappellent-ils.\u00a0L\u2019espace de quelques minutes pass\u00e9es ensemble, la guerre est pass\u00e9e de quelque chose d\u2019abstrait \u00e0 la r\u00e9alit\u00e9 pour ces coll\u00e9giens.<\/p>\n<p>*Projet orientation professionnelle.<\/p>\n","protected":false},"excerpt":{"rendered":"Le projet des \u00e9l\u00e8ves de 3e POP* du coll\u00e8ge Paul Langevin de Carros \u00e9tait d\u2019inviter cinq r\u00e9sidents n\u00e9s&hellip;\n","protected":false},"author":2,"featured_media":154199,"comment_status":"","ping_status":"","sticky":false,"template":"","format":"standard","meta":{"footnotes":""},"categories":[2819],"tags":[1111,11,1777,674,1011,27,12,2401,882,25,3366],"class_list":{"0":"post-154198","1":"post","2":"type-post","3":"status-publish","4":"format-standard","5":"has-post-thumbnail","7":"category-nice","8":"tag-actu","9":"tag-actualites","10":"tag-eu","11":"tag-europe","12":"tag-fr","13":"tag-france","14":"tag-news","15":"tag-nice","16":"tag-provence-alpes-cote-dazur","17":"tag-republique-francaise","18":"tag-vie-locale"},"share_on_mastodon":{"url":"https:\/\/pubeurope.com\/@fr\/114631366631581549","error":""},"_links":{"self":[{"href":"https:\/\/www.europesays.com\/fr\/wp-json\/wp\/v2\/posts\/154198","targetHints":{"allow":["GET"]}}],"collection":[{"href":"https:\/\/www.europesays.com\/fr\/wp-json\/wp\/v2\/posts"}],"about":[{"href":"https:\/\/www.europesays.com\/fr\/wp-json\/wp\/v2\/types\/post"}],"author":[{"embeddable":true,"href":"https:\/\/www.europesays.com\/fr\/wp-json\/wp\/v2\/users\/2"}],"replies":[{"embeddable":true,"href":"https:\/\/www.europesays.com\/fr\/wp-json\/wp\/v2\/comments?post=154198"}],"version-history":[{"count":0,"href":"https:\/\/www.europesays.com\/fr\/wp-json\/wp\/v2\/posts\/154198\/revisions"}],"wp:featuredmedia":[{"embeddable":true,"href":"https:\/\/www.europesays.com\/fr\/wp-json\/wp\/v2\/media\/154199"}],"wp:attachment":[{"href":"https:\/\/www.europesays.com\/fr\/wp-json\/wp\/v2\/media?parent=154198"}],"wp:term":[{"taxonomy":"category","embeddable":true,"href":"https:\/\/www.europesays.com\/fr\/wp-json\/wp\/v2\/categories?post=154198"},{"taxonomy":"post_tag","embeddable":true,"href":"https:\/\/www.europesays.com\/fr\/wp-json\/wp\/v2\/tags?post=154198"}],"curies":[{"name":"wp","href":"https:\/\/api.w.org\/{rel}","templated":true}]}}