{"id":154200,"date":"2025-06-05T15:03:09","date_gmt":"2025-06-05T15:03:09","guid":{"rendered":"https:\/\/www.europesays.com\/fr\/154200\/"},"modified":"2025-06-05T15:03:09","modified_gmt":"2025-06-05T15:03:09","slug":"lunoc3-a-nice-les-grands-groupes-redorent-leur-image-lors-dun-sommet-des-oceans-en-eaux-troubles","status":"publish","type":"post","link":"https:\/\/www.europesays.com\/fr\/154200\/","title":{"rendered":"l\u2019Unoc3 \u00e0 Nice\u00a0: les grands groupes redorent leur image lors d\u2019un sommet des oc\u00e9ans en eaux troubles"},"content":{"rendered":"<p><strong>Envoy\u00e9e sp\u00e9ciale.<\/strong><\/p>\n<p>Le greenwashing passe aussi par l\u2019oc\u00e9an. La Conf\u00e9rence des Nations unies sur l\u2019oc\u00e9an (Unoc), qui se d\u00e9roulera du 9 au 13\u00a0juin \u00e0 Nice (Alpes-Maritimes), coorganis\u00e9e par la France et le Costa Rica, explose son budget et affiche certains partenaires peu vertueux sur le plan environnemental. \u00c0 Lisbonne, le pr\u00e9c\u00e9dent sommet avait co\u00fbt\u00e9 11\u00a0millions d\u2019euros. La France, qui a d\u00e9marr\u00e9 avec une enveloppe initiale de 47,7\u00a0millions d\u2019euros, atteint, selon une enqu\u00eate de Mediapart, 52\u00a0millions d\u2019euros rien que pour la \u00ab\u00a0zone bleue\u00a0\u00bb, r\u00e9serv\u00e9e aux d\u00e9l\u00e9gations officielles et sous l\u2019\u00e9gide des Nations unies. Restaient \u00e0 trouver aupr\u00e8s d\u2019entreprises quelque 10\u00a0millions d\u2019euros pour la \u00ab\u00a0zone verte\u00a0\u00bb, d\u00e9di\u00e9e&#8230;<\/p>\n","protected":false},"excerpt":{"rendered":"Envoy\u00e9e sp\u00e9ciale. Le greenwashing passe aussi par l\u2019oc\u00e9an. La Conf\u00e9rence des Nations unies sur l\u2019oc\u00e9an (Unoc), qui se&hellip;\n","protected":false},"author":2,"featured_media":154201,"comment_status":"","ping_status":"","sticky":false,"template":"","format":"standard","meta":{"footnotes":""},"categories":[2819],"tags":[1111,11,27813,1777,674,1011,27,17662,12,2401,882,25,28417],"class_list":{"0":"post-154200","1":"post","2":"type-post","3":"status-publish","4":"format-standard","5":"has-post-thumbnail","7":"category-nice","8":"tag-actu","9":"tag-actualites","10":"tag-confu00e9rence-des-nations-unies-sur-locu00e9an-unoc","11":"tag-eu","12":"tag-europe","13":"tag-fr","14":"tag-france","15":"tag-mers-et-ocu00e9ans","16":"tag-news","17":"tag-nice","18":"tag-provence-alpes-cote-dazur","19":"tag-republique-francaise","20":"tag-u00e9conomie-bleue"},"share_on_mastodon":{"url":"https:\/\/pubeurope.com\/@fr\/114631370510140586","error":""},"_links":{"self":[{"href":"https:\/\/www.europesays.com\/fr\/wp-json\/wp\/v2\/posts\/154200","targetHints":{"allow":["GET"]}}],"collection":[{"href":"https:\/\/www.europesays.com\/fr\/wp-json\/wp\/v2\/posts"}],"about":[{"href":"https:\/\/www.europesays.com\/fr\/wp-json\/wp\/v2\/types\/post"}],"author":[{"embeddable":true,"href":"https:\/\/www.europesays.com\/fr\/wp-json\/wp\/v2\/users\/2"}],"replies":[{"embeddable":true,"href":"https:\/\/www.europesays.com\/fr\/wp-json\/wp\/v2\/comments?post=154200"}],"version-history":[{"count":0,"href":"https:\/\/www.europesays.com\/fr\/wp-json\/wp\/v2\/posts\/154200\/revisions"}],"wp:featuredmedia":[{"embeddable":true,"href":"https:\/\/www.europesays.com\/fr\/wp-json\/wp\/v2\/media\/154201"}],"wp:attachment":[{"href":"https:\/\/www.europesays.com\/fr\/wp-json\/wp\/v2\/media?parent=154200"}],"wp:term":[{"taxonomy":"category","embeddable":true,"href":"https:\/\/www.europesays.com\/fr\/wp-json\/wp\/v2\/categories?post=154200"},{"taxonomy":"post_tag","embeddable":true,"href":"https:\/\/www.europesays.com\/fr\/wp-json\/wp\/v2\/tags?post=154200"}],"curies":[{"name":"wp","href":"https:\/\/api.w.org\/{rel}","templated":true}]}}