{"id":154204,"date":"2025-06-05T15:06:08","date_gmt":"2025-06-05T15:06:08","guid":{"rendered":"https:\/\/www.europesays.com\/fr\/154204\/"},"modified":"2025-06-05T15:06:08","modified_gmt":"2025-06-05T15:06:08","slug":"pourquoi-ce-vieux-train-a-vapeur-va-bientot-sarreter-en-gare-de-bordeaux","status":"publish","type":"post","link":"https:\/\/www.europesays.com\/fr\/154204\/","title":{"rendered":"Pourquoi ce vieux train \u00e0 vapeur va bient\u00f4t s&rsquo;arr\u00eater en gare de Bordeaux\u00a0?"},"content":{"rendered":"<p>            Par<br \/>\n        <strong><br \/>\n            <a href=\"https:\/\/actu.fr\/auteur\/juliette-cardinale\" title=\"Consulter tous les articles de Juliette Cardinale\" rel=\"nofollow noopener\" target=\"_blank\">Juliette Cardinale<\/a><br \/>\n        <\/strong><\/p>\n<p>        Publi\u00e9 le<\/p>\n<p>            5 juin 2025 \u00e0 16h32        <\/p>\n<p>Ce samedi 7 et dimanche 8 juin 2025, un train \u00e0 vapeur va s\u2019arr\u00eater en gare <a href=\"https:\/\/actu.fr\/bordeaux\/\" rel=\"nofollow noopener\" target=\"_blank\">de Bordeaux.<\/a> \u00c0 son bord ? Des dizaines de voyageurs habill\u00e9s<strong> \u00e0 la mode des ann\u00e9es 1900.<\/strong> Ce voyage dans le temps a lieu tous les ans, \u00e0 l\u2019occasion du festival Soulac 1900.<\/p>\n<p>Un long voyage pour remonter le M\u00e9doc<\/p>\n<p class=\" wall-content\">Samedi le d\u00e9part est pr\u00e9vu \u00e0 8h30 de Bordeaux, pour une arriv\u00e9e en gare <a href=\"https:\/\/actu.fr\/nouvelle-aquitaine\/soulac-sur-mer_33514\" rel=\"nofollow noopener\" target=\"_blank\">de Soulac-sur-Mer<\/a> vers 12h35. <strong>Quatre heures de voyage,<\/strong> car la locomotive marque plusieurs (longs) arr\u00eats avant d\u2019atteindre le bout du M\u00e9doc : Blanquefort, Macau, Margaux et Pauillac et Lesparre.\u00a0<\/p>\n<p class=\" wall-content\">Le tenue 1900 est obligatoire pour les passagers, qui profiteront des roulements du train, des coups de sifflets<strong> d\u2019\u00e9poque<\/strong> mais \u00e9galement du groupe Les Zigs de Bellevue. Leur arriv\u00e9e \u00e0 Soulac sera marqu\u00e9e par les applaudissements de la foule et le Discours r\u00e9publicain du maire, Xavier Pintat.<\/p>\n<p class=\" wall-content\">Sur place, les voyageurs pourront profiter des animations du week-end organis\u00e9 par <a href=\"https:\/\/www.label-soulac.fr\/lassociation\/\" rel=\"nofollow noopener\" target=\"_blank\">l\u2019association Label Soulac.<\/a> D\u00e8s ce vendredi 6 et jusqu\u2019\u00e0 dimanche 8 juin, la station baln\u00e9aire est <strong>plong\u00e9e dans la Belle Epoque<\/strong> pour la 22e \u00e9dition. Chaque ann\u00e9e, vieilles voitures, cal\u00e8ches, ombrelles et canotiers sont au rendez-vous. Plus de 270 artistes seront pr\u00e9sents, musiciens et circassiens, pour animer les rues et le march\u00e9 d\u2019antan.\u00a0<\/p>\n<p>    <a href=\"https:\/\/www.facebook.com\/plugins\/video.php?height=314&amp;href=https%3A%2F%2Fwww.facebook.com%2Flabel.soulac1900%2Fvideos%2F2148819852227795%2F%3Fidorvanity%3D1943329169828584&amp;show_text=false&amp;width=350&amp;t=0\" title=\"Ouvrie le lien\" rel=\"nofollow noopener\" target=\"_blank\">Cliquez ici pour visualiser le contenu<\/a><\/p>\n<p>Vid\u00e9os : en ce moment sur Actu<\/p>\n<p class=\" wall-content\">Dimanche, le train de retour part vers 17h de Soulac-sur-Mer, pour une arriv\u00e9e pr\u00e9vue vers 20h. Si le train <strong>aller est complet,<\/strong> il reste des places pour le retour et vous pourrez toujours aller admirer la machine et ses voyageurs aux diff\u00e9rentes \u00e9tapes du voyage.<\/p>\n<p class=\" wall-content\">Suivez toute l\u2019actualit\u00e9 de vos villes et m\u00e9dias favoris en vous inscrivant \u00e0 <a href=\"https:\/\/moncompte.actu.fr\" title=\"D\u00e9couvez Mon Actu\" rel=\"nofollow noopener\" data-trk=\"{&quot;cta&quot;:{&quot;action&quot;:&quot;https:\\\/\\\/moncompte.actu.fr&quot;,&quot;category&quot;:&quot;mon compte&quot;,&quot;from&quot;:&quot;article footer&quot;,&quot;name&quot;:&quot;Mon actu&quot;,&quot;type&quot;:&quot;cta&quot;}}\" target=\"_blank\">Mon Actu<\/a>.<\/p>\n<ul class=\"ac-article-tag wall-content\">\n<li><a href=\"https:\/\/actu.fr\/tag\/gare-saint-jean\" data-trk=\"{&quot;cta&quot;:{&quot;action&quot;:&quot;Gare Saint-Jean&quot;,&quot;category&quot;:&quot;tag&quot;,&quot;from&quot;:&quot;article footer&quot;,&quot;name&quot;:&quot;Gare Saint-Jean&quot;,&quot;type&quot;:&quot;cta&quot;}}\" rel=\"nofollow noopener\" target=\"_blank\">#Gare Saint-Jean<\/a><\/li>\n<li><a href=\"https:\/\/actu.fr\/tag\/patrimoine\" data-trk=\"{&quot;cta&quot;:{&quot;action&quot;:&quot;Patrimoine&quot;,&quot;category&quot;:&quot;tag&quot;,&quot;from&quot;:&quot;article footer&quot;,&quot;name&quot;:&quot;Patrimoine&quot;,&quot;type&quot;:&quot;cta&quot;}}\" rel=\"nofollow noopener\" target=\"_blank\">#Patrimoine<\/a><\/li>\n<\/ul>\n","protected":false},"excerpt":{"rendered":"Par Juliette Cardinale Publi\u00e9 le 5 juin 2025 \u00e0 16h32 Ce samedi 7 et dimanche 8 juin 2025,&hellip;\n","protected":false},"author":2,"featured_media":154205,"comment_status":"","ping_status":"","sticky":false,"template":"","format":"standard","meta":{"footnotes":""},"categories":[2817],"tags":[1111,11,1997,1777,674,1011,27,8768,12,2219,2551,25,104],"class_list":{"0":"post-154204","1":"post","2":"type-post","3":"status-publish","4":"format-standard","5":"has-post-thumbnail","7":"category-bordeaux","8":"tag-actu","9":"tag-actualites","10":"tag-bordeaux","11":"tag-eu","12":"tag-europe","13":"tag-fr","14":"tag-france","15":"tag-gare-saint-jean","16":"tag-news","17":"tag-nouvelle-aquitaine","18":"tag-patrimoine","19":"tag-republique-francaise","20":"tag-societe"},"share_on_mastodon":{"url":"https:\/\/pubeurope.com\/@fr\/114631382339624058","error":""},"_links":{"self":[{"href":"https:\/\/www.europesays.com\/fr\/wp-json\/wp\/v2\/posts\/154204","targetHints":{"allow":["GET"]}}],"collection":[{"href":"https:\/\/www.europesays.com\/fr\/wp-json\/wp\/v2\/posts"}],"about":[{"href":"https:\/\/www.europesays.com\/fr\/wp-json\/wp\/v2\/types\/post"}],"author":[{"embeddable":true,"href":"https:\/\/www.europesays.com\/fr\/wp-json\/wp\/v2\/users\/2"}],"replies":[{"embeddable":true,"href":"https:\/\/www.europesays.com\/fr\/wp-json\/wp\/v2\/comments?post=154204"}],"version-history":[{"count":0,"href":"https:\/\/www.europesays.com\/fr\/wp-json\/wp\/v2\/posts\/154204\/revisions"}],"wp:featuredmedia":[{"embeddable":true,"href":"https:\/\/www.europesays.com\/fr\/wp-json\/wp\/v2\/media\/154205"}],"wp:attachment":[{"href":"https:\/\/www.europesays.com\/fr\/wp-json\/wp\/v2\/media?parent=154204"}],"wp:term":[{"taxonomy":"category","embeddable":true,"href":"https:\/\/www.europesays.com\/fr\/wp-json\/wp\/v2\/categories?post=154204"},{"taxonomy":"post_tag","embeddable":true,"href":"https:\/\/www.europesays.com\/fr\/wp-json\/wp\/v2\/tags?post=154204"}],"curies":[{"name":"wp","href":"https:\/\/api.w.org\/{rel}","templated":true}]}}