{"id":154218,"date":"2025-06-05T15:13:13","date_gmt":"2025-06-05T15:13:13","guid":{"rendered":"https:\/\/www.europesays.com\/fr\/154218\/"},"modified":"2025-06-05T15:13:13","modified_gmt":"2025-06-05T15:13:13","slug":"le-plan-ecoles-de-marseille-progresse-vers-la-renovation-de-188-etablissements-dici-2031","status":"publish","type":"post","link":"https:\/\/www.europesays.com\/fr\/154218\/","title":{"rendered":"Le plan Ecoles de Marseille progresse vers la r\u00e9novation de 188 \u00e9tablissements d&rsquo;ici 2031"},"content":{"rendered":"<p>\nLe plan Ecoles de Marseille (<a title=\"L&#039;actualit\u00e9 BTP sur le d\u00e9partement des Bouches du Rh\u00f4ne\" href=\"https:\/\/www.lemoniteur.fr\/bouches-du-rhone\/\" rel=\"noopener\" target=\"\" class=\"lien-contextuel\">Bouches-du-Rh\u00f4ne<\/a>), qui mobilisera 1,2 Mds \u20ac pour r\u00e9nover ou construire 188 \u00e9coles municipales d&rsquo;ici 2031, se d\u00e9ploie. D&rsquo;ici, fin 2025, la SPLA-IN, dite Soci\u00e9t\u00e9 publique des \u00e9coles marseillaises (Spem), aura engag\u00e9 des \u00e9tudes ou des travaux pour pr\u00e8s de la moiti\u00e9 d&rsquo;entre elles. L&rsquo;annulation par le tribunal administratif de Marseille, le 21 janvier 2025, de l&rsquo;accord-cadre la liant \u00e0 la Ville au motif qu&rsquo;elle n&rsquo;a pas la comp\u00e9tence sur la maintenance, ne l&rsquo;a pas arr\u00eat\u00e9e dans son \u00e9lan.<\/p>\n<p>\nDe m\u00eame, la r\u00e9siliation en d\u00e9but d&rsquo;ann\u00e9e pour motif d&rsquo;int\u00e9r\u00eat g\u00e9n\u00e9ral du march\u00e9 global de performance (MGP), attribu\u00e9 en 2022 au groupement compos\u00e9 de l&rsquo;entreprise Percassi et de l&rsquo;agence Battesti Associ\u00e9s pour r\u00e9habiliter le groupe scolaire Saint-Andr\u00e9-la-Castellane, est un al\u00e9a dont la municipalit\u00e9 s&rsquo;est efforc\u00e9e de diminuer l&rsquo;impact en am\u00e9nageant une nouvelle \u00e9cole maternelle et une cuisine avec des constructions modulaires. La cure de jouvence de la construction de type Geep [b\u00e2timent assembl\u00e9 sur une structure m\u00e9tallique pr\u00e9fabriqu\u00e9e, NDLR] devait \u00eatre finalis\u00e9e \u00e0 la rentr\u00e9e prochaine. Elle le sera \u00e0 la mi-2027. La Spem a lanc\u00e9 un appel \u00e0 candidatures pour sa d\u00e9construction et sa reconstruction via un MGP (co\u00fbt : 14,2 M\u20ac HT). Rest\u00e9e trop longtemps \u00e0 l&rsquo;air libre, la structure ne sera pas conserv\u00e9e.<\/p>\n<p>Succ\u00e8s<\/p>\n<p>\nCe report ne doit pas faire oublier les succ\u00e8s. A ce jour, la Spem a r\u00e9ceptionn\u00e9 trois r\u00e9habilitations Geep : les groupes scolaires Malpass\u00e9, Aygalades et Emile-Vayssi\u00e8re. Pour cette derni\u00e8re op\u00e9ration, r\u00e9alis\u00e9e en vingt-huit mois (co\u00fbt des travaux : 15 M\u20ac HT) en association avec l&rsquo;agence Chabanne, GCC Provence a d&rsquo;ailleurs \u00e9t\u00e9 laur\u00e9at, le 25 avril, des Cl\u00e9s d&rsquo;or pour la r\u00e9gion Paca. Le jury, auquel participait \u00ab Le Moniteur \u00bb, a lou\u00e9 le recours \u00e0 la g\u00e9othermie et le parti pris d&rsquo;habiller la structure m\u00e9tallique originelle du b\u00e2timent principal, apr\u00e8s son curage et son d\u00e9samiantage, avec des fa\u00e7ades \u00e0 ossature bois pos\u00e9es sur des \u00e9l\u00e9ments ma\u00e7onn\u00e9s au sol. La toiture, dont l&rsquo;\u00e9tanch\u00e9it\u00e9 a \u00e9t\u00e9 renouvel\u00e9e, a aussi \u00e9t\u00e9 gard\u00e9e en l&rsquo;\u00e9tat. Au total, quatre b\u00e2timents ont \u00e9t\u00e9 d\u00e9construits et quatre ajout\u00e9s : un gymnase et un b\u00e2timent r\u00e9serv\u00e9 aux logements de fonction, tous deux en ossature bois ; une extension en ma\u00e7onnerie ; et un petit b\u00e2timent de locaux techniques. Le projet totalise 2 096 m2 r\u00e9habilit\u00e9s et 2 709 m2 neufs.<\/p>\n<p>\n\u00ab M\u00eame si nous privil\u00e9gions la r\u00e9novation, nous regardons la situation de l&rsquo;\u00e9cole, son orientation et son \u00e9tat. Nous avons ainsi d\u00e9cid\u00e9 de reconstruire le groupe scolaire Geep des Chartreux. Le site, extr\u00eamement contraint, ne laissait pas d&rsquo;autre choix \u00bb, explique Nicolas Andreatta, directeur g\u00e9n\u00e9ral de la Spem. En revanche, pour quatre autres groupes scolaires du m\u00eame type (Cit\u00e9-Azoulay, Etienne-Milan, Rosi\u00e8re-Figone et Saint-Louis-du-Rove), la soci\u00e9t\u00e9 d&rsquo;am\u00e9nagement compte utiliser la proc\u00e9dure de dialogue comp\u00e9titif pour faire le meilleur choix entre r\u00e9novation et reconstruction. Le laur\u00e9at du MGP pour ces op\u00e9rations devrait \u00eatre d\u00e9sign\u00e9 au premier trimestre 2026.<\/p>\n<p>\nDe mani\u00e8re g\u00e9n\u00e9rale, la Spem actionnera tous les leviers disponibles pour acc\u00e9l\u00e9rer les projets quel que soit le mode de d\u00e9volution des march\u00e9s. Ainsi, les dialogues comp\u00e9titifs n\u00e9cessaires \u00e0 la passation des MGP se d\u00e9rouleront en un tour. Par ailleurs, des primes de conception seront vers\u00e9es pour les rendus interm\u00e9diaires comme le r\u00e9clamaient les \u00e9quipes de ma\u00eetrise d&rsquo;\u0153uvre s&rsquo;engageant dans ces proc\u00e9dures.<\/p>\n","protected":false},"excerpt":{"rendered":"Le plan Ecoles de Marseille (Bouches-du-Rh\u00f4ne), qui mobilisera 1,2 Mds \u20ac pour r\u00e9nover ou construire 188 \u00e9coles municipales&hellip;\n","protected":false},"author":2,"featured_media":154219,"comment_status":"","ping_status":"","sticky":false,"template":"","format":"standard","meta":{"footnotes":""},"categories":[2814],"tags":[1111,11,1350,28424,885,1777,674,1011,27,884,1252,12,4916,882,6234,25,28423],"class_list":{"0":"post-154218","1":"post","2":"type-post","3":"status-publish","4":"format-standard","5":"has-post-thumbnail","7":"category-marseille","8":"tag-actu","9":"tag-actualites","10":"tag-architecture","11":"tag-batiment-d-enseignemen","12":"tag-bouches-du-rhone","13":"tag-eu","14":"tag-europe","15":"tag-fr","16":"tag-france","17":"tag-marseille","18":"tag-mediterranee","19":"tag-news","20":"tag-projets","21":"tag-provence-alpes-cote-dazur","22":"tag-provence-alpes-cote-d","23":"tag-republique-francaise","24":"tag-spla-in"},"share_on_mastodon":{"url":"https:\/\/pubeurope.com\/@fr\/114631410114951614","error":""},"_links":{"self":[{"href":"https:\/\/www.europesays.com\/fr\/wp-json\/wp\/v2\/posts\/154218","targetHints":{"allow":["GET"]}}],"collection":[{"href":"https:\/\/www.europesays.com\/fr\/wp-json\/wp\/v2\/posts"}],"about":[{"href":"https:\/\/www.europesays.com\/fr\/wp-json\/wp\/v2\/types\/post"}],"author":[{"embeddable":true,"href":"https:\/\/www.europesays.com\/fr\/wp-json\/wp\/v2\/users\/2"}],"replies":[{"embeddable":true,"href":"https:\/\/www.europesays.com\/fr\/wp-json\/wp\/v2\/comments?post=154218"}],"version-history":[{"count":0,"href":"https:\/\/www.europesays.com\/fr\/wp-json\/wp\/v2\/posts\/154218\/revisions"}],"wp:featuredmedia":[{"embeddable":true,"href":"https:\/\/www.europesays.com\/fr\/wp-json\/wp\/v2\/media\/154219"}],"wp:attachment":[{"href":"https:\/\/www.europesays.com\/fr\/wp-json\/wp\/v2\/media?parent=154218"}],"wp:term":[{"taxonomy":"category","embeddable":true,"href":"https:\/\/www.europesays.com\/fr\/wp-json\/wp\/v2\/categories?post=154218"},{"taxonomy":"post_tag","embeddable":true,"href":"https:\/\/www.europesays.com\/fr\/wp-json\/wp\/v2\/tags?post=154218"}],"curies":[{"name":"wp","href":"https:\/\/api.w.org\/{rel}","templated":true}]}}