{"id":154234,"date":"2025-06-05T15:21:09","date_gmt":"2025-06-05T15:21:09","guid":{"rendered":"https:\/\/www.europesays.com\/fr\/154234\/"},"modified":"2025-06-05T15:21:09","modified_gmt":"2025-06-05T15:21:09","slug":"a-paris-les-terrasses-estivales-autorisees-jusqua-23-heures-cet-ete","status":"publish","type":"post","link":"https:\/\/www.europesays.com\/fr\/154234\/","title":{"rendered":"\u00c0 Paris, les terrasses estivales autoris\u00e9es jusqu\u2019\u00e0 23\u00a0heures cet \u00e9t\u00e9"},"content":{"rendered":"<p class=\"paragraph text_align_left\">Une heure de rab pour les uns, de nuisance suppl\u00e9mentaires pour les autres. Ce jeudi, la Ville de <a href=\"https:\/\/www.leparisien.fr\/paris-75\/\" target=\"_self\" rel=\"nofollow noopener\">Paris<\/a> a annonc\u00e9 que les quelque 5 000 <a href=\"https:\/\/www.leparisien.fr\/paris-75\/paris-cest-le-grand-retour-les-terrasses-estivales-01-04-2025-ZQOZHUJ7IBFKFCKUFAM5T2O3XM.php\" target=\"_self\" rel=\"nofollow noopener\">terrasses estivales<\/a> parisiennes, mises en place par la mairie de Paris durant la crise du Covid, seront autoris\u00e9es \u00e0 ouvrir cet \u00e9t\u00e9 jusqu\u2019\u00e0 23 heures au lieu de 22 heures actuellement.<\/p>\n<p class=\"paragraph text_align_left\">L\u2019extension horaire a \u00e9t\u00e9 d\u00e9cid\u00e9e apr\u00e8s des concertations avec les restaurateurs de la capitale qui \u00e9taient \u00ab tr\u00e8s demandeurs \u00bb d\u2019une telle mesure, a indiqu\u00e9 Nicolas Bonnet-Ouladj, adjoint \u00e0 la maire (PS) <a href=\"https:\/\/www.leparisien.fr\/politique\/anne-hidalgo\/\" target=\"_self\" rel=\"nofollow noopener\">Anne Hidalgo<\/a> en charge du commerce.<\/p>\n<p>En vigueur \u00e0 partir du 21 juin<\/p>\n<p class=\"paragraph text_align_left\">Les terrasses \u00e9ph\u00e9m\u00e8res, ouvertes d\u2019avril \u00e0 octobre seulement, pourront ouvrir une heure de plus \u00e0 compter du 21 juin, soir de la F\u00eate de la musique, <a href=\"https:\/\/www.leparisien.fr\/paris-75\/apres-100-ans-dinterdiction-on-va-plonger-dans-la-seine-cet-ete-tout-savoir-sur-les-sites-de-baignade-a-paris-26-05-2025-6OYY6AOMNRHOHBCBJYOAXR4X74.php\" target=\"_self\" rel=\"nofollow noopener\">jusqu\u2019\u00e0 la fin des festivit\u00e9s de Paris en Seine<\/a> le 14 septembre, a-t-il pr\u00e9cis\u00e9.<\/p>\n<p class=\"paragraph text_align_left\">Elles avaient pu ouvrir <a href=\"https:\/\/www.leparisien.fr\/paris-75\/terrasses-estivales-a-paris-et-si-la-fermeture-a-minuit-se-prolongeait-apres-les-jo-14-05-2024-ETH2CYLBSBHEHMXNJX4L7QJH5Q.php\" target=\"_self\" rel=\"nofollow noopener\">exceptionnellement jusqu\u2019\u00e0 minuit \u00e0 l\u2019\u00e9t\u00e9 2024 durant les Jeux olympiques<\/a>. \u00ab Le bilan a \u00e9t\u00e9 positif, les restaurateurs \u00e9taient tr\u00e8s contents &#8211; ils voulaient d\u2019ailleurs pouvoir encore ouvrir jusqu\u2019\u00e0 minuit cet \u00e9t\u00e9 &#8211; et on n\u2019a eu tr\u00e8s peu de plaintes pour nuisances \u00bb, selon lui.<\/p>\n<p>Une r\u00e9ponse \u00e0 la \u00ab situation difficile \u00bb des caf\u00e9s et restaurants<\/p>\n<p class=\"paragraph text_align_left\">L\u2019\u00e9lu communiste a fait valoir la \u00ab situation difficile \u00bb pour les caf\u00e9s et restaurants qui r\u00e9alisent une part importante de leur chiffre d\u2019affaires sur les terrasses l\u2019\u00e9t\u00e9. Les terrasses \u00e9ph\u00e9m\u00e8res aujourd\u2019hui autoris\u00e9es \u00e0 Paris concernent environ 2 700 commer\u00e7ants.<\/p>\n<p class=\"paragraph text_align_left\">Mises en place apr\u00e8s les confinements li\u00e9s \u00e0 l\u2019\u00e9pid\u00e9mie de Covid, ces terrasses au d\u00e9part \u00e9ph\u00e9m\u00e8res, ont \u00e9t\u00e9 p\u00e9rennis\u00e9es \u00e0 l\u2019\u00e9t\u00e9 2021 et ont connu un pic de popularit\u00e9 en 2022 avec 9 600 demandes d\u2019installation. Au bout de quatre ans, la mairie constate une stabilisation des demandes d\u2019autorisation &#8211; seulement 300 nouveaux dossiers cette ann\u00e9e.<\/p>\n<p>\u00ab On sera dor\u00e9navant moins souples \u00bb<\/p>\n<p class=\"paragraph text_align_left\">\u00ab Jusqu\u2019ici, les autorisations \u00e9taient renouvel\u00e9es tacitement chaque ann\u00e9e. On sera dor\u00e9navant moins souples et ceux qui auront \u00e9t\u00e9 sanctionn\u00e9s, pour nuisances ou non respect des horaires de fermeture, devront faire une nouvelle demande \u00bb, a assur\u00e9 Nicolas Bonnet-Ouladj.<\/p>\n<p class=\"paragraph text_align_left\">\u00ab Il faut aussi qu\u2019on fasse <a href=\"https:\/\/www.leparisien.fr\/paris-75\/paris-face-au-bruit-dans-la-cour-des-petites-ecuries-la-mairie-du-xe-veut-serrer-la-vis-06-03-2025-J445XWBDBJA5HAZMQTR544KIVU.php\" target=\"_self\" rel=\"nofollow noopener\">la chasse aux gens qui boivent debout sur ces terrasses<\/a>, ce qui n\u2019est pas autoris\u00e9. Ce sont eux qui font <a href=\"https:\/\/www.leparisien.fr\/paris-75\/on-prefere-les-voitures-aux-terrasses-a-paris-des-riverains-excedes-par-les-bruits-festifs-02-11-2024-PVCVFA37IJD75PNAKHAXQT3SYA.php\" target=\"_self\" rel=\"nofollow noopener\">le plus de bruit<\/a> \u00bb, selon l\u2019adjoint.<\/p>\n<p>\u00ab Apr\u00e8s les JO, la Ville fait un second pas \u00bb<\/p>\n<p class=\"paragraph text_align_left\">\u00ab On l\u2019attendait fortement ! On nous avait parl\u00e9 du 1er septembre pendant les discussions. Mais l\u00e0, \u00e7a fait 15 jours de plus. On prend ! \u00bb, se r\u00e9jouit R\u00e9mi Calmon, directeur ex\u00e9cutif du SNEG &amp; CO, le syndicat national des entreprises gaies, qui regroupe de nombreux bars et restaurants. \u00ab \u00c7a fait longtemps qu\u2019on interpelle la Ville sur l\u2019horaire de 22 heures. Pour ceux qui ne font que restauration, \u00e7a voulait dire un pic d\u2019activit\u00e9 \u00e0 21 heures. C\u2019\u00e9tait compliqu\u00e9 pour eux \u00bb, poursuit-il.<\/p>\n<p class=\"paragraph text_align_left\">\u00ab C\u2019est forc\u00e9ment un petit mieux. Apr\u00e8s le minuit des JO, je vois que la Ville fait un second pas. Et elle se rend compte que l\u2019extension n\u2019allait pas tant susciter de nuisances et de troubles \u00e0 l\u2019ordre public. Les exploitants ont compris qu\u2019il fallait faire les choses dans le respect des obligations pour que le dispositif perdure \u00bb, fait remarquer R\u00e9mi Calmon.<\/p>\n","protected":false},"excerpt":{"rendered":"Une heure de rab pour les uns, de nuisance suppl\u00e9mentaires pour les autres. Ce jeudi, la Ville de&hellip;\n","protected":false},"author":2,"featured_media":154235,"comment_status":"","ping_status":"","sticky":false,"template":"","format":"standard","meta":{"footnotes":""},"categories":[1888],"tags":[11,1777,674,1011,27,1944,12,626,25],"class_list":{"0":"post-154234","1":"post","2":"type-post","3":"status-publish","4":"format-standard","5":"has-post-thumbnail","7":"category-paris","8":"tag-actualites","9":"tag-eu","10":"tag-europe","11":"tag-fr","12":"tag-france","13":"tag-ma-ville","14":"tag-news","15":"tag-paris","16":"tag-republique-francaise"},"share_on_mastodon":{"url":"https:\/\/pubeurope.com\/@fr\/114631441328725490","error":""},"_links":{"self":[{"href":"https:\/\/www.europesays.com\/fr\/wp-json\/wp\/v2\/posts\/154234","targetHints":{"allow":["GET"]}}],"collection":[{"href":"https:\/\/www.europesays.com\/fr\/wp-json\/wp\/v2\/posts"}],"about":[{"href":"https:\/\/www.europesays.com\/fr\/wp-json\/wp\/v2\/types\/post"}],"author":[{"embeddable":true,"href":"https:\/\/www.europesays.com\/fr\/wp-json\/wp\/v2\/users\/2"}],"replies":[{"embeddable":true,"href":"https:\/\/www.europesays.com\/fr\/wp-json\/wp\/v2\/comments?post=154234"}],"version-history":[{"count":0,"href":"https:\/\/www.europesays.com\/fr\/wp-json\/wp\/v2\/posts\/154234\/revisions"}],"wp:featuredmedia":[{"embeddable":true,"href":"https:\/\/www.europesays.com\/fr\/wp-json\/wp\/v2\/media\/154235"}],"wp:attachment":[{"href":"https:\/\/www.europesays.com\/fr\/wp-json\/wp\/v2\/media?parent=154234"}],"wp:term":[{"taxonomy":"category","embeddable":true,"href":"https:\/\/www.europesays.com\/fr\/wp-json\/wp\/v2\/categories?post=154234"},{"taxonomy":"post_tag","embeddable":true,"href":"https:\/\/www.europesays.com\/fr\/wp-json\/wp\/v2\/tags?post=154234"}],"curies":[{"name":"wp","href":"https:\/\/api.w.org\/{rel}","templated":true}]}}