{"id":154250,"date":"2025-06-05T15:29:08","date_gmt":"2025-06-05T15:29:08","guid":{"rendered":"https:\/\/www.europesays.com\/fr\/154250\/"},"modified":"2025-06-05T15:29:08","modified_gmt":"2025-06-05T15:29:08","slug":"retraites-allocations-impot-sur-le-revenu-comment-lannee-blanche-pourrait-generer-des-milliards-deconomies","status":"publish","type":"post","link":"https:\/\/www.europesays.com\/fr\/154250\/","title":{"rendered":"Retraites, allocations, imp\u00f4t sur le revenu&#8230; Comment l\u2019\u00abann\u00e9e blanche\u00bb pourrait g\u00e9n\u00e9rer des milliards d\u2019\u00e9conomies"},"content":{"rendered":"<p>Le gouvernement ayant fix\u00e9 l\u2019effort budg\u00e9taire \u00e0 40 milliards d\u2019euros en 2026, l\u2019id\u00e9e de d\u00e9sindexer de l\u2019inflation certaines d\u00e9penses fait son chemin. En fonction du sc\u00e9nario, jusqu\u2019\u00e0 28 milliards pourraient ainsi \u00eatre \u00e9conomis\u00e9s.<\/p>\n<p class=\"fig-paragraph\">Tel\u00a0<a href=\"http:\/\/www.lefigaro.fr\/conjoncture\/desindexer-retraites-et-allocations-sociales-la-piste-explosive-de-la-majorite-pour-faire-des-economies-20240521\" data-fig-type=\"Article\" data-gtm-custom-categorie=\"navigation\" data-gtm-custom-action=\"crossclick\" data-gtm-custom-label=\"Contextuel\" data-gtm-event=\"customEventSPE\" data-fig-domain=\"LEFIGARO\" target=\"_blank\" rel=\"noopener\">un fant\u00f4me saisonnier<\/a>, le spectre de l\u2019\u00ab\u00a0ann\u00e9e blanche\u00a0\u00bb revient hanter le d\u00e9bat budg\u00e9taire, comme l\u2019ann\u00e9e derni\u00e8re ainsi que la pr\u00e9c\u00e9dente. Dans le jargon des finances publiques, cette expression d\u00e9signe un gel total ou partiel des d\u00e9penses index\u00e9es sur l\u2019inflation. Interrog\u00e9 sur cette possibilit\u00e9 sur France 2 ce jeudi,\u00a0<a href=\"http:\/\/www.lefigaro.fr\/conjoncture\/budget-2026-eric-lombard-ecarte-toute-hausse-generalisee-des-impots-20250605\" data-fig-type=\"NewsFlash\" data-gtm-custom-categorie=\"navigation\" data-gtm-custom-action=\"crossclick\" data-gtm-custom-label=\"Contextuel\" data-gtm-event=\"customEventSPE\" data-fig-domain=\"LEFIGARO\" target=\"_blank\" rel=\"noopener\">le ministre de l\u2019\u00c9conomie<\/a>\u00a0n\u2019a pas \u00e9cart\u00e9 cette id\u00e9e. Or, dans le jargon politique, le concept peut recouvrir plusieurs sc\u00e9narios.<\/p>\n<p class=\"fig-paragraph\">Le sens le plus commun d\u00e9signe un ensemble de mesures explosives. Du c\u00f4t\u00e9 des d\u00e9penses, elles consisteraient \u00e0 geler les prestations sociales (retraites, allocations familiales&#8230;) \u2014 qui sont normalement index\u00e9es sur l\u2019inflation \u2014 afin de d\u00e9gager des \u00e9conomies \u00ab\u00a0en tendanciel\u00a0\u00bb, c\u2019est-\u00e0-dire par rapport \u00e0 ce que l\u2019\u00c9tat aurait d\u00e9pens\u00e9 en l\u2019absence de mesure. \u00c0 noter, toutes les \u00e9conomies pr\u00e9sent\u00e9es par Bercy \u2014\u00a0<a href=\"http:\/\/www.lefigaro.fr\/politique\/effort-budgetaire-de-40-milliards-le-rn-et-lfi-se-disent-prets-a-voter-la-censure-du-gouvernement-20250414\" data-fig-type=\"NewsFlash\" data-gtm-custom-categorie=\"navigation\" data-gtm-custom-action=\"crossclick\" data-gtm-custom-label=\"Contextuel\" data-gtm-event=\"customEventSPE\" data-fig-domain=\"LEFIGARO\" target=\"_blank\" rel=\"noopener\">y compris la cible de 40 milliards d\u2019euros pour 2026<\/a>\u00a0\u2014 sont \u00ab par rapport au tendanciel\u00a0\u00bb. Selon les estimations du minist\u00e8re de l\u2019\u00c9conomie, transmises par une source au S\u00e9nat, une non-indexation des pensions de retraite en 2026 pourrait rapporter 3 milliards d\u2019euros. Ce serait environ 1,5 milliard d\u2019euros pour le reste des prestations sociales.<\/p>\n<p class=\"fig-premium-paywall__infos\">\n        Cet article est r\u00e9serv\u00e9 aux abonn\u00e9s.        Il vous reste 82% \u00e0 d\u00e9couvrir.\n    <\/p>\n<p>                <img  data- alt=\"Le Figaro\" class=\"fig-img--complete fig-img\"\/><\/p>\n<p class=\"fig-premium-paywall__title\">Vente Flash<\/p>\n<p class=\"fig-premium-paywall__subtitle\">4,99\u20ac par mois pendant 12 mois. Sans engagement.<\/p>\n<p class=\"fig-premium-paywall__connect\">\n                D\u00e9j\u00e0 abonn\u00e9\u00a0?                <a class=\"fig-premium-paywall__connect-link\" href=\"https:\/\/connect.lefigaro.fr\/login?client=horizon_web&amp;type=main&amp;redirect_uri=https%3A%2F%2Fwww.lefigaro.fr%2Fconjoncture%2Fretraites-allocations-impot-sur-le-revenu-comment-l-annee-blanche-pourrait-generer-des-milliards-d-economies-20250604\" data-js-gtm=\"{&quot;customCategorie&quot;: &quot;conversion&quot;, &quot;customAction&quot;: &quot;before_Landing_Connexion_paywall_manuel&quot;, &quot;customLabel&quot;: &quot;bGVmaWdhcm8uZnJfXzFmMDQxMjRhLWQ3MWYtNjBiNi1iMGYyLTc3NWJiNjJkODE1Zl9fQXJ0aWNsZQ==_Retraites, allocations, imp\u00f4t sur le revenu... Comment l\u2019\u00abann\u00e9e blanche\u00bb pourrait g\u00e9n\u00e9rer des milliards d\u2019\u00e9conomies_1115&quot;, &quot;customIDSPE&quot;: &quot;bGVmaWdhcm8uZnJfXzFmMDQxMjRhLWQ3MWYtNjBiNi1iMGYyLTc3NWJiNjJkODE1Zl9fQXJ0aWNsZQ==&quot;, &quot;event&quot;: &quot;customEventSPE&quot;}\" target=\"_blank\" rel=\"noopener\"><br \/>\n                    Connectez-vous<br \/>\n                <\/a>\n            <\/p>\n","protected":false},"excerpt":{"rendered":"Le gouvernement ayant fix\u00e9 l\u2019effort budg\u00e9taire \u00e0 40 milliards d\u2019euros en 2026, l\u2019id\u00e9e de d\u00e9sindexer de l\u2019inflation certaines&hellip;\n","protected":false},"author":2,"featured_media":154251,"comment_status":"","ping_status":"","sticky":false,"template":"","format":"standard","meta":{"footnotes":""},"categories":[2],"tags":[339,11,340,343,345,350,130,344,352,349,33,341,313,6329,1011,27,346,342,353,351,347,12,348,25,354],"class_list":{"0":"post-154250","1":"post","2":"type-post","3":"status-publish","4":"format-standard","5":"has-post-thumbnail","7":"category-actualites","8":"tag-actualite-economique","9":"tag-actualites","10":"tag-bourse","11":"tag-cac-40","12":"tag-chef-dentreprise","13":"tag-concurrence","14":"tag-consommation","15":"tag-creation-dentreprise","16":"tag-crise","17":"tag-delocalisations","18":"tag-economie","19":"tag-emploi","20":"tag-entreprises","21":"tag-finances-publiques","22":"tag-fr","23":"tag-france","24":"tag-grands-patrons","25":"tag-impots","26":"tag-licenciements","27":"tag-monopole","28":"tag-multinationales","29":"tag-news","30":"tag-privatisation","31":"tag-republique-francaise","32":"tag-unio"},"share_on_mastodon":{"url":"https:\/\/pubeurope.com\/@fr\/114631472982955514","error":""},"_links":{"self":[{"href":"https:\/\/www.europesays.com\/fr\/wp-json\/wp\/v2\/posts\/154250","targetHints":{"allow":["GET"]}}],"collection":[{"href":"https:\/\/www.europesays.com\/fr\/wp-json\/wp\/v2\/posts"}],"about":[{"href":"https:\/\/www.europesays.com\/fr\/wp-json\/wp\/v2\/types\/post"}],"author":[{"embeddable":true,"href":"https:\/\/www.europesays.com\/fr\/wp-json\/wp\/v2\/users\/2"}],"replies":[{"embeddable":true,"href":"https:\/\/www.europesays.com\/fr\/wp-json\/wp\/v2\/comments?post=154250"}],"version-history":[{"count":0,"href":"https:\/\/www.europesays.com\/fr\/wp-json\/wp\/v2\/posts\/154250\/revisions"}],"wp:featuredmedia":[{"embeddable":true,"href":"https:\/\/www.europesays.com\/fr\/wp-json\/wp\/v2\/media\/154251"}],"wp:attachment":[{"href":"https:\/\/www.europesays.com\/fr\/wp-json\/wp\/v2\/media?parent=154250"}],"wp:term":[{"taxonomy":"category","embeddable":true,"href":"https:\/\/www.europesays.com\/fr\/wp-json\/wp\/v2\/categories?post=154250"},{"taxonomy":"post_tag","embeddable":true,"href":"https:\/\/www.europesays.com\/fr\/wp-json\/wp\/v2\/tags?post=154250"}],"curies":[{"name":"wp","href":"https:\/\/api.w.org\/{rel}","templated":true}]}}