{"id":154256,"date":"2025-06-05T15:33:08","date_gmt":"2025-06-05T15:33:08","guid":{"rendered":"https:\/\/www.europesays.com\/fr\/154256\/"},"modified":"2025-06-05T15:33:08","modified_gmt":"2025-06-05T15:33:08","slug":"a-14-ans-un-septilien-se-demarque-dans-plus-dun-sport","status":"publish","type":"post","link":"https:\/\/www.europesays.com\/fr\/154256\/","title":{"rendered":"\u00c0 14 ans, un Septilien se d\u00e9marque dans plus d&rsquo;un sport"},"content":{"rendered":"<p class=\"strong\">Bon au volley, bon au football et aussi en athl\u00e9tisme, du haut de ses 14\u00a0ans, le Septilien Alex Mckinnon avait l\u2019embarras du choix pour cet \u00e9t\u00e9.<\/p>\n<p>Un choix s\u2019imposait entre une participation \u00e0 la phase\u00a02 du camp d\u2019\u00c9quipe Qu\u00e9bec\u00a0MU16 en football et les Jeux du Qu\u00e9bec en volleyball.<\/p>\n<p>Alex Mckinnon a tranch\u00e9. Il vivra la comp\u00e9tition provinciale multisport pour une premi\u00e8re fois. \u00c7a se passera \u00e0 Trois-Rivi\u00e8res du 26 au 29\u00a0juillet. Cette participation sera pr\u00e9c\u00e9d\u00e9e de trois semaines de camp avec \u00c9quipe C\u00f4te-Nord en volleyball masculin.\u00a0<\/p>\n<p>\u00ab \u00c7a sera ma derni\u00e8re fois avec mes amis \u00bb, a-t-il dit, lors de l\u2019entrevue avec Le Nord-C\u00f4tier.\u00a0<\/p>\n<p>Le sportif retrouvera le ballon ovale assez vite apr\u00e8s les Jeux du Qu\u00e9bec. Il joindra les Lynx (cat\u00e9gorie cadet\u00a0D3) de la concentration football de la polyvalente Wilbrod-Dufour d\u2019Alma. Cette \u00e9quipe \u00e9volue dans la Ligue de Qu\u00e9bec\/Chaudi\u00e8re-Appalaches en football \u00e0 12 contre 12.\u00a0<\/p>\n<p>Alex Mckinnon ne part pas seul pour le Lac-Saint-Jean. Son fr\u00e8re Jacob, sa m\u00e8re, la conseill\u00e8re municipale de Sept-\u00celes Carole Gaudreault et le conjoint de cette derni\u00e8re y d\u00e9m\u00e9nagent en juillet. L\u2019id\u00e9e \u00e9tait que les deux frangins puissent aller plus loin dans leur sport.<\/p>\n<p>Carole Gaudreault en a parl\u00e9 \u00e0 ses fils et ils n\u2019ont pas tard\u00e9 \u00e0 dire qu\u2019ils \u00e9taient pr\u00eats pour ce changement. Pour sa part, Jacob ira au C\u00e9gep de Jonqui\u00e8re et jouera au volleyball.<\/p>\n<p>\u00ab Tout s\u2019est encha\u00een\u00e9 \u00bb, a mentionn\u00e9 la m\u00e8re des deux athl\u00e8tes.\u00a0<\/p>\n<p>Ce d\u00e9part est un peu stressant aux dires d\u2019Alex, \u00ab mais je vais m\u2019habituer et je connais d\u00e9j\u00e0 des joueurs \u00bb. Il a eu l\u2019occasion de faire une journ\u00e9e de football avec les Lynx en janvier.\u00a0<\/p>\n<p>Pour ce qui est d\u2019\u00c9quipe Qu\u00e9bec\u00a0MU16, Alex pourra tenter sa chance \u00e0 nouveau l\u2019an prochain.\u00a0<\/p>\n<p>Celui qui a port\u00e9 les couleurs du Husky football pour ses deux premi\u00e8res ann\u00e9es au secondaire, \u00e0 l\u2019\u00e9cole Jean-du-Nord, avait pass\u00e9 avec succ\u00e8s la premi\u00e8re \u00e9tape du camp, qui avait lieu en avril.<\/p>\n<p>Il devenait le premier du programme de l\u2019\u00e9cole secondaire de Sept-\u00celes \u00e0 \u00eatre retenu pour la deuxi\u00e8me phase, ce que n\u2019\u00e9taient pas parvenus \u00e0 faire sept autres Husky au fil des ann\u00e9es, notamment Liam Bergeron et Yohan Mayrand Duval pour 2025. Pour la seconde \u00e9tape, le receveur de passe \u00e9tait le seul qui n\u2019\u00e9tait pas issu d\u2019une concentration ou sport-\u00e9tudes football.<\/p>\n<p>C\u2019est en d\u00e9cembre que l\u2019ado qui a eu 14\u00a0ans en f\u00e9vrier s\u2019est fait remarquer, lors de sa participation au camp Athletic Academy, du c\u00f4t\u00e9 de Qu\u00e9bec. \u00ab Son nom est ressorti \u00bb, a laiss\u00e9 entendre sa m\u00e8re, Carole Gaudreault.\u00a0<\/p>\n<p>Alex Mckinnon se d\u00e9marque par sa taille, sa vitesse et ses mains. \u00ab Je n\u2019\u00e9chappe pas de balle \u00bb, lance-t-il. Lors de la saison automnale du Husky, il avait grandement impressionn\u00e9 avec la force et la distance de ses bott\u00e9s.<\/p>\n<p>Et ce qu\u2019il aime du football, \u00ab les contacts, les strat\u00e9gies et l\u2019aspect \u00e9quipe \u00bb. Il\u00a0souhaite se rendre le plus loin possible dans ce sport, parlant des rangs universitaires. Il ajoutera que la CFL serait son ambition.\u00a0<\/p>\n<p>Il y a aussi l\u2019athl\u00e9tisme qui r\u00e9ussit \u00e0 Alex Mckinnon. Il a d\u00e9montr\u00e9 sa vitesse, lors du Championnat r\u00e9gional d\u2019athl\u00e9tisme des 24 et 25\u00a0mai \u00e0 Baie-Comeau, avec une deuxi\u00e8me place au 200\u00a0m et une quatri\u00e8me au 100\u00a0m. Pour la premi\u00e8re distance, il a rat\u00e9 de peu son standard pour \u00eatre s\u00e9lectionn\u00e9 pour le Championnat provincial.\u00a0<\/p>\n","protected":false},"excerpt":{"rendered":"Bon au volley, bon au football et aussi en athl\u00e9tisme, du haut de ses 14\u00a0ans, le Septilien Alex&hellip;\n","protected":false},"author":2,"featured_media":154257,"comment_status":"","ping_status":"","sticky":false,"template":"","format":"standard","meta":{"footnotes":""},"categories":[1417],"tags":[1011,27,60,1470,1469],"class_list":{"0":"post-154256","1":"post","2":"type-post","3":"status-publish","4":"format-standard","5":"has-post-thumbnail","7":"category-volley","8":"tag-fr","9":"tag-france","10":"tag-sports","11":"tag-volley","12":"tag-volleyball"},"share_on_mastodon":{"url":"https:\/\/pubeurope.com\/@fr\/114631488576795042","error":""},"_links":{"self":[{"href":"https:\/\/www.europesays.com\/fr\/wp-json\/wp\/v2\/posts\/154256","targetHints":{"allow":["GET"]}}],"collection":[{"href":"https:\/\/www.europesays.com\/fr\/wp-json\/wp\/v2\/posts"}],"about":[{"href":"https:\/\/www.europesays.com\/fr\/wp-json\/wp\/v2\/types\/post"}],"author":[{"embeddable":true,"href":"https:\/\/www.europesays.com\/fr\/wp-json\/wp\/v2\/users\/2"}],"replies":[{"embeddable":true,"href":"https:\/\/www.europesays.com\/fr\/wp-json\/wp\/v2\/comments?post=154256"}],"version-history":[{"count":0,"href":"https:\/\/www.europesays.com\/fr\/wp-json\/wp\/v2\/posts\/154256\/revisions"}],"wp:featuredmedia":[{"embeddable":true,"href":"https:\/\/www.europesays.com\/fr\/wp-json\/wp\/v2\/media\/154257"}],"wp:attachment":[{"href":"https:\/\/www.europesays.com\/fr\/wp-json\/wp\/v2\/media?parent=154256"}],"wp:term":[{"taxonomy":"category","embeddable":true,"href":"https:\/\/www.europesays.com\/fr\/wp-json\/wp\/v2\/categories?post=154256"},{"taxonomy":"post_tag","embeddable":true,"href":"https:\/\/www.europesays.com\/fr\/wp-json\/wp\/v2\/tags?post=154256"}],"curies":[{"name":"wp","href":"https:\/\/api.w.org\/{rel}","templated":true}]}}