{"id":154268,"date":"2025-06-05T15:41:09","date_gmt":"2025-06-05T15:41:09","guid":{"rendered":"https:\/\/www.europesays.com\/fr\/154268\/"},"modified":"2025-06-05T15:41:09","modified_gmt":"2025-06-05T15:41:09","slug":"echanges-hilarants-entre-agathe-lecaron-et-thomas-sotto-devant-lois-boisson-a-roland-garros","status":"publish","type":"post","link":"https:\/\/www.europesays.com\/fr\/154268\/","title":{"rendered":"\u00e9changes hilarants entre Agathe Lecaron et Thomas Sotto devant Lo\u00efs Boisson \u00e0 Roland-Garros"},"content":{"rendered":"<p>Les deux pr\u00e9sentateurs \u00e9taient Porte d\u2019Auteuil pour assister au quart de finale de la joueuse fran\u00e7aise et ils n\u2019ont pas cess\u00e9 de se charrier.<\/p>\n<p class=\"fig-paragraph\">C\u2019\u00e9tait le match o\u00f9 il fallait \u00eatre. Mercredi 4 juin, la Fran\u00e7aise\u00a0<a href=\"http:\/\/www.lefigaro.fr\/sports\/tennis\/roland-garros\/roland-garros-les-chiffres-dingues-de-lois-boisson-la-sensation-bleue-20250605\" target=\"_blank\" data-fig-type=\"NewsFlash\" rel=\"noopener\" data-gtm-custom-categorie=\"navigation\" data-gtm-custom-action=\"crossclick\" data-gtm-custom-label=\"Contextuel\" data-gtm-event=\"customEventSPE\" data-fig-domain=\"LEFIGARO\">Lo\u00efs Boisson<\/a>\u00a0affrontait en quart de finale de\u00a0<a href=\"https:\/\/www.lefigaro.fr\/tag\/roland-garros\" target=\"_blank\" rel=\"noopener\" data-gtm-custom-categorie=\"navigation\" data-gtm-custom-action=\"crossclick\" data-gtm-custom-label=\"Contextuel\" data-gtm-event=\"customEventSPE\">Roland-Garros<\/a>\u00a0Mirra Andreeva, troisi\u00e8me mondiale au classement WTA. Une rencontre au sommet durant laquelle la joueuse tricolore a r\u00e9ussi \u00e0 se qualifier pour la demi-finale (7\/6 &#8211; 6\/3) qui se joue ce jeudi 5 juin.<\/p>\n<p class=\"fig-paragraph\">Nombreuses \u00e9taient les personnalit\u00e9s pr\u00e9sentes dans les tribunes de la Porte d\u2019Auteuil pour encourager Lo\u00efs Boisson. Parmi elles, le pr\u00e9sentateur de la matinale de RTL,\u00a0<a href=\"https:\/\/www.lefigaro.fr\/tag\/thomas-sotto\" target=\"_blank\" rel=\"noopener\" data-gtm-custom-categorie=\"navigation\" data-gtm-custom-action=\"crossclick\" data-gtm-custom-label=\"Contextuel\" data-gtm-event=\"customEventSPE\"><strong>Thomas Sotto<\/strong><\/a> . Grand passionn\u00e9 de tennis et fan de Roger Federer, le journaliste, pr\u00e9sent tous les ans \u00e0 Roland-Garros, n\u2019aurait loup\u00e9 ce match attendu pour rien au monde.<\/p>\n<p class=\"fig-body-link\">\n            \u00c0 lire aussi<br \/>\n        <a class=\"fig-body-link__link\" href=\"http:\/\/tvmag.lefigaro.fr\/programme-tv\/ce-soir-tele\/roland-garros-tremblements-de-terre-en-direct-sur-france-televisions-20250524\" target=\"_blank\" data-fig-type=\"Article\" rel=\"noopener\" data-gtm-custom-categorie=\"navigation\" data-gtm-custom-action=\"crossclick\" data-gtm-custom-label=\"Contextuel\" data-gtm-event=\"customEventSPE\" data-fig-domain=\"TVMAG\">Roland-Garros\u00a0: tremblements de terre en direct sur France T\u00e9l\u00e9visions<br \/>\n    <\/a>\n<\/p>\n<p class=\"fig-paragraph\">Un moment de d\u00e9tente qui n\u2019a pas \u00e9chapp\u00e9 \u00e0\u00a0<a href=\"https:\/\/www.lefigaro.fr\/tag\/agathe-lecaron\" target=\"_blank\" rel=\"noopener\" data-gtm-custom-categorie=\"navigation\" data-gtm-custom-action=\"crossclick\" data-gtm-custom-label=\"Contextuel\" data-gtm-event=\"customEventSPE\"><strong>Agathe Lecaron<\/strong><\/a> . L\u2019animatrice, qui pr\u00e9sente chaque matin l\u2019\u00e9mission \u00abLa Maison des Maternelles\u00bb sur France 2, n\u2019a pas r\u00e9sist\u00e9 \u00e0 chambrer son coll\u00e8gue.<\/p>\n<p class=\"fig-paragraph\">Dans une story Instagram, elle a ainsi publi\u00e9 une vid\u00e9o de Thomas Sotto en train de suivre le match dans les tribunes du court Philippe Chatrier avec un message. \u00ab Et Thomas Sotto qui ne bosse pas du tout sa matinale de demain\u00a0\u00bb, a-t-elle \u00e9crit avec humour.<\/p>\n<p class=\"fig-paragraph\">Une vanne \u00e0 laquelle le pr\u00e9sentateur a r\u00e9pondu peu apr\u00e8s, \u00e9galement dans une story diffus\u00e9e sur son compte Instagram. \u00ab Ah mais non Agathe\u00a0! C\u2019est pas moi l\u00e0, c\u2019est ma s\u0153ur\u00a0!!! Tu nous confonds toujours&#8230;\u00bb, a-t-il not\u00e9.<\/p>\n<p class=\"fig-body-link\">\n            \u00c0 lire aussi<br \/>\n        <a class=\"fig-body-link__link\" href=\"http:\/\/tvmag.lefigaro.fr\/programme-tv\/actu-tele\/epidemie-de-punaises-et-de-cafards-agathe-lecaron-revele-une-anecdote-peu-ragoutante-sur-les-maternelles-20250524\" target=\"_blank\" data-fig-type=\"Article\" rel=\"noopener\" data-gtm-custom-categorie=\"navigation\" data-gtm-custom-action=\"crossclick\" data-gtm-custom-label=\"Contextuel\" data-gtm-event=\"customEventSPE\" data-fig-domain=\"TVMAG\">\u00ab\u00c9pid\u00e9mie de punaises et de cafards\u00bb\u00a0: Agathe Lecaron r\u00e9v\u00e8le une anecdote peu rago\u00fbtante sur \u00abLes Maternelles\u00bb<br \/>\n    <\/a>\n<\/p>\n<p class=\"fig-paragraph\">Mais leurs \u00e9changes ne se sont pas arr\u00eat\u00e9s l\u00e0. Thomas Sotto a pr\u00e9par\u00e9 sa riposte qu\u2019il n\u2019a pas tard\u00e9 \u00e0 lancer. Le journaliste a mis en ligne ce petit mot \u00ab En revanche, je crois que j\u2019ai aper\u00e7u ta m\u00e8re\u00a0\u00bb, accompagn\u00e9 d\u2019une photo&#8230; montrant d\u2019Agathe Lecaron, elle-m\u00eame, dans la tribune.<\/p>\n<p class=\"fig-paragraph\">Une offensive qui a bien fait rire l\u2019animatrice. Galvanis\u00e9e par ces \u00e9changes hilarants, cette derni\u00e8re a rapidement r\u00e9torqu\u00e9, toujours par comptes Instagram interpos\u00e9s, en republiant la photo avec le message \u00ab Ordure\u00a0\u00bb suivi de plusieurs smileys morts de rire.<\/p>\n<p>    Les posts d\u2019Agathe Lecaron et Thomas Sotto sur Instagram<br \/>\n                Capture d\u2019\u00e9cran Instagram<\/p>\n<p class=\"fig-paragraph\">Une bonne humeur que les deux animateurs ont pu conserver jusqu\u2019\u00e0 la fin du match dont l\u2019issue a r\u00e9joui tous les Fran\u00e7ais.\u00a0<a href=\"http:\/\/tvmag.lefigaro.fr\/programme-tv\/actu-tele\/roland-garros-la-francaise-lois-boisson-en-route-vers-la-finale-en-direct-sur-france-2-20250604\" target=\"_blank\" data-fig-type=\"Article\" rel=\"noopener\" data-gtm-custom-categorie=\"navigation\" data-gtm-custom-action=\"crossclick\" data-gtm-custom-label=\"Contextuel\" data-gtm-event=\"customEventSPE\" data-fig-domain=\"TVMAG\">Ce jeudi 05 juin, Lo\u00efs Boisson, 361e au classement WTA, affronte donc l\u2019Am\u00e9ricaine Coco Gauff<\/a>, t\u00eate de s\u00e9rie num\u00e9ro 2 du tournoi, dans une demi-finale diffus\u00e9e sur France 2 qui promet d\u2019\u00eatre explosive.<\/p>\n","protected":false},"excerpt":{"rendered":"Les deux pr\u00e9sentateurs \u00e9taient Porte d\u2019Auteuil pour assister au quart de finale de la joueuse fran\u00e7aise et ils&hellip;\n","protected":false},"author":2,"featured_media":154269,"comment_status":"","ping_status":"","sticky":false,"template":"","format":"standard","meta":{"footnotes":""},"categories":[1359],"tags":[497,496,24726,499,58,59,1011,27,10535,500,504,505,495,973,503,502,501,4171,28426,498],"class_list":{"0":"post-154268","1":"post","2":"type-post","3":"status-publish","4":"format-standard","5":"has-post-thumbnail","7":"category-people","8":"tag-actu-tv","9":"tag-actualite-tv","10":"tag-agathe-lecaron","11":"tag-buzz-tv","12":"tag-divertissement","13":"tag-entertainment","14":"tag-fr","15":"tag-france","16":"tag-lois-boisson","17":"tag-medias","18":"tag-news-tele","19":"tag-news-television","20":"tag-news-tv","21":"tag-people","22":"tag-programme-tele","23":"tag-programme-tv","24":"tag-quiz-tv","25":"tag-roland-garros","26":"tag-thomas-sotto","27":"tag-tv-actu"},"share_on_mastodon":{"url":"https:\/\/pubeurope.com\/@fr\/114631520015922441","error":""},"_links":{"self":[{"href":"https:\/\/www.europesays.com\/fr\/wp-json\/wp\/v2\/posts\/154268","targetHints":{"allow":["GET"]}}],"collection":[{"href":"https:\/\/www.europesays.com\/fr\/wp-json\/wp\/v2\/posts"}],"about":[{"href":"https:\/\/www.europesays.com\/fr\/wp-json\/wp\/v2\/types\/post"}],"author":[{"embeddable":true,"href":"https:\/\/www.europesays.com\/fr\/wp-json\/wp\/v2\/users\/2"}],"replies":[{"embeddable":true,"href":"https:\/\/www.europesays.com\/fr\/wp-json\/wp\/v2\/comments?post=154268"}],"version-history":[{"count":0,"href":"https:\/\/www.europesays.com\/fr\/wp-json\/wp\/v2\/posts\/154268\/revisions"}],"wp:featuredmedia":[{"embeddable":true,"href":"https:\/\/www.europesays.com\/fr\/wp-json\/wp\/v2\/media\/154269"}],"wp:attachment":[{"href":"https:\/\/www.europesays.com\/fr\/wp-json\/wp\/v2\/media?parent=154268"}],"wp:term":[{"taxonomy":"category","embeddable":true,"href":"https:\/\/www.europesays.com\/fr\/wp-json\/wp\/v2\/categories?post=154268"},{"taxonomy":"post_tag","embeddable":true,"href":"https:\/\/www.europesays.com\/fr\/wp-json\/wp\/v2\/tags?post=154268"}],"curies":[{"name":"wp","href":"https:\/\/api.w.org\/{rel}","templated":true}]}}