{"id":154270,"date":"2025-06-05T15:42:27","date_gmt":"2025-06-05T15:42:27","guid":{"rendered":"https:\/\/www.europesays.com\/fr\/154270\/"},"modified":"2025-06-05T15:42:27","modified_gmt":"2025-06-05T15:42:27","slug":"meuse-devenez-lun-des-visages-du-grand-est-en-participant-a-une-seance-photo-organisee-par-la-region","status":"publish","type":"post","link":"https:\/\/www.europesays.com\/fr\/154270\/","title":{"rendered":"Meuse. Devenez l\u2019un des visages du Grand Est en participant \u00e0 une s\u00e9ance photo organis\u00e9e par la R\u00e9gion"},"content":{"rendered":"<p>Meusiens, Meusiennes, et si vous deveniez un des visages de la r\u00e9gion Grand Est. La R\u00e9gion en effet, propose de devenir ses ambassadeurs en participant \u00e0 un shooting photos qui aura lieu le mercredi 11\u00a0juin. Pr\u00e9vu initialement en mars, il avait \u00e9t\u00e9 report\u00e9.<\/p>\n<p>Cette action de communication vise \u00e0 incarner la proximit\u00e9, avec les visages de ses habitants, et elle se veut \u00eatre \u00e0 l\u2019image de ses actions, au service de la r\u00e9ussite des projets de tous ses publics\u00a0: inclusive, ouverte, innovante, sinc\u00e8re.<\/p>\n<p>Les personnes retenues pourront figurer sur diff\u00e9rents supports de communication\u00a0: magazine, affichage, r\u00e9seaux sociaux\u2026<\/p>\n<p>Plusieurs s\u00e9ances sont ainsi pr\u00e9vues dans diff\u00e9rents lieux embl\u00e9matiques du Grand Est\u00a0: \u00e0 Bar-le-Duc apr\u00e8s\u00a0Metz, Reims, \u00c9pernay, Colmar, Strasbourg, Kaysersberg, Nancy, \u00c9pinal, G\u00e9rardmer, Troyes, Langres et Montsaugeon.<\/p>\n<p>  Une \u00e9quipe de professionnels<\/p>\n<p>Pour y participer, il faut s\u2019inscrire sur Internet\u00a0: <a href=\"https:\/\/f.info.grandest.fr\/f\/lp\/formulaire-etre-ambassadeur-du-grand-est\/zknzv4in\" target=\"_blank\" rel=\"nofollow noopener\">https:\/\/f.info.grandest.fr\/f\/lp\/formulaire-ambassadeurs-shooting-printemps-25-campagnerecrutement\/r7jkrq0m.<\/a><\/p>\n<p>Le shooting est op\u00e9r\u00e9 par une \u00e9quipe de professionnels\u00a0: photographe, vid\u00e9aste, maquilleuse, pr\u00e9sente pour immortaliser cette journ\u00e9e et filmer les coulisses du projet.<\/p>\n<p>Si chaque s\u00e9ance photos constitue l\u2019occasion de repr\u00e9senter fi\u00e8rement sa r\u00e9gion, valoriser son image et b\u00e9n\u00e9ficier de nombreux avantages, elle permet de profiter des plus belles photos pour constituer son\u00a0book personnel et partager les clich\u00e9s aupr\u00e8s de ses proches.<\/p>\n<p>Les participants seront invit\u00e9s \u00e0 s\u2019inscrire \u00e0 la newsletter et \u00e0 participer \u00e0 des \u00e9changes et r\u00e9flexions pour partager leur vision et conna\u00eetre les besoins afin d\u2019\u00e9toffer les actions de la R\u00e9gion.<\/p>\n","protected":false},"excerpt":{"rendered":"Meusiens, Meusiennes, et si vous deveniez un des visages de la r\u00e9gion Grand Est. La R\u00e9gion en effet,&hellip;\n","protected":false},"author":2,"featured_media":154271,"comment_status":"","ping_status":"","sticky":false,"template":"","format":"standard","meta":{"footnotes":""},"categories":[1358],"tags":[1348,1384,1385,3600,3601,1386,58,3602,10174,59,1011,27,1757,11209,316,104,2205],"class_list":{"0":"post-154270","1":"post","2":"type-post","3":"status-publish","4":"format-standard","5":"has-post-thumbnail","7":"category-arts-et-design","8":"tag-arts","9":"tag-arts-and-design","10":"tag-arts-et-design","11":"tag-bar-le-duc","12":"tag-bar-le-duc-ville-55a","13":"tag-design","14":"tag-divertissement","15":"tag-edition-bar-le-duc","16":"tag-edition-verdun","17":"tag-entertainment","18":"tag-fr","19":"tag-france","20":"tag-insolite","21":"tag-meuse","22":"tag-politique","23":"tag-societe","24":"tag-television-medias"},"share_on_mastodon":{"url":"https:\/\/pubeurope.com\/@fr\/114631523946108682","error":""},"_links":{"self":[{"href":"https:\/\/www.europesays.com\/fr\/wp-json\/wp\/v2\/posts\/154270","targetHints":{"allow":["GET"]}}],"collection":[{"href":"https:\/\/www.europesays.com\/fr\/wp-json\/wp\/v2\/posts"}],"about":[{"href":"https:\/\/www.europesays.com\/fr\/wp-json\/wp\/v2\/types\/post"}],"author":[{"embeddable":true,"href":"https:\/\/www.europesays.com\/fr\/wp-json\/wp\/v2\/users\/2"}],"replies":[{"embeddable":true,"href":"https:\/\/www.europesays.com\/fr\/wp-json\/wp\/v2\/comments?post=154270"}],"version-history":[{"count":0,"href":"https:\/\/www.europesays.com\/fr\/wp-json\/wp\/v2\/posts\/154270\/revisions"}],"wp:featuredmedia":[{"embeddable":true,"href":"https:\/\/www.europesays.com\/fr\/wp-json\/wp\/v2\/media\/154271"}],"wp:attachment":[{"href":"https:\/\/www.europesays.com\/fr\/wp-json\/wp\/v2\/media?parent=154270"}],"wp:term":[{"taxonomy":"category","embeddable":true,"href":"https:\/\/www.europesays.com\/fr\/wp-json\/wp\/v2\/categories?post=154270"},{"taxonomy":"post_tag","embeddable":true,"href":"https:\/\/www.europesays.com\/fr\/wp-json\/wp\/v2\/tags?post=154270"}],"curies":[{"name":"wp","href":"https:\/\/api.w.org\/{rel}","templated":true}]}}