{"id":154290,"date":"2025-06-05T15:52:10","date_gmt":"2025-06-05T15:52:10","guid":{"rendered":"https:\/\/www.europesays.com\/fr\/154290\/"},"modified":"2025-06-05T15:52:10","modified_gmt":"2025-06-05T15:52:10","slug":"rima-hassan-en-route-pour-gaza-raconte-avoir-sauve-quatre-migrants-soudanais-avec-son-bateau","status":"publish","type":"post","link":"https:\/\/www.europesays.com\/fr\/154290\/","title":{"rendered":"Rima Hassan, en route pour Gaza, raconte avoir sauv\u00e9 quatre\u00a0migrants soudanais avec son bateau"},"content":{"rendered":"<p>        <img decoding=\"async\" loading=\"lazy\" src=\"https:\/\/www.europesays.com\/fr\/wp-content\/uploads\/2025\/06\/57e2c6c_sirius-fs-upload-1-rir9ftv2uhtu-1749132103626-nouveau-projet-10.jpg\"  width=\"728\" height=\"410\" alt=\"Rima Hassan raconte avoir sauv\u00e9 4\u00a0migrants soudanais avec son bateau en route pour Gaza\"\/>  <\/p>\n<p>X\/Rima Hassan<\/p>\n<p>Rima Hassan raconte avoir sauv\u00e9 4\u00a0migrants soudanais avec son bateau en route pour Gaza<\/p>\n<p class=\"asset asset-text\">POLITIQUE &#8211; Un sauvetage qui n\u2019\u00e9tait pas pr\u00e9vu. En route vers <a href=\"https:\/\/www.huffingtonpost.fr\/international\/article\/gaza-le-veto-des-etats-unis-sur-un-cessez-le-feu-provoque-la-colere-a-l-onu_250956.html\" target=\"_blank\" rel=\"noopener\">Gaza<\/a> \u00e0 bord d\u2019un navire humanitaire en compagnie de l\u2019activiste su\u00e9doise <a href=\"https:\/\/www.huffingtonpost.fr\/environnement\/video\/greta-thunberg-a-ete-interpellee-non-pas-une-mais-deux-fois-par-la-police-aux-pays-bas_232301.html\" target=\"_blank\" rel=\"noopener\">Greta Thunberg<\/a>, l\u2019eurod\u00e9put\u00e9e franco-palestinienne <a href=\"https:\/\/www.huffingtonpost.fr\/politique\/article\/l-eurodeputee-rima-hassan-va-se-rendre-a-gaza-en-bateau-avec-une-celebre-activiste-pour-le-climat_250678.html\" target=\"_blank\" rel=\"noopener\">Rima Hassan<\/a> a affirm\u00e9 ce jeudi 5\u00a0juin que le bateau avait d\u00e9vi\u00e9 de son itin\u00e9raire pour porter secours en mer \u00e0 quatre \u00ab\u00a0r\u00e9fugi\u00e9s originaires du Soudan\u00a0\u00bb. L\u2019\u00e9lue insoumise a pris la route de Gaza dimanche dernier dans un voilier de la Coalition de la flottille pour la libert\u00e9, avec pour objectif d\u2019apporter de l\u2019aide humanitaire.<\/p>\n<p class=\"asset asset-text\">Dans la matin\u00e9e, Rima Hassan a indiqu\u00e9 sur X que le bateau a re\u00e7u \u00ab\u00a0un appel de d\u00e9tresse\u00a0\u00bb et a \u00ab\u00a0chang[\u00e9] de direction\u00a0\u00bb pour \u00ab\u00a0porter secours \u00e0 l\u2019embarcation\u00a0\u00bb. Le voilier humanitaire se trouvait en mer M\u00e9diterran\u00e9e, au sud de la Gr\u00e8ce et au nord de la <a href=\"https:\/\/www.huffingtonpost.fr\/sport\/article\/bloquee-a-l-aeroport-en-libye-l-equipe-du-nigeria-denonce-un-traitement-inhumain-et-declare-forfait_240857.html\" target=\"_blank\" rel=\"noopener\">Libye<\/a> et de l\u2019\u00c9gypte. Deux heures apr\u00e8s, l\u2019\u00e9lue europ\u00e9enne ainsi que d\u2019autres passagers du navire ont publi\u00e9 des vid\u00e9os d\u2019une petite embarcation en pleine mer, \u00e0 bord de laquelle se trouvaient plusieurs dizaines de personnes.<\/p>\n<p class=\"asset asset-text\">Quelques-unes d\u2019entre elles \u00e9taient dans l\u2019eau, flottant \u00e0 l\u2019aide de pneus, au moment o\u00f9 un bateau plus grand, celui de la Garde c\u00f4ti\u00e8re libyenne selon l\u2019\u00e9quipage, intervenait \u00e0 proximit\u00e9 de l\u2019embarcation. \u00ab\u00a0Quatre personnes se sont jet\u00e9es en mer au moment de l\u2019intervention de la Garde c\u00f4ti\u00e8re libyenne, a \u00e9crit Rima Hassan sur X, nous avons pu les secourir elles sont avec nous sur notre bateau\u00a0\u00bb.<\/p>\n<p> La lecture de ce contenu est susceptible d\u2019entra\u00eener un d\u00e9p\u00f4t de cookies de la part de l\u2019op\u00e9rateur tiers qui l\u2019h\u00e9berge. Compte-tenu des choix que vous avez exprim\u00e9s en mati\u00e8re de d\u00e9p\u00f4t de cookies, nous avons bloqu\u00e9 l\u2019affichage de ce contenu. Si vous souhaitez y acc\u00e9der, vous devez accepter la cat\u00e9gorie de cookies \u201cContenus tiers\u201d en cliquant sur le bouton ci-dessous. <\/p>\n<p> Lire la Vid\u00e9o           <\/p>\n<p> La lecture de ce contenu est susceptible d\u2019entra\u00eener un d\u00e9p\u00f4t de cookies de la part de l\u2019op\u00e9rateur tiers qui l\u2019h\u00e9berge. Compte-tenu des choix que vous avez exprim\u00e9s en mati\u00e8re de d\u00e9p\u00f4t de cookies, nous avons bloqu\u00e9 l\u2019affichage de ce contenu. Si vous souhaitez y acc\u00e9der, vous devez accepter la cat\u00e9gorie de cookies \u201cContenus tiers\u201d en cliquant sur le bouton ci-dessous. <\/p>\n<p> Lire la Vid\u00e9o        Rima Hassan juge l\u2019UE \u00ab\u00a0responsable\u00a0\u00bb de la situation    <\/p>\n<p class=\"asset asset-text\">Elles \u00ab\u00a0se sont jet\u00e9es \u00e0 l\u2019eau pr\u00e9f\u00e9rant mourir en mer plut\u00f4t que de retourner en Libye\u00a0\u00bb des \u00ab\u00a0violences\u00a0\u00bb et des \u00ab\u00a0traitements inhumains les attendaient\u00a0\u00bb, a affirm\u00e9 l\u2019eurod\u00e9put\u00e9e, pr\u00e9cisant qu\u2019il s\u2019agissait de \u00ab\u00a0r\u00e9fugi\u00e9s originaires du <a href=\"https:\/\/www.huffingtonpost.fr\/international\/article\/guerre-au-soudan-macklemore-annule-son-concert-a-dubai-pour-protester-contre-la-crise-humanitaire_238763.html\" target=\"_blank\" rel=\"noopener\">Soudan<\/a>\u00a0\u00bb. L\u2019embarcation \u00ab\u00a0\u00e9tait en train de couler\u00a0\u00bb et certains \u00ab\u00a0ont saut\u00e9 dans l\u2019eau\u00a0\u00bb, a racont\u00e9 sur Instagram un autre membre d\u2019\u00e9quipage du voilier humanitaire, l\u2019activiste br\u00e9silien Thiago Avila. \u00ab\u00a0Nous appelons d\u00e9sormais les gardes-c\u00f4tes grecs \u00e0 venir et \u00e0 prendre la responsabilit\u00e9 de les mettre en s\u00e9curit\u00e9\u00a0\u00bb, a-t-il ajout\u00e9.<\/p>\n<p class=\"asset asset-text\">Un appel relay\u00e9 par Rima Hassan sur ses r\u00e9seaux sociaux, o\u00f9 elle demande aux internautes d\u2019interpeller le ministre grec de la Marine. La Franco-Palestinienne a \u00e9galement jug\u00e9 l\u2019UE \u00ab\u00a0responsable\u00a0\u00bb de la situation, estimant que le \u00ab\u00a0retour forc\u00e9\u00a0\u00bb des migrants en Libye est \u00ab\u00a0rendu possible\u00a0\u00bb par Bruxelles qui \u00ab\u00a0paye la Libye des milliards d\u2019euros\u00a0\u00bb pour qu\u2019elle \u00ab\u00a0emp\u00eache les r\u00e9fugi\u00e9s de rejoindre l\u2019Europe\u00a0\u00bb.<\/p>\n<p class=\"asset asset-text\">Les personnes secourues ce jeudi \u00ab\u00a0d\u00e9rivaient sans moteur depuis deux jours, apr\u00e8s cinq jours en mer\u00a0\u00bb, a affirm\u00e9 l\u2019\u00e9lue LFI dans un communiqu\u00e9, transmis \u00e0 l\u2019AFP par le mouvement de gauche. Elle a estim\u00e9 leur nombre dans l\u2019embarcation \u00e0 \u00ab\u00a0pr\u00e8s de 40\u00a0\u00bb et assur\u00e9 que les quatre r\u00e9fugi\u00e9s secourus \u00e9taient \u00ab\u00a0sains et saufs\u00a0\u00bb. \u00ab\u00a0Cet incident dramatique souligne une fois de plus l\u2019urgence d\u2019une r\u00e9ponse politique europ\u00e9enne respectueuse du droit international et de la Convention sur les r\u00e9fugi\u00e9s\u00a0\u00bb, a ajout\u00e9 Rima Hassan.<\/p>\n","protected":false},"excerpt":{"rendered":"X\/Rima Hassan Rima Hassan raconte avoir sauv\u00e9 4\u00a0migrants soudanais avec son bateau en route pour Gaza POLITIQUE &#8211;&hellip;\n","protected":false},"author":2,"featured_media":154291,"comment_status":"","ping_status":"","sticky":false,"template":"","format":"standard","meta":{"footnotes":""},"categories":[5],"tags":[11,1011,27,14,1252,28428,12,316,15442,28],"class_list":{"0":"post-154290","1":"post","2":"type-post","3":"status-publish","4":"format-standard","5":"has-post-thumbnail","7":"category-international","8":"tag-actualites","9":"tag-fr","10":"tag-france","11":"tag-international","12":"tag-mediterranee","13":"tag-migrant","14":"tag-news","15":"tag-politique","16":"tag-rima-hassan","17":"tag-world"},"share_on_mastodon":{"url":"https:\/\/pubeurope.com\/@fr\/114631563261621562","error":""},"_links":{"self":[{"href":"https:\/\/www.europesays.com\/fr\/wp-json\/wp\/v2\/posts\/154290","targetHints":{"allow":["GET"]}}],"collection":[{"href":"https:\/\/www.europesays.com\/fr\/wp-json\/wp\/v2\/posts"}],"about":[{"href":"https:\/\/www.europesays.com\/fr\/wp-json\/wp\/v2\/types\/post"}],"author":[{"embeddable":true,"href":"https:\/\/www.europesays.com\/fr\/wp-json\/wp\/v2\/users\/2"}],"replies":[{"embeddable":true,"href":"https:\/\/www.europesays.com\/fr\/wp-json\/wp\/v2\/comments?post=154290"}],"version-history":[{"count":0,"href":"https:\/\/www.europesays.com\/fr\/wp-json\/wp\/v2\/posts\/154290\/revisions"}],"wp:featuredmedia":[{"embeddable":true,"href":"https:\/\/www.europesays.com\/fr\/wp-json\/wp\/v2\/media\/154291"}],"wp:attachment":[{"href":"https:\/\/www.europesays.com\/fr\/wp-json\/wp\/v2\/media?parent=154290"}],"wp:term":[{"taxonomy":"category","embeddable":true,"href":"https:\/\/www.europesays.com\/fr\/wp-json\/wp\/v2\/categories?post=154290"},{"taxonomy":"post_tag","embeddable":true,"href":"https:\/\/www.europesays.com\/fr\/wp-json\/wp\/v2\/tags?post=154290"}],"curies":[{"name":"wp","href":"https:\/\/api.w.org\/{rel}","templated":true}]}}