{"id":154294,"date":"2025-06-05T15:54:13","date_gmt":"2025-06-05T15:54:13","guid":{"rendered":"https:\/\/www.europesays.com\/fr\/154294\/"},"modified":"2025-06-05T15:54:13","modified_gmt":"2025-06-05T15:54:13","slug":"stephane-plaza-accuse-le-parquet-de-paris-davoir-truque-son-proces-et-attaque-letat","status":"publish","type":"post","link":"https:\/\/www.europesays.com\/fr\/154294\/","title":{"rendered":"St\u00e9phane Plaza accuse le parquet de Paris d\u2019avoir \u00ab\u00a0truqu\u00e9\u00a0\u00bb son proc\u00e8s et attaque l\u2019Etat"},"content":{"rendered":"<p>La justice de notre pays ne serait <a href=\"https:\/\/www.20minutes.fr\/politique\/4146595-20250402-condamnation-marine-pen-emmanuel-macron-rappelle-gouvernement-justice-independante\" class=\"color-ultramarine c-link\" target=\"_blank\" rel=\"noopener\">pas ind\u00e9pendante<\/a>. C\u2019est en tout cas ce qu\u2019insinue l\u2019animateur <a href=\"https:\/\/www.20minutes.fr\/dossier\/stephane_plaza\" class=\"color-ultramarine c-link\" target=\"_blank\" rel=\"noopener\">St\u00e9phane Plaza<\/a>. \u00c0 l\u2019image des cadres du <a href=\"https:\/\/www.20minutes.fr\/politique\/rassemblement-national\/\" class=\"color-ultramarine c-link\" target=\"_blank\" rel=\"noopener\">Rassemblement national<\/a> <a href=\"https:\/\/www.20minutes.fr\/justice\/4156861-20250604-debut-fin-marine-pen-plus-conseillere-departementale\" class=\"color-ultramarine c-link\" target=\"_blank\" rel=\"noopener\">apr\u00e8s la condamnation de Marine Le\u00a0Pen<\/a>, l\u2019agent immobilier vedette accuse la justice d\u2019avoir \u00ab\u00a0truqu\u00e9\u00a0\u00bb son proc\u00e8s pour le faire condamner. Le c\u00e9l\u00e8bre animateur de <a href=\"https:\/\/www.20minutes.fr\/dossier\/m6\" class=\"color-ultramarine c-link\" target=\"_blank\" rel=\"noopener\">M6<\/a>, qui clame toujours son innocence a annonc\u00e9 assigner l\u2019Etat pour \u00ab\u00a0faute lourde\u00a0\u00bb.<\/p>\n<p>St\u00e9phane Plaza a \u00e9t\u00e9 condamn\u00e9 le 18\u00a0f\u00e9vrier <a href=\"https:\/\/www.20minutes.fr\/justice\/4139368-20250218-stephane-plaza-condamne-douze-mois-prison-sursis\" class=\"color-ultramarine c-link\" target=\"_blank\" rel=\"noopener\">\u00e0 un an de prison avec sursis pour violences r\u00e9currentes<\/a> sur une ancienne compagne. Il a fait appel. Lors d\u2019une conf\u00e9rence de presse organis\u00e9e dans la prestigieuse Maison de la Chimie \u00e0 Paris, l\u2019ancien animateur a r\u00e9p\u00e9t\u00e9 qu\u2019il \u00e9tait \u00ab\u00a0innocent\u00a0\u00bb. \u00ab\u00a0Je me battrai jusqu\u2019au bout pour que la v\u00e9rit\u00e9 soit reconnue\u00a0\u00bb, a-t-il assur\u00e9.<\/p>\n<\/p>\n<p>Une man\u0153uvre intentionnelle\u00a0?<\/p>\n<p>Il a par ailleurs accus\u00e9 le parquet de Paris d\u2019avoir \u00ab\u00a0intentionnellement man\u0153uvr\u00e9 pour tromper le tribunal et obtenir\u00a0\u00bb sa condamnation. Ses avocats, Mes Julien Roelens et Antonin Gravelin-Rodriguez, ont annonc\u00e9 avoir assign\u00e9 l\u2019Etat \u00ab\u00a0pour les dysfonctionnements graves de la justice\u00a0\u00bb dans cette affaire.<\/p>\n<p>En juin\u00a02023, l\u2019animateur avait d\u00e9pos\u00e9 une plainte <a href=\"https:\/\/www.20minutes.fr\/justice\/4144389-20250320-harcelement-moral-ex-compagne-stephane-plaza-ecope-peine-prison-sursis\" class=\"color-ultramarine c-link\" target=\"_blank\" rel=\"noopener\">pour cyberharc\u00e8lement contre trois anciennes compagnes<\/a>. Une affaire class\u00e9e sans suite.<\/p>\n<p>De faux profils Instagram cr\u00e9\u00e9s<\/p>\n<p>Le rapport de synth\u00e8se des enqu\u00eateurs, \u00e9galement pr\u00e9sent\u00e9 par la d\u00e9fense, indique qu\u2019une femme &#8211; une des deux pour lesquelles il \u00e9tait jug\u00e9 pour violences conjugales &#8211; a reconnu en audition libre avoir utilis\u00e9 de faux profils sur Instagram \u00ab\u00a0mais dans un unique objectif de pr\u00e9vention\u00a0\u00bb, <a href=\"https:\/\/www.20minutes.fr\/arts-stars\/medias\/4139459-20250218-m6-annonce-deprogrammation-emissions-stephane-plaza-apres-condamnation-violences-conjugales\" class=\"color-ultramarine c-link\" target=\"_blank\" rel=\"noopener\">pour avertir des femmes en couple avec St\u00e9phane Plaza<\/a> \u00ab\u00a0de ses multiples infid\u00e9lit\u00e9s, du fait qu\u2019il transmette des infections sexuellement transmissibles et de ses actes violents\u00a0\u00bb.<\/p>\n<p>Le parquet a produit \u00ab\u00a0une attestation selon laquelle il n\u2019y avait aucun lien entre les accusatrices de St\u00e9phane Plaza et les harc\u00e8lements\u00a0\u00bb, a indiqu\u00e9 Me Gravelin-Rodriguez, estimant qu\u2019il s\u2019agissait d\u2019un \u00ab\u00a0faux en \u00e9criture publique\u00a0\u00bb.<\/p>\n","protected":false},"excerpt":{"rendered":"La justice de notre pays ne serait pas ind\u00e9pendante. C\u2019est en tout cas ce qu\u2019insinue l\u2019animateur St\u00e9phane Plaza.&hellip;\n","protected":false},"author":2,"featured_media":154295,"comment_status":"","ping_status":"","sticky":false,"template":"","format":"standard","meta":{"footnotes":""},"categories":[2],"tags":[47,11,1011,27,662,303,494,12,626,10857,7221,252,798],"class_list":{"0":"post-154294","1":"post","2":"type-post","3":"status-publish","4":"format-standard","5":"has-post-thumbnail","7":"category-actualites","8":"tag-actualite","9":"tag-actualites","10":"tag-fr","11":"tag-france","12":"tag-ile-de-france","13":"tag-justice","14":"tag-m6","15":"tag-news","16":"tag-paris","17":"tag-parquet-de-paris","18":"tag-stephane-plaza","19":"tag-television","20":"tag-violences-conjugales"},"share_on_mastodon":{"url":"https:\/\/pubeurope.com\/@fr\/114631571205821702","error":""},"_links":{"self":[{"href":"https:\/\/www.europesays.com\/fr\/wp-json\/wp\/v2\/posts\/154294","targetHints":{"allow":["GET"]}}],"collection":[{"href":"https:\/\/www.europesays.com\/fr\/wp-json\/wp\/v2\/posts"}],"about":[{"href":"https:\/\/www.europesays.com\/fr\/wp-json\/wp\/v2\/types\/post"}],"author":[{"embeddable":true,"href":"https:\/\/www.europesays.com\/fr\/wp-json\/wp\/v2\/users\/2"}],"replies":[{"embeddable":true,"href":"https:\/\/www.europesays.com\/fr\/wp-json\/wp\/v2\/comments?post=154294"}],"version-history":[{"count":0,"href":"https:\/\/www.europesays.com\/fr\/wp-json\/wp\/v2\/posts\/154294\/revisions"}],"wp:featuredmedia":[{"embeddable":true,"href":"https:\/\/www.europesays.com\/fr\/wp-json\/wp\/v2\/media\/154295"}],"wp:attachment":[{"href":"https:\/\/www.europesays.com\/fr\/wp-json\/wp\/v2\/media?parent=154294"}],"wp:term":[{"taxonomy":"category","embeddable":true,"href":"https:\/\/www.europesays.com\/fr\/wp-json\/wp\/v2\/categories?post=154294"},{"taxonomy":"post_tag","embeddable":true,"href":"https:\/\/www.europesays.com\/fr\/wp-json\/wp\/v2\/tags?post=154294"}],"curies":[{"name":"wp","href":"https:\/\/api.w.org\/{rel}","templated":true}]}}