{"id":154298,"date":"2025-06-05T15:56:11","date_gmt":"2025-06-05T15:56:11","guid":{"rendered":"https:\/\/www.europesays.com\/fr\/154298\/"},"modified":"2025-06-05T15:56:11","modified_gmt":"2025-06-05T15:56:11","slug":"saint-etienne-des-policiers-agresses-a-lhotel-de-police-par-une-femme-quils-avaient-invitee-a-sortir","status":"publish","type":"post","link":"https:\/\/www.europesays.com\/fr\/154298\/","title":{"rendered":"Saint-Etienne. Des policiers agress\u00e9s \u00e0 l\u2019H\u00f4tel de police par une femme qu\u2019ils avaient invit\u00e9e \u00e0 sortir"},"content":{"rendered":"<p>Elle a fini par retrouver son calme. Mais pour la sc\u00e8ne qui s\u2019est d\u00e9roul\u00e9e mardi 3\u00a0juin vers 15 heures, cette femme de 44 ans devra s\u2019expliquer devant la justice.<\/p>\n<p>Ce jour-l\u00e0, elle se trouve dans l\u2019espace d\u2019accueil de l\u2019h\u00f4tel de police. Un lieu r\u00e9cemment r\u00e9nov\u00e9 o\u00f9 se c\u00f4toient espaces d\u2019attente et guichets d\u2019accueil.<\/p>\n<p>La quadrag\u00e9naire est au t\u00e9l\u00e9phone, une conversation bruyante durant laquelle elle prof\u00e8re des injures. Jugeant son comportement inappropri\u00e9 dans un lieu o\u00f9 patientent des victimes pour leur d\u00e9p\u00f4t de plainte, un fonctionnaire lui demande de sortir.<\/p>\n<p>  Elle retrouve son calme en garde \u00e0 vue<\/p>\n<p>Mais la femme ne l\u2019entend pas de cette oreille. Elle outrage le fonctionnaire de police puis se rebelle quand lui et ses coll\u00e8gues tentent de la raccompagner vers la sortie. Six policiers se mobilisent pour la ma\u00eetriser. Bilan\u00a0: cinq jours d\u2019ITT pour un des fonctionnaires.<\/p>\n<p>Plac\u00e9e en garde \u00e0 vue, la mise en cause a pu retrouver son calme. Elle sera convoqu\u00e9e par la justice pour r\u00e9pondre de faits d\u2019outrage et r\u00e9bellion.<\/p>\n","protected":false},"excerpt":{"rendered":"Elle a fini par retrouver son calme. Mais pour la sc\u00e8ne qui s\u2019est d\u00e9roul\u00e9e mardi 3\u00a0juin vers 15&hellip;\n","protected":false},"author":2,"featured_media":154299,"comment_status":"","ping_status":"","sticky":false,"template":"","format":"standard","meta":{"footnotes":""},"categories":[9653],"tags":[1111,11,2430,271,272,7539,1777,674,274,1011,27,3367,12,25,4001,7538],"class_list":{"0":"post-154298","1":"post","2":"type-post","3":"status-publish","4":"format-standard","5":"has-post-thumbnail","7":"category-saint-etienne","8":"tag-actu","9":"tag-actualites","10":"tag-auvergne-rhone-alpes","11":"tag-crime","12":"tag-delit-et-contravention","13":"tag-edition-loire-sud","14":"tag-eu","15":"tag-europe","16":"tag-faits-divers-justice","17":"tag-fr","18":"tag-france","19":"tag-loire","20":"tag-news","21":"tag-republique-francaise","22":"tag-saint-etienne","23":"tag-saint-etienne-ville"},"share_on_mastodon":{"url":"https:\/\/pubeurope.com\/@fr\/114631579018291690","error":""},"_links":{"self":[{"href":"https:\/\/www.europesays.com\/fr\/wp-json\/wp\/v2\/posts\/154298","targetHints":{"allow":["GET"]}}],"collection":[{"href":"https:\/\/www.europesays.com\/fr\/wp-json\/wp\/v2\/posts"}],"about":[{"href":"https:\/\/www.europesays.com\/fr\/wp-json\/wp\/v2\/types\/post"}],"author":[{"embeddable":true,"href":"https:\/\/www.europesays.com\/fr\/wp-json\/wp\/v2\/users\/2"}],"replies":[{"embeddable":true,"href":"https:\/\/www.europesays.com\/fr\/wp-json\/wp\/v2\/comments?post=154298"}],"version-history":[{"count":0,"href":"https:\/\/www.europesays.com\/fr\/wp-json\/wp\/v2\/posts\/154298\/revisions"}],"wp:featuredmedia":[{"embeddable":true,"href":"https:\/\/www.europesays.com\/fr\/wp-json\/wp\/v2\/media\/154299"}],"wp:attachment":[{"href":"https:\/\/www.europesays.com\/fr\/wp-json\/wp\/v2\/media?parent=154298"}],"wp:term":[{"taxonomy":"category","embeddable":true,"href":"https:\/\/www.europesays.com\/fr\/wp-json\/wp\/v2\/categories?post=154298"},{"taxonomy":"post_tag","embeddable":true,"href":"https:\/\/www.europesays.com\/fr\/wp-json\/wp\/v2\/tags?post=154298"}],"curies":[{"name":"wp","href":"https:\/\/api.w.org\/{rel}","templated":true}]}}