{"id":154311,"date":"2025-06-05T16:03:08","date_gmt":"2025-06-05T16:03:08","guid":{"rendered":"https:\/\/www.europesays.com\/fr\/154311\/"},"modified":"2025-06-05T16:03:08","modified_gmt":"2025-06-05T16:03:08","slug":"disparition-inquietante-dun-ado-de-15-ans-a-rouen-avez-vous-vu-alexandr","status":"publish","type":"post","link":"https:\/\/www.europesays.com\/fr\/154311\/","title":{"rendered":"Disparition inqui\u00e9tante d&rsquo;un ado de 15 ans \u00e0 Rouen : avez-vous vu Alexandr\u00a0?"},"content":{"rendered":"<p>            Par<br \/>\n        <strong><br \/>\n            <a href=\"https:\/\/actu.fr\/auteur\/eaube\" title=\"Consulter tous les articles de Elo\u00efse Aub\u00e9\" rel=\"nofollow noopener\" target=\"_blank\">Elo\u00efse Aub\u00e9<\/a><br \/>\n        <\/strong><\/p>\n<p>        Publi\u00e9 le<\/p>\n<p>            5 juin 2025 \u00e0 17h54        <\/p>\n<p><strong>Avis de recherche.<\/strong> Depuis lundi 2\u00a0juin 2025, un <strong>adolescent de 15\u00a0ans<\/strong> a disparu dans le secteur de <a href=\"https:\/\/actu.fr\/normandie\/rouen_76540\" rel=\"nofollow noopener\" target=\"_blank\">Rouen<\/a>.<\/p>\n<p class=\" wall-content\">Alexandr de son pr\u00e9nom, a disparu \u00e0 cette date alors qu\u2019il se rendait \u00e0 la salle de sport rue d\u2019Elbeuf, indique la police nationale qui a lanc\u00e9, ce jeudi 5 juin, un avis de <strong>disparition inqui\u00e9tante<\/strong>.<\/p>\n<p class=\" wall-content\">\n<p>Jogging, t-shirt et sac de sport<\/p>\n<p class=\" wall-content\">Selon la description r\u00e9alis\u00e9e par les forces de l\u2019ordre, l\u2019adolescent mesure 1.70\u00a0m\u00e8tres avec des cheveux mi-longs. Au moment de sa disparition, il portait un bas de jogging gris, un t-shirt blanc avec une inscription bleue sur le torse, des baskets de la marque New Balance et d\u00e9tenait un sac de sport noir.<\/p>\n<p class=\" wall-content\">Si vous l\u2019avez aper\u00e7u ou si vous avez des informations, vous pouvez contacter l\u2019h\u00f4tel de police de Rouen au 02.32.81.25.00<\/p>\n<p>Suivez l\u2019actualit\u00e9 de Rouen sur notre <a href=\"https:\/\/www.whatsapp.com\/channel\/0029VaKfnf99hXF2ddApFB1D\" rel=\"nofollow noopener\" target=\"_blank\">cha\u00eene WhatsApp<\/a> et sur notre <a href=\"https:\/\/www.tiktok.com\/@76actu.fr?lang=fr\" rel=\"nofollow noopener\" target=\"_blank\">compte TikTok<\/a><\/p>\n<p class=\" wall-content\">Suivez toute l\u2019actualit\u00e9 de vos villes et m\u00e9dias favoris en vous inscrivant \u00e0 <a href=\"https:\/\/moncompte.actu.fr\" title=\"D\u00e9couvez Mon Actu\" rel=\"nofollow noopener\" data-trk=\"{&quot;cta&quot;:{&quot;action&quot;:&quot;https:\\\/\\\/moncompte.actu.fr&quot;,&quot;category&quot;:&quot;mon compte&quot;,&quot;from&quot;:&quot;article footer&quot;,&quot;name&quot;:&quot;Mon actu&quot;,&quot;type&quot;:&quot;cta&quot;}}\" target=\"_blank\">Mon Actu<\/a>.<\/p>\n<p>                    <script async src=\"\/\/www.tiktok.com\/embed.js\"><\/script><\/p>\n","protected":false},"excerpt":{"rendered":"Par Elo\u00efse Aub\u00e9 Publi\u00e9 le 5 juin 2025 \u00e0 17h54 Avis de recherche. Depuis lundi 2\u00a0juin 2025, un&hellip;\n","protected":false},"author":2,"featured_media":154312,"comment_status":"","ping_status":"","sticky":false,"template":"","format":"standard","meta":{"footnotes":""},"categories":[9587],"tags":[1111,11,3676,1719,1777,674,118,1011,27,12,5161,1072,25,9590],"class_list":{"0":"post-154311","1":"post","2":"type-post","3":"status-publish","4":"format-standard","5":"has-post-thumbnail","7":"category-rouen","8":"tag-actu","9":"tag-actualites","10":"tag-disparition-inquietante","11":"tag-enfants","12":"tag-eu","13":"tag-europe","14":"tag-faits-divers","15":"tag-fr","16":"tag-france","17":"tag-news","18":"tag-normandie","19":"tag-police","20":"tag-republique-francaise","21":"tag-rouen"},"share_on_mastodon":{"url":"https:\/\/pubeurope.com\/@fr\/114631606617891943","error":""},"_links":{"self":[{"href":"https:\/\/www.europesays.com\/fr\/wp-json\/wp\/v2\/posts\/154311","targetHints":{"allow":["GET"]}}],"collection":[{"href":"https:\/\/www.europesays.com\/fr\/wp-json\/wp\/v2\/posts"}],"about":[{"href":"https:\/\/www.europesays.com\/fr\/wp-json\/wp\/v2\/types\/post"}],"author":[{"embeddable":true,"href":"https:\/\/www.europesays.com\/fr\/wp-json\/wp\/v2\/users\/2"}],"replies":[{"embeddable":true,"href":"https:\/\/www.europesays.com\/fr\/wp-json\/wp\/v2\/comments?post=154311"}],"version-history":[{"count":0,"href":"https:\/\/www.europesays.com\/fr\/wp-json\/wp\/v2\/posts\/154311\/revisions"}],"wp:featuredmedia":[{"embeddable":true,"href":"https:\/\/www.europesays.com\/fr\/wp-json\/wp\/v2\/media\/154312"}],"wp:attachment":[{"href":"https:\/\/www.europesays.com\/fr\/wp-json\/wp\/v2\/media?parent=154311"}],"wp:term":[{"taxonomy":"category","embeddable":true,"href":"https:\/\/www.europesays.com\/fr\/wp-json\/wp\/v2\/categories?post=154311"},{"taxonomy":"post_tag","embeddable":true,"href":"https:\/\/www.europesays.com\/fr\/wp-json\/wp\/v2\/tags?post=154311"}],"curies":[{"name":"wp","href":"https:\/\/api.w.org\/{rel}","templated":true}]}}