{"id":154317,"date":"2025-06-05T16:06:13","date_gmt":"2025-06-05T16:06:13","guid":{"rendered":"https:\/\/www.europesays.com\/fr\/154317\/"},"modified":"2025-06-05T16:06:13","modified_gmt":"2025-06-05T16:06:13","slug":"grenoble-ils-veulent-garder-quoi-quil-en-coute-leur-bibliotheque-menacee-de-fermeture","status":"publish","type":"post","link":"https:\/\/www.europesays.com\/fr\/154317\/","title":{"rendered":"Grenoble. Ils veulent garder \u00ab\u00a0quoi qu&rsquo;il en co\u00fbte\u00a0\u00bb leur biblioth\u00e8que, menac\u00e9e de fermeture"},"content":{"rendered":"<p>            Par<br \/>\n        <strong><br \/>\n            <a href=\"https:\/\/actu.fr\/auteur\/lisa-rodrigues\" title=\"Consulter tous les articles de Lisa Rodrigues\" rel=\"nofollow noopener\" target=\"_blank\">Lisa Rodrigues<\/a><br \/>\n        <\/strong><\/p>\n<p>        Publi\u00e9 le<\/p>\n<p>            5 juin 2025 \u00e0 17h54        <\/p>\n<p>Si l\u2019on en croit l\u2019un des <a href=\"https:\/\/actu.fr\/auvergne-rhone-alpes\/grenoble_38185\/municipales-a-grenoble-ce-sondage-revelateur-sur-l-action-du-maire-eric-piolle_62686110.html\" rel=\"nofollow noopener\" target=\"_blank\">derniers sondages<\/a> publi\u00e9s sur l\u2019action municipale de l\u2019\u00e9quipe du maire \u00e9cologiste de Grenoble, <a href=\"https:\/\/actu.fr\/tag\/eric-piolle\" rel=\"nofollow noopener\" target=\"_blank\">\u00c9ric Piolle<\/a>, la politique culturelle est l\u2019une des plus pl\u00e9biscit\u00e9es par les habitants. Des riverains de la biblioth\u00e8que du centre-ville, sur l\u2019\u00eelot R\u00e9publique, n\u2019ont certainement pas le m\u00eame ressenti.<br \/>Depuis 2023, ils se sont mont\u00e9s en collectif pour protester <strong>contre le projet de transfert<\/strong> de l\u2019\u00e9quipement \u2013 et in fine de sa fermeture \u2013 vers la future \u00ab\u00a0Grande biblioth\u00e8que\u00a0\u00bb, \u00e0 deux pas du parc Paul-Mistral.<\/p>\n<p class=\" wall-content\">Mercredi 4 juin, sous la pluie, les habitants se sont r\u00e9unis \u00ab\u00a0pour leur premi\u00e8re manifestation\u00a0\u00bb devant la biblioth\u00e8que rue de la R\u00e9publique pour montrer leur m\u00e9contentement et ont <a href=\"https:\/\/www.petitionenligne.fr\/gardons_nos_bibliotheques_du_centre_ville_de_grenoble?utm_source=web_share\" rel=\"nofollow noopener\" target=\"_blank\">lanc\u00e9 une p\u00e9tition<\/a>. Et ils n\u2019excluent pas de <strong>relancer d\u2019autres actions<\/strong> \u00e0 l\u2019avenir.<\/p>\n<p>\u00ab\u00a0Il faut des biblioth\u00e8ques de proximit\u00e9\u00a0\u00bb<\/p>\n<p class=\" wall-content\">Le collectif a appris le projet de suppression de la biblioth\u00e8que du centre-ville par le biais d\u2019une concertation publique, en 2023, sur la r\u00e9habilitation de l\u2019\u00eelot R\u00e9publique. Ses membres ne comprennent pas la d\u00e9cision qui, selon eux, <strong>va \u00e0 l\u2019encontre du discours de la majorit\u00e9 municipale<\/strong> sur la culture.<\/p>\n<blockquote class=\"ac-article-quote wall-content\">\n<p>Le r\u00e9seau de biblioth\u00e8ques fonctionnait tr\u00e8s bien ! Ils en ont ferm\u00e9 plein depuis qu&rsquo;ils sont arriv\u00e9s. Pourtant, la mairie dit qu&rsquo;il faut des biblioth\u00e8ques de proximit\u00e9, mais ils font tout l&rsquo;inverse !<\/p>\n<p>    <strong>V\u00e9ronique Fauvel et H\u00e9l\u00e8ne Joubert-Gaillard<\/strong><br \/>\n        Membre du collectif Gardons nos biblioth\u00e8ques du centre-ville de Grenoble    <\/p><\/blockquote>\n<p class=\" wall-content\">Une vision que partage l\u2019Union des habitants du centre-ville. \u00ab\u00a0\u00c7a va \u00eatre une perte au niveau de la culture et des services aux habitants, soupire Bruno Salagnat, tr\u00e9sorier de l\u2019association. Il y a <strong>un appauvrissement culturel<\/strong> \u00e0 <a href=\"https:\/\/actu.fr\/auvergne-rhone-alpes\/grenoble_38185\" rel=\"nofollow noopener\" target=\"_blank\">Grenoble<\/a> : on a que des suppressions de lieux et peu de remplacement. Donc, on veut garder la biblioth\u00e8que du centre-ville, quoi qu\u2019il en co\u00fbte.\u00a0\u00bb\u00a0<\/p>\n<p>\u00ab\u00a0Un lieu tr\u00e8s important\u00a0\u00bb<\/p>\n<p class=\" wall-content\">Tous ont leurs arguments pour maintenir cet \u00e9quipement du centre-ville.\u00a0\u00ab\u00a0C\u2019est <strong>une biblioth\u00e8que qui fonctionne bien<\/strong> et qui existe depuis longtemps, insistent V\u00e9ronique Fauvel et H\u00e9l\u00e8ne Joubert-Gaillard. C\u2019est un lieu tr\u00e8s important, un lieu de culture, avec des expositions, des rencontres avec les auteurs. Il y a aussi un point d\u2019acc\u00e8s \u00e0 internet.\u00a0\u00bb\u00a0<\/p>\n<p>    <a href=\"https:\/\/www.google.com\/maps\/embed?pb=!1m18!1m12!1m3!1d2811.8427879189267!2d5.72672107613562!3d45.1902785710707!2m3!1f0!2f0!3f0!3m2!1i1024!2i768!4f13.1!3m3!1m2!1s0x478af48bb9d8237d%3A0x2ff5d9d656cdffac!2sBiblioth%C3%A8que%20Centre-Ville%20de%20Grenoble!5e0!3m2!1sfr!2sfr!4v1749129132337!5m2!1sfr!2sfr\" title=\"Ouvrie le lien\" rel=\"nofollow noopener\" target=\"_blank\">Cliquez ici pour visualiser le contenu<\/a><\/p>\n<p class=\" wall-content\">\u00c0 cela, il faut \u00e9galement ajouter le projet de transformation de la biblioth\u00e8que jeune public du Jardin de Ville, qui r\u00e9cup\u00e9rerait les collections de l\u2019actuelle biblioth\u00e8que internationale.<\/p>\n<p class=\" wall-content\">Le collectif souligne aussi l\u2019impact de ces d\u00e9m\u00e9nagements sur des habitants, notamment sur les personnes \u00e2g\u00e9es \u00ab\u00a0incapables de se d\u00e9placer loin de leur domicile\u00a0\u00bb, ainsi que sur les \u00e9coles \u00e0 proximit\u00e9 qui profitent des biblioth\u00e8ques. \u00ab\u00a0Imaginer que tous ces usagers vont se d\u00e9placer boulevard Lyautey, c\u2019est faire preuve d\u2019une <strong>grande ignorance des conditions d\u2019acc\u00e8s des lieux de culture !<\/strong>\u00a0\u00bb\u00a0<\/p>\n<p class=\" wall-content\">Contact\u00e9e, la Ville de Grenoble n\u2019a pas encore r\u00e9pondu aux sollicitations de la r\u00e9daction sur le sujet.<\/p>\n<p>En toile de fond, le projet de \u00ab\u00a0Grande biblioth\u00e8que\u00a0\u00bb<\/p>\n<p class=\" wall-content\">Les appels \u00e0 maintien de la biblioth\u00e8que du centre-ville se m\u00e9langent d\u00e9sormais aux voix des habitants oppos\u00e9s au projet de \u00ab\u00a0Grande biblioth\u00e8que\u00a0\u00bb c\u00f4t\u00e9 place Valentin-Ha\u00fcy.<\/p>\n<p>    <a href=\"https:\/\/www.google.com\/maps\/embed?pb=!1m18!1m12!1m3!1d418.02003763754476!2d5.731046073271991!3d45.185225589832626!2m3!1f0!2f0!3f0!3m2!1i1024!2i768!4f13.1!3m3!1m2!1s0x478af48d3db531bf%3A0xef7b322457f6df6a!2sBiblioth%C3%A8que%20d%27%C3%89tude%20et%20du%20Patrimoine!5e0!3m2!1sfr!2sfr!4v1749129434372!5m2!1sfr!2sfr\" title=\"Ouvrie le lien\" rel=\"nofollow noopener\" target=\"_blank\">Cliquez ici pour visualiser le contenu<\/a><\/p>\n<p class=\" wall-content\">Car selon les premiers \u00e9chos, \u00ab\u00a0ils vont supprimer deux parkings\u00a0\u00bb pour le chantier et abattre \u00ab\u00a0beaucoup d\u2019anciens arbres\u00a0\u00bb pr\u00e9sents sur la place, l\u00e2che Bruno Salagnat.\u00a0<\/p>\n<p>    <img   decoding=\"async\" loading=\"lazy\" src=\"https:\/\/www.europesays.com\/fr\/wp-content\/uploads\/2025\/06\/place-valentin-hauy-grenoble-bibliotheque-parking-960x640.jpeg\" alt=\"Le parking et les arbres de la place Valentin-Ha\u00fcy \u00e0 Grenoble pourraient dispara\u00eetre si le projet de \" width=\"960\" height=\"640\"\/><br \/>\n    Le parking et les arbres de la place Valentin-Ha\u00fcy \u00e0 Grenoble pourraient dispara\u00eetre si le projet de \u00ab\u00a0Grande biblioth\u00e8que\u00a0\u00bb venait \u00e0 se faire. (\u00a9Lisa Rodrigues \/ actu Grenoble)<\/p>\n<p class=\" wall-content\">Elle serait construite \u00ab en extension de la biblioth\u00e8que d\u2019\u00e9tudes et du patrimoine \u00bb, pr\u00e9cisait dans un <a href=\"https:\/\/actu.fr\/auvergne-rhone-alpes\/grenoble_38185\/la-mairie-de-grenoble-en-dit-un-peu-plus-sur-ce-grand-projet-prevu-en-centre-ville_62580610.html\" rel=\"nofollow noopener\" target=\"_blank\">pr\u00e9c\u00e9dent article<\/a> la mairie \u00e0 actu Grenoble. Le choix de l\u2019entreprise qui assurera la ma\u00eetrise d\u2019\u0153uvre du projet est en cours, d\u2019apr\u00e8s un arr\u00eat\u00e9 municipal dat\u00e9 du 3 juin. La livraison de ce nouvel \u00e9quipement est fix\u00e9 \u00e0 <strong>l\u2019horizon 2027<\/strong>.<\/p>\n<p class=\" wall-content\">Suivez toute l\u2019actualit\u00e9 de vos villes et m\u00e9dias favoris en vous inscrivant \u00e0 <a href=\"https:\/\/moncompte.actu.fr\" title=\"D\u00e9couvez Mon Actu\" rel=\"nofollow noopener\" data-trk=\"{&quot;cta&quot;:{&quot;action&quot;:&quot;https:\\\/\\\/moncompte.actu.fr&quot;,&quot;category&quot;:&quot;mon compte&quot;,&quot;from&quot;:&quot;article footer&quot;,&quot;name&quot;:&quot;Mon actu&quot;,&quot;type&quot;:&quot;cta&quot;}}\" target=\"_blank\">Mon Actu<\/a>.<\/p>\n","protected":false},"excerpt":{"rendered":"Par Lisa Rodrigues Publi\u00e9 le 5 juin 2025 \u00e0 17h54 Si l\u2019on en croit l\u2019un des derniers sondages&hellip;\n","protected":false},"author":2,"featured_media":154318,"comment_status":"","ping_status":"","sticky":false,"template":"","format":"standard","meta":{"footnotes":""},"categories":[9566],"tags":[1111,11,2430,9607,1777,674,1011,27,2731,12,25,104],"class_list":{"0":"post-154317","1":"post","2":"type-post","3":"status-publish","4":"format-standard","5":"has-post-thumbnail","7":"category-grenoble","8":"tag-actu","9":"tag-actualites","10":"tag-auvergne-rhone-alpes","11":"tag-eric-piolle","12":"tag-eu","13":"tag-europe","14":"tag-fr","15":"tag-france","16":"tag-grenoble","17":"tag-news","18":"tag-republique-francaise","19":"tag-societe"},"share_on_mastodon":{"url":"https:\/\/pubeurope.com\/@fr\/114631618491410080","error":""},"_links":{"self":[{"href":"https:\/\/www.europesays.com\/fr\/wp-json\/wp\/v2\/posts\/154317","targetHints":{"allow":["GET"]}}],"collection":[{"href":"https:\/\/www.europesays.com\/fr\/wp-json\/wp\/v2\/posts"}],"about":[{"href":"https:\/\/www.europesays.com\/fr\/wp-json\/wp\/v2\/types\/post"}],"author":[{"embeddable":true,"href":"https:\/\/www.europesays.com\/fr\/wp-json\/wp\/v2\/users\/2"}],"replies":[{"embeddable":true,"href":"https:\/\/www.europesays.com\/fr\/wp-json\/wp\/v2\/comments?post=154317"}],"version-history":[{"count":0,"href":"https:\/\/www.europesays.com\/fr\/wp-json\/wp\/v2\/posts\/154317\/revisions"}],"wp:featuredmedia":[{"embeddable":true,"href":"https:\/\/www.europesays.com\/fr\/wp-json\/wp\/v2\/media\/154318"}],"wp:attachment":[{"href":"https:\/\/www.europesays.com\/fr\/wp-json\/wp\/v2\/media?parent=154317"}],"wp:term":[{"taxonomy":"category","embeddable":true,"href":"https:\/\/www.europesays.com\/fr\/wp-json\/wp\/v2\/categories?post=154317"},{"taxonomy":"post_tag","embeddable":true,"href":"https:\/\/www.europesays.com\/fr\/wp-json\/wp\/v2\/tags?post=154317"}],"curies":[{"name":"wp","href":"https:\/\/api.w.org\/{rel}","templated":true}]}}