{"id":154319,"date":"2025-06-05T16:07:12","date_gmt":"2025-06-05T16:07:12","guid":{"rendered":"https:\/\/www.europesays.com\/fr\/154319\/"},"modified":"2025-06-05T16:07:12","modified_gmt":"2025-06-05T16:07:12","slug":"un-festival-darts-de-rue-gratuit-ce-week-end","status":"publish","type":"post","link":"https:\/\/www.europesays.com\/fr\/154319\/","title":{"rendered":"un festival d&rsquo;arts de rue gratuit ce week-end"},"content":{"rendered":"<p>            Par<br \/>\n        <strong><br \/>\n            <a href=\"https:\/\/actu.fr\/auteur\/redaction-jv\" title=\"Consulter tous les articles de R\u00e9daction Vitr\u00e9\" target=\"_blank\" rel=\"noopener\">R\u00e9daction Vitr\u00e9<\/a><br \/>\n        <\/strong><\/p>\n<p>        Publi\u00e9 le<\/p>\n<p>            5 juin 2025 \u00e0 17h49        <\/p>\n<p>Des <b>artistes<\/b> en tous genres, des talents tous terrains, des animations familiales et des rires auront lieu ce samedi 7 juin 2025 sur le site de <b>l\u2019Yve \u00e0 Janz\u00e9<\/b> (Ille-et-Vilaine). La journ\u00e9e promet d\u2019\u00eatre haute en couleurs.<\/p>\n<p class=\" wall-content\">Cette ann\u00e9e, le <b>festival Fest\u2019Yve<\/b> revient avec une \u00e9dition plac\u00e9e sous le signe de la convivialit\u00e9 et de la nature. Un espace de restauration sera ouvert toute la journ\u00e9e, du go\u00fbter au d\u00eener.<\/p>\n<p>Le programme<\/p>\n<p class=\" wall-content\"><b>Ciao : la Cara Compagnie. <\/b><\/p>\n<p class=\" wall-content\">\u00ab Un ciao, un salut, un bonjour, un au revoir, c\u2019est tout ? Non : c\u2019est intense, g\u00e9n\u00e9reux m\u00eame. Ils sont l\u00e0 pour jouer. Pas de triche, pas de fa\u00e7ade. Les balles fusent, ricochent. La po\u00e9sie na\u00eet de leurs gestes, leur complicit\u00e9 fait sourire, elle se propage. Avec leur bo\u00eete roulante, ils tracent la route, port\u00e9s par le go\u00fbt de l\u2019inconnu. \u00bb<\/p>\n<p class=\" wall-content\"><b>Comme tu me vois : compagnie La Fauvette. <\/b><\/p>\n<p class=\" wall-content\">Ce spectacle m\u00eale cerceau a\u00e9rien et chant, pour faire na\u00eetre un moment suspendu, fait d\u2019\u00e9changes et de partages. \u00ab Ici, la sororit\u00e9 se chante, se danse, se ressent. Chaque geste, chaque regard cr\u00e9\u00e9 des liens invisibles, tissant une chor\u00e9graphie o\u00f9 les identit\u00e9s se croisent, s\u2019unissent et se r\u00e9pondant. \u00bb<\/p>\n<p class=\" wall-content\"><b>J\u2019aurais pas fait comme \u00e7a : Cie Ocus. Th\u00e9\u00e2tre gestuel. <\/b><\/p>\n<p class=\" wall-content\">\u00ab On dirait qu\u2019ils se connaissent depuis toujours. Et pourtant \u00e7a accroche, \u00e7a glisse, \u00e7a d\u00e9rape, \u00e7a s\u2019emm\u00eale et puis \u00e7a s\u2019attrape, tant bien que mal. C\u2019est chaotique, c\u2019est vivant. Du rire aux larmes, un hommage tendre \u00e0 l\u2019aventure collective. \u00bb<\/p>\n<p>Vid\u00e9os : en ce moment sur Actu<\/p>\n<p class=\" wall-content\"><b>In Diligencia : Les Frappovitch. Ambiance fanfaresque. <\/b><\/p>\n<p class=\" wall-content\">\u00ab Les Frappovitch, dandys d\u00e9cal\u00e9s, embarquent les spectateurs dans une \u00e9pop\u00e9e sonore et burlesque. Avec leur spectacle, tout d\u00e9raille joyeusement : des chevalchaises galopantes, des cann\u00e9es qui claquent, des baffes bien plac\u00e9es\u2026 Leur musique ? Un chaos ma\u00eetris\u00e9, m\u00ealant la r\u00e9sonance du corps, des objets d\u00e9tourn\u00e9s et des percussions inattendues \u00bb.<\/p>\n<p class=\" wall-content\">Vents de cirque. Les jeunes de l\u2019\u00e9cole de cirque de Janz\u00e9 sont du rendez-vous ! Avec des num\u00e9ros in\u00e9dits et une \u00e9nergie d\u00e9bordante, ils promettent un moment haut en couleur. Ports, acrobaties, jonglages\u2026 Il y aura deux repr\u00e9sentations.<\/p>\n<p class=\" wall-content\"><b>La Krakcoche. <\/b>Les spectateurs auront l\u2019occasion de plonger dans l\u2019univers des jeux forains revisit\u00e9s.<\/p>\n<p class=\" wall-content\">Il faudra allier force et pr\u00e9cision pour mettre une peluche en cage dans ce d\u00e9fi dr\u00f4le et original. Les spectateurs seront invit\u00e9s \u00e0 rire, \u00e0 viser juste et \u00e0 relever ce challenge !<\/p>\n<p class=\" wall-content\">Dans une ambiance joyeuse, Fest\u2019Yve propose aussi des ateliers anim\u00e9s pour petits et grands : maquillage, grands jeux, bulles \u00e0 savon\u00a0etc.<\/p>\n<p>Pratique\u00a0: de 15 h \u00e0 22 h, site de l\u2019Yve. Restauration sur place toute la journ\u00e9e.\u00a0<\/p>\n<p class=\" wall-content\">Suivez toute l\u2019actualit\u00e9 de vos villes et m\u00e9dias favoris en vous inscrivant \u00e0 <a href=\"https:\/\/moncompte.actu.fr\" title=\"D\u00e9couvez Mon Actu\" rel=\"nofollow noopener\" data-trk=\"{&quot;cta&quot;:{&quot;action&quot;:&quot;https:\\\/\\\/moncompte.actu.fr&quot;,&quot;category&quot;:&quot;mon compte&quot;,&quot;from&quot;:&quot;article footer&quot;,&quot;name&quot;:&quot;Mon actu&quot;,&quot;type&quot;:&quot;cta&quot;}}\" target=\"_blank\">Mon Actu<\/a>.<\/p>\n","protected":false},"excerpt":{"rendered":"Par R\u00e9daction Vitr\u00e9 Publi\u00e9 le 5 juin 2025 \u00e0 17h49 Des artistes en tous genres, des talents tous&hellip;\n","protected":false},"author":2,"featured_media":154320,"comment_status":"","ping_status":"","sticky":false,"template":"","format":"standard","meta":{"footnotes":""},"categories":[2821],"tags":[1111,11,1063,829,1777,674,1011,27,1652,12,584,25,853],"class_list":{"0":"post-154319","1":"post","2":"type-post","3":"status-publish","4":"format-standard","5":"has-post-thumbnail","7":"category-rennes","8":"tag-actu","9":"tag-actualites","10":"tag-animations","11":"tag-bretagne","12":"tag-eu","13":"tag-europe","14":"tag-fr","15":"tag-france","16":"tag-loisirs-culture","17":"tag-news","18":"tag-rennes","19":"tag-republique-francaise","20":"tag-spectacles"},"share_on_mastodon":{"url":"https:\/\/pubeurope.com\/@fr\/114631622310298956","error":""},"_links":{"self":[{"href":"https:\/\/www.europesays.com\/fr\/wp-json\/wp\/v2\/posts\/154319","targetHints":{"allow":["GET"]}}],"collection":[{"href":"https:\/\/www.europesays.com\/fr\/wp-json\/wp\/v2\/posts"}],"about":[{"href":"https:\/\/www.europesays.com\/fr\/wp-json\/wp\/v2\/types\/post"}],"author":[{"embeddable":true,"href":"https:\/\/www.europesays.com\/fr\/wp-json\/wp\/v2\/users\/2"}],"replies":[{"embeddable":true,"href":"https:\/\/www.europesays.com\/fr\/wp-json\/wp\/v2\/comments?post=154319"}],"version-history":[{"count":0,"href":"https:\/\/www.europesays.com\/fr\/wp-json\/wp\/v2\/posts\/154319\/revisions"}],"wp:featuredmedia":[{"embeddable":true,"href":"https:\/\/www.europesays.com\/fr\/wp-json\/wp\/v2\/media\/154320"}],"wp:attachment":[{"href":"https:\/\/www.europesays.com\/fr\/wp-json\/wp\/v2\/media?parent=154319"}],"wp:term":[{"taxonomy":"category","embeddable":true,"href":"https:\/\/www.europesays.com\/fr\/wp-json\/wp\/v2\/categories?post=154319"},{"taxonomy":"post_tag","embeddable":true,"href":"https:\/\/www.europesays.com\/fr\/wp-json\/wp\/v2\/tags?post=154319"}],"curies":[{"name":"wp","href":"https:\/\/api.w.org\/{rel}","templated":true}]}}