{"id":154325,"date":"2025-06-05T16:10:19","date_gmt":"2025-06-05T16:10:19","guid":{"rendered":"https:\/\/www.europesays.com\/fr\/154325\/"},"modified":"2025-06-05T16:10:19","modified_gmt":"2025-06-05T16:10:19","slug":"la-foire-europeenne-veut-confirmer-son-dynamisme","status":"publish","type":"post","link":"https:\/\/www.europesays.com\/fr\/154325\/","title":{"rendered":"La Foire europ\u00e9enne veut confirmer son dynamisme"},"content":{"rendered":"<p class=\"st-surtitre\">\n            Le rendez-vous \u00e9conomique et commercial de la rentr\u00e9e ouvrira ses portes du 5 au 14 septembre prochains. 135 000 visiteurs et plus de 500 exposants sont attendus.\n        <\/p>\n<p><img decoding=\"async\" alt=\"\" data-fileentryid=\"502250553\" src=\"https:\/\/www.europesays.com\/fr\/wp-content\/uploads\/2025\/06\/foire-europeenne-_interieure-jpg.jpeg\" style=\"margin:10px; float:left\"\/>\u00a0\u00ab\u00a0Nous sommes les h\u00e9ritiers d\u2019une grande tradition\u00a0\u00bb, estime Christophe Caillaud-Joos, directeur g\u00e9n\u00e9ral de Strasbourg Events, soci\u00e9t\u00e9 d\u2019\u00e9conomie mixte gestionnaire du Palais de la musique et des congr\u00e8s et du Parc des expositions de Strasbourg. On trouve en effet des traces de cet \u00e9v\u00e9nement dans les mus\u00e9es strasbourgeois datant de l\u2019ann\u00e9e 1338, m\u00eame si la foire dans sa version moderne n\u2019en n\u2019est qu\u2019\u00e0 sa 93e \u00e9dition. \u00ab\u00a0C\u2019est l\u2019une des plus grandes foires fran\u00e7aises, nous faisons le pari d\u2019innover et nous travaillons en partenariat avec de nombreuses institutions et acteurs \u00e9conomiques\u00a0\u00bb, compl\u00e8te le directeur g\u00e9n\u00e9ral de Strasbourg Events. \u00a0Aux c\u00f4t\u00e9s des plus de 500 commer\u00e7ants exposants, collectivit\u00e9s territoriales et chambres professionnelles du commerce et de l\u2019industrie, de l\u2019artisanat et de l\u2019agriculture seront en effet pr\u00e9sentes \u00e0 travers stands et animations, tout comme la Chambre r\u00e9gionale de l\u2019\u00e9conomie sociale et solidaire.\u00a0<\/p>\n<p>135 000 visiteurs<\/p>\n<p>\u00ab\u00a0En 2024, pr\u00e8s de 135 000 visiteurs ont parcouru les all\u00e9es de la Foire europ\u00e9enne, soit une hausse de 9 % depuis 2022\u00a0\u00bb, souligne Arnaud Gagnepain, directeur g\u00e9n\u00e9ral de la Foire europ\u00e9enne au sein de Strasbourg Events. C\u2019est \u00e0 cette date que la foire s\u2019est dot\u00e9e d\u2019une direction d\u00e9di\u00e9e et s\u2019est implant\u00e9e dans le nouveau Parc des expositions. Les organisateurs misent sur une fr\u00e9quentation similaire cette ann\u00e9e. \u00ab\u00a0C\u2019est une organisation qui rassemble beaucoup d\u2019acteurs, habitants, visiteurs de passage, professionnels, qui a retrouv\u00e9 son dynamisme apr\u00e8s le Covid\u00a0\u00bb, appuie Pia Imbs, pr\u00e9sidente de l\u2019Eurom\u00e9tropole de Strasbourg. L\u2019\u00e9lue voit dans la foire \u00ab\u00a0l\u2019\u00e9v\u00e9nement \u00e9conomique de la rentr\u00e9e\u00a0\u00bb.\u00a0<br \/>Rendez-vous commercial, <a href=\"https:\/\/www.foireurop.com\/fr\" target=\"_blank\" rel=\"nofollow noopener\">la Foire europ\u00e9enne diversifie \u00e9galement son offre<\/a> en mettant l\u2019accent sur les animations et concerts organis\u00e9s tous les soirs. Cette ann\u00e9e, une exposition th\u00e9matique valorisera l\u2019Irlande et ses l\u00e9gendes celtes. L\u2019Italie sera \u00e9galement repr\u00e9sent\u00e9e avec une s\u00e9lection rigoureuse des artisans transalpins avec le travail de la Chambre italienne de commerce pour la France et l&rsquo;Allemagne aura une visibilit\u00e9, notamment avec un stand de la foire d&rsquo;Offenbourg, la Messe Offenburg. Enfin, nouveaut\u00e9s de l\u2019\u00e9dition 2025, un parcours sportif sera propos\u00e9 et la section bas-rhinoise de l\u2019association de consommateurs UFC Que choisir sera pr\u00e9sente pour r\u00e9pondre aux interrogations des visiteurs et lever d\u2019\u00e9ventuels doutes lors de contrats d\u2019achats qu\u2019ils pourraient signer sur la foire.<\/p>\n<p>Lucie Dupin<br \/>Photo : Bartosch Salmanski &#8211; Foire europ\u00e9enne<\/p>\n","protected":false},"excerpt":{"rendered":"Le rendez-vous \u00e9conomique et commercial de la rentr\u00e9e ouvrira ses portes du 5 au 14 septembre prochains. 135&hellip;\n","protected":false},"author":2,"featured_media":154326,"comment_status":"","ping_status":"","sticky":false,"template":"","format":"standard","meta":{"footnotes":""},"categories":[2820],"tags":[1111,11,33,1777,674,21364,1011,27,775,12,25,640],"class_list":{"0":"post-154325","1":"post","2":"type-post","3":"status-publish","4":"format-standard","5":"has-post-thumbnail","7":"category-strasbourg","8":"tag-actu","9":"tag-actualites","10":"tag-economie","11":"tag-eu","12":"tag-europe","13":"tag-europe-et-international","14":"tag-fr","15":"tag-france","16":"tag-grand-est","17":"tag-news","18":"tag-republique-francaise","19":"tag-strasbourg"},"share_on_mastodon":{"url":"https:\/\/pubeurope.com\/@fr\/114631634071784638","error":""},"_links":{"self":[{"href":"https:\/\/www.europesays.com\/fr\/wp-json\/wp\/v2\/posts\/154325","targetHints":{"allow":["GET"]}}],"collection":[{"href":"https:\/\/www.europesays.com\/fr\/wp-json\/wp\/v2\/posts"}],"about":[{"href":"https:\/\/www.europesays.com\/fr\/wp-json\/wp\/v2\/types\/post"}],"author":[{"embeddable":true,"href":"https:\/\/www.europesays.com\/fr\/wp-json\/wp\/v2\/users\/2"}],"replies":[{"embeddable":true,"href":"https:\/\/www.europesays.com\/fr\/wp-json\/wp\/v2\/comments?post=154325"}],"version-history":[{"count":0,"href":"https:\/\/www.europesays.com\/fr\/wp-json\/wp\/v2\/posts\/154325\/revisions"}],"wp:featuredmedia":[{"embeddable":true,"href":"https:\/\/www.europesays.com\/fr\/wp-json\/wp\/v2\/media\/154326"}],"wp:attachment":[{"href":"https:\/\/www.europesays.com\/fr\/wp-json\/wp\/v2\/media?parent=154325"}],"wp:term":[{"taxonomy":"category","embeddable":true,"href":"https:\/\/www.europesays.com\/fr\/wp-json\/wp\/v2\/categories?post=154325"},{"taxonomy":"post_tag","embeddable":true,"href":"https:\/\/www.europesays.com\/fr\/wp-json\/wp\/v2\/tags?post=154325"}],"curies":[{"name":"wp","href":"https:\/\/api.w.org\/{rel}","templated":true}]}}