{"id":154327,"date":"2025-06-05T16:11:10","date_gmt":"2025-06-05T16:11:10","guid":{"rendered":"https:\/\/www.europesays.com\/fr\/154327\/"},"modified":"2025-06-05T16:11:10","modified_gmt":"2025-06-05T16:11:10","slug":"nice-lenval-sinstalle-dans-le-conflit-avec-le-chu","status":"publish","type":"post","link":"https:\/\/www.europesays.com\/fr\/154327\/","title":{"rendered":"Nice Lenval s\u2019installe dans le conflit\u2026 avec le CHU."},"content":{"rendered":"<p><img decoding=\"async\" src=\"https:\/\/www.europesays.com\/fr\/wp-content\/uploads\/2025\/06\/lenval-pca-1.jpg\" title=\"\" alt=\"\"\/><br \/>&#8211; Lenval, photo (c) PCA &#8211;<\/p>\n<p>Organisation syndicale majoritaire au sein de la Fondation Lenval, la CFDT Lenval poursuit avec d\u00e9termination son engagement en faveur de la qualit\u00e9 des soins et de la d\u00e9fense du mod\u00e8le solidaire de centre de sant\u00e9 d\u00e9di\u00e9 \u00e0 l\u2019enfant, un h\u00f4pital fond\u00e9 sur l\u2019excellence des soins et de l\u2019accueil des familles et l\u2019int\u00e9r\u00eat g\u00e9n\u00e9ral.<\/p>\n<p>Dans un contexte marqu\u00e9 par des attaques directes de\u00a0 mod\u00e8le solidaire et la mise sous pression des salari\u00e9s et des soignants de la Fondation, orchestr\u00e9es par des organisations syndicales minoritaires dans l\u2019\u00e9tablissement et par certains personnels du CHU de Nice, la CFDT d\u00e9nonce les tentatives d\u2019instrumentalisation des \u00e9volutions en cours de l\u2019organisation du travail. Ces actions desservent l\u2019ensemble des salari\u00e9s et fragilisent l\u2019institution. La prolif\u00e9ration d&rsquo;accusations infond\u00e9es ne vise qu\u2019\u00e0 une chose\u00a0: d\u00e9stabiliser la Fondation, ses salari\u00e9s et son mod\u00e8le et favoriser une tentative d\u2019OPA du CHU sur ses ressources uniques dans la r\u00e9gion.<\/p>\n<p>Trois axes d\u2019engagement clairs pour la CFDT Lenval\u00a0:<\/p>\n<ul>\n<li>la d\u00e9fense du mod\u00e8le \u00ab\u00a0Lenval\u00a0\u00bb, au service exclusif de la sant\u00e9 de l\u2019enfant, ancr\u00e9 dans une approche solidaire, accessible, et centr\u00e9e sur les besoins des jeunes patients et de leurs familles. Le projet \u00e0 long terme et p\u00e9renne port\u00e9 par la Fondation Lenval est le plus viable, tant en termes de budget \u00e0 engager que de pr\u00e9servation des emplois,<\/li>\n<li>la protection des emplois et des \u00e9quipes de la Fondation Lenval face \u00e0 des man\u0153uvres de d\u00e9stabilisation mettant en difficult\u00e9 les collaborateurs de la Fondation, men\u00e9es au sein m\u00eame de l\u2019h\u00f4pital\u00a0: une absorption par le CHU de la Fondation signifierait au bas mot la suppression de 150 emplois et la fin d\u2019un mod\u00e8le de gestion \u00e9quilibr\u00e9, d\u00e9livrant un haut niveau de qualit\u00e9 de soin,<\/li>\n<li>la mise en lumi\u00e8re des r\u00e9alit\u00e9s du travail au sein de l\u2019h\u00f4pital\u00a0: la CFDT Lenval a saisi le Comit\u00e9 Social et \u00c9conomique afin qu\u2019une expertise ind\u00e9pendante sur les Risques Psychosociaux soit men\u00e9e. L\u2019objectif est de sortir des pol\u00e9miques, d\u2019objectiver les situations v\u00e9cues, et de donner la parole aux professionnels dans un cadre paritaire, loin de toute approche dogmatique.<\/li>\n<\/ul>\n<p>Le syndicat refuse les postures id\u00e9ologiques et les proc\u00e8s d\u2019intention. Elle appelle au respect des personnels, \u00e0 la reconnaissance du travail r\u00e9el, et \u00e0 la co-construction de solutions concr\u00e8tes pour pr\u00e9server et renforcer un projet de sant\u00e9 ambitieux pour les enfants, port\u00e9 par une fondation \u00e0 but non lucratif et engag\u00e9e depuis plus d\u2019un si\u00e8cle. CQFD\u00a0!<\/p>\n","protected":false},"excerpt":{"rendered":"&#8211; Lenval, photo (c) PCA &#8211; Organisation syndicale majoritaire au sein de la Fondation Lenval, la CFDT Lenval&hellip;\n","protected":false},"author":2,"featured_media":154328,"comment_status":"","ping_status":"","sticky":false,"template":"","format":"standard","meta":{"footnotes":""},"categories":[2819],"tags":[1111,47,11,1777,674,1011,27,1110,1031,12,2401,882,25],"class_list":{"0":"post-154327","1":"post","2":"type-post","3":"status-publish","4":"format-standard","5":"has-post-thumbnail","7":"category-nice","8":"tag-actu","9":"tag-actualite","10":"tag-actualites","11":"tag-eu","12":"tag-europe","13":"tag-fr","14":"tag-france","15":"tag-informations","16":"tag-magazine","17":"tag-news","18":"tag-nice","19":"tag-provence-alpes-cote-dazur","20":"tag-republique-francaise"},"share_on_mastodon":{"url":"https:\/\/pubeurope.com\/@fr\/114631638103897899","error":""},"_links":{"self":[{"href":"https:\/\/www.europesays.com\/fr\/wp-json\/wp\/v2\/posts\/154327","targetHints":{"allow":["GET"]}}],"collection":[{"href":"https:\/\/www.europesays.com\/fr\/wp-json\/wp\/v2\/posts"}],"about":[{"href":"https:\/\/www.europesays.com\/fr\/wp-json\/wp\/v2\/types\/post"}],"author":[{"embeddable":true,"href":"https:\/\/www.europesays.com\/fr\/wp-json\/wp\/v2\/users\/2"}],"replies":[{"embeddable":true,"href":"https:\/\/www.europesays.com\/fr\/wp-json\/wp\/v2\/comments?post=154327"}],"version-history":[{"count":0,"href":"https:\/\/www.europesays.com\/fr\/wp-json\/wp\/v2\/posts\/154327\/revisions"}],"wp:featuredmedia":[{"embeddable":true,"href":"https:\/\/www.europesays.com\/fr\/wp-json\/wp\/v2\/media\/154328"}],"wp:attachment":[{"href":"https:\/\/www.europesays.com\/fr\/wp-json\/wp\/v2\/media?parent=154327"}],"wp:term":[{"taxonomy":"category","embeddable":true,"href":"https:\/\/www.europesays.com\/fr\/wp-json\/wp\/v2\/categories?post=154327"},{"taxonomy":"post_tag","embeddable":true,"href":"https:\/\/www.europesays.com\/fr\/wp-json\/wp\/v2\/tags?post=154327"}],"curies":[{"name":"wp","href":"https:\/\/api.w.org\/{rel}","templated":true}]}}