{"id":154329,"date":"2025-06-05T16:12:19","date_gmt":"2025-06-05T16:12:19","guid":{"rendered":"https:\/\/www.europesays.com\/fr\/154329\/"},"modified":"2025-06-05T16:12:19","modified_gmt":"2025-06-05T16:12:19","slug":"protection-des-oceans-lonu-se-reunit-a-nice-pour-eviter-le-naufrage","status":"publish","type":"post","link":"https:\/\/www.europesays.com\/fr\/154329\/","title":{"rendered":"Protection des oc\u00e9ans. l&rsquo;ONU se r\u00e9unit \u00e0 Nice pour \u00e9viter le naufrage"},"content":{"rendered":"<p>La ville de Nice se pr\u00e9pare \u00e0 accueillir la troisi\u00e8me conf\u00e9rence des <strong>Nations Unies (ONU)<\/strong> sur les oc\u00e9ans, abr\u00e9g\u00e9e en \u00ab\u00a0UNOC 3\u00a0\u00bb du <strong>9 au 13 juin<\/strong>. Apr\u00e8s New-York en 2017 et Lisbonne en 2022, 193 \u00c9tats membres de l&rsquo;ONU se r\u00e9unissent dans la ville m\u00e9diterran\u00e9enne pour mieux d\u00e9velopper des strat\u00e9gies de pr\u00e9servation des <strong>\u00e9cosyst\u00e8mes marins<\/strong>. <\/p>\n<p>\u00ab\u00a0Une telle conf\u00e9rence est n\u00e9cessaire. Il est dommage qu\u2019on soit oblig\u00e9 de faire ce type de sommet pour prendre des mesures qui devraient d\u00e9j\u00e0 \u00eatre en place.\u00a0Ce sont des actions tardives\u00a0\u00bb, r\u00e9agit Marine Loisel, \u00e9tudiante en derni\u00e8re ann\u00e9e de master de biologie et gestion des environnements marin et vice-pr\u00e9sidente de l\u2019association Ailerons.<\/p>\n<p> <img decoding=\"async\" alt=\"\" data-zoomable=\"\" loading=\"lazy\" src=\"https:\/\/www.europesays.com\/fr\/wp-content\/uploads\/2025\/06\/capture-d-ecran-2025-06-05-110308.png\"\/> \u00a9 Association Ailerons \/ Ailerons oeuvre \u00e0 la protection des raies et requins de M\u00e9diterran\u00e9e. UNOC 3 : la r\u00e9gulation de la p\u00eache au centre des pr\u00e9occupations <\/p>\n<p>Aux c\u00f4t\u00e9s des autres membres de cette organisation, Marine Loisel \u0153uvre, depuis la Corse, \u00e0 la protection des raies et des requins en <a href=\"https:\/\/mesinfos.fr\/provence-alpes-cote-d-azur\/la-mediterranee-a-l-horizon-2050-quel-avenir-pour-la-mer-la-plus-polluee-du-monde-214545.html\" target=\"_blank\" rel=\"noopener\">M\u00e9diterran\u00e9e<\/a>. \u00ab\u00a0Je g\u00e8re le projet Raie\u2019Spira, une \u00e9tude sur la population des raies en Corse. On plonge et on collecte des donn\u00e9es sur ces esp\u00e8ces fragilis\u00e9es, d\u00e9taille-t-elle, \u00e0 l\u2019origine cela vient d\u2019un projet similaire sur les Anges de mer, des requins plats tr\u00e8s menac\u00e9s \u00e0 cause de la surp\u00eache, notamment du dragage de fond (proc\u00e9d\u00e9 consistant \u00e0 racler les fonds marins pour en extraire des mati\u00e8res, NLDR). Ils ont totalement disparu de la baie des Anges, \u00e0 Nice justement. On en trouve qu\u2019en Corse.\u00a0\u00bb <\/p>\n<p>La surp\u00eache est effectivement une des causes de l\u2019appauvrissement de la <strong>faune marine<\/strong>. D\u2019apr\u00e8s l\u2019ONG de protection des esp\u00e8ces WWF, en mer M\u00e9diterran\u00e9e et en mer Noire, les donn\u00e9es issues de 85\u00a0stocks de poissons montrent que 88\u00a0% d\u2019entre eux (soit 75) sont surexploit\u00e9s. Elle estime qu\u2019en quarante ans, les populations d\u2019esp\u00e8ces marines ont <strong>d\u00e9clin\u00e9 de 39%<\/strong>.<\/p>\n<p>  \u00ab\u00a0On souhaite que les pratiques de p\u00eache responsable soient g\u00e9n\u00e9ralis\u00e9es\u00a0\u00bb <\/p>\n<p>La conf\u00e9rence des Nations Unies \u00e0 venir \u00e0<strong> Nice<\/strong> s\u2019articulera autour de trois objectifs : ratifier des accords entre les \u00c9tats membres sur la <strong>protection <\/strong>des oc\u00e9ans, capter davantage de <strong>financements <\/strong>pour leur protection et l\u2019exploitation durable des <strong>ressources halieutiques<\/strong>, et renforcer la diffusion des connaissances scientifiques. <\/p>\n<p>\u00ab\u00a0On ne veut pas arr\u00eater la p\u00eache car elle est essentielle, mais on souhaite que les pratiques de p\u00eache responsable soient g\u00e9n\u00e9ralis\u00e9es\u00a0\u00bb, revendique Marine Loisel avant d\u2019ajouter\u00a0: \u00ab\u00a0Bien s\u2019informer est vraiment essentiel. Via nos activit\u00e9s de sensibilisations \u00e0 l\u2019Association, on se rend compte que les gens ont peur des requins, qui ne sont pourtant pas dangereux pour la plupart, \u00e0 cause de nombreux clich\u00e9s et du manque de connaissances.\u00a0\u00bb  <\/p>\n<p>Comme les ONG Bloom, Oceana ou Seas at risk, l&rsquo;association Ailerons demande de respecter la protection stricte des <a href=\"https:\/\/mesinfos.fr\/30240-le-grau-du-roi\/le-seaquarium-inaugure-un-bassin-dedie-aux-aires-marines-protegees-220962.html\" rel=\"noopener\" target=\"_blank\">aires marines prot\u00e9g\u00e9es<\/a> (des zones d\u00e9limit\u00e9es en mer r\u00e9pondant \u00e0 des crit\u00e8res de sauvegarde de la biodiversit\u00e9, NDLR) en y interdisant notamment la <strong>p\u00eache <\/strong>et le <strong>chalutage de fond<\/strong>.<\/p>\n<p>Une crainte pour la profession des p\u00eacheurs, relay\u00e9e mardi 3 juin par Fr\u00e9d\u00e9ric Toulliou, pr\u00e9sident de <strong>France Fili\u00e8re P\u00eache<\/strong> (FFP) via l\u2019AFP. \u00ab\u00a0Cela n&rsquo;aurait pas de sens [\u2026] et p\u00e8serait lourdement sur les volumes d\u00e9barqu\u00e9s dans les cri\u00e9es\u00a0\u00bb, estime Fr\u00e9d\u00e9ric Toulliou, pr\u00e9sident de France Fili\u00e8re P\u00eache (FFP). Des volumes qui, d\u2019apr\u00e8s lui, proviennent \u00e0 environ 60% de la p\u00eache au chalut de fond. <\/p>\n<blockquote class=\"twitter-tweet\" data-uniformized=\"true\">\n<p dir=\"ltr\" lang=\"fr\">La p\u00eache durable est n\u00e9cessaire pour <a href=\"https:\/\/twitter.com\/hashtag\/SauverNosOc%C3%A9ans?src=hash&amp;ref_src=twsrc%5Etfw\" target=\"_blank\" rel=\"noopener\">#SauverNosOc\u00e9ans<\/a> &amp; prot\u00e9ger les moyens de subsistance de millions de personnes.<\/p>\n<p>Ce jeudi, Journ\u00e9e contre la p\u00eache illicite, non d\u00e9clar\u00e9e et non r\u00e9glement\u00e9e, d\u00e9couvrez comment la <a href=\"https:\/\/twitter.com\/FAOenFrancais?ref_src=twsrc%5Etfw\" target=\"_blank\" rel=\"noopener\">@FAOenFrancais<\/a> contribue \u00e0 y mettre fin. <a href=\"https:\/\/t.co\/TJRUvwXIO3\">https:\/\/t.co\/TJRUvwXIO3<\/a> <a href=\"https:\/\/t.co\/FvAb3EtQyL\">pic.twitter.com\/FvAb3EtQyL<\/a><\/p>\n<p> \u2014 Nations Unies (ONU) (@ONU_fr) <a href=\"https:\/\/twitter.com\/ONU_fr\/status\/1930536568919380150?ref_src=twsrc%5Etfw\" target=\"_blank\" rel=\"noopener\">June 5, 2025<\/a><\/p><\/blockquote>\n<p>\u00a0<\/p>\n<p>\u00ab\u00a0C&rsquo;est le volume qui permet de maintenir l&rsquo;activit\u00e9 des cri\u00e9es, du mareyage, de tout l&rsquo;aval d&rsquo;une fili\u00e8re qui emploie 70.000 personnes en France\u00a0\u00bb, d\u00e9fend-t-il. Le FFP pr\u00e9f\u00e8rerait une approche au cas par cas et insiste sur les efforts d\u00e9j\u00e0 appliqu\u00e9s par la fili\u00e8re pour pr\u00e9server les oc\u00e9ans. Sur l\u2019AFP, l\u2019organisation de p\u00eacheurs assure pourtant employer des filets \u00ab\u00a0qui ne raclent plus le fond mais le fr\u00f4lent\u00a0\u00bb.  <\/p>\n<p>\u00ab\u00a0Avoir des zones de protection forte permet aux \u00e9cosyst\u00e8mes de s\u2019\u00e9tendre, au-del\u00e0 de cette zone. [\u2026] On \u00e9tudie les raies dans la r\u00e9serve de Banyuls et on est parmi les rares \u00e0 \u00eatre autoris\u00e9s \u00e0 plonger. Cette r\u00e9serve est tr\u00e8s efficace\u00a0\u00bb, nuance Marine Loisel. <\/p>\n<p> Vers une ratification du trait\u00e9 BBNJ sur la protection des esp\u00e8ces en haute mer\u00a0 <\/p>\n<p>Parmi les nombreux sujets du sommet, du<strong> 9 au 13 juin<\/strong>, Les \u00c9tats membres se donnent d\u2019ailleurs pour mission de concr\u00e9tiser l\u2019objectif \u00ab\u00a030&#215;30\u00a0\u00bb, fix\u00e9 en 2022 \u00e0 Montr\u00e9al. C\u2019est-\u00e0-dire prot\u00e9ger <strong>30% des mers d\u2019ici 2030<\/strong> en cr\u00e9ant justement, des aires marines prot\u00e9g\u00e9es. <\/p>\n<blockquote>\n<p>\u00ab\u00a0Chaque esp\u00e8ce a son importance pour maintenir un bon \u00e9quilibre environnemental. Les requins sont des r\u00e9gulateurs, illustre la vice-pr\u00e9sidente de l\u2019association Ailerons. Ils vont manger les\u00a0m\u00e9rous qui vont consommer des petits poissons qui sont des herbivores. Eux vont se nourrir des algues sur les coraux. Si on enl\u00e8ve les requins, les m\u00e9rous vont se multiplier et consommer trop d\u2019herbivores. En cons\u00e9quence, ils ne seront plus assez pour manger les algues qui elles, vont asphyxier les coraux.\u00a0\u00bb  <\/p>\n<\/blockquote>\n<p>Au c\u0153ur des accords multilat\u00e9raux \u00e0 \u00e9chafauder, la <strong>conf\u00e9rence de l\u2019ONU sur les oc\u00e9ans <\/strong>doit aussi permettre l\u2019entr\u00e9e en vigueur le <strong>trait\u00e9 international pour la protection de la haute mer et de la biodiversit\u00e9 marine<\/strong> (BBNJ ou Marine Biodiversity of Areas Beyond National). <\/p>\n<p>Il s\u2019agit d\u2019un pacte sign\u00e9 entre <strong>115 \u00c9tats<\/strong> membres en 2023, pour prot\u00e9ger les mers et oc\u00e9ans situ\u00e9s en dehors des zones \u00e9conomiques exclusives (ZEE) et du plateau continental des \u00c9tats c\u00f4tiers. Soit, pr\u00e9server la <strong>biodiversit\u00e9<\/strong> marine \u00e9voluant dans les eaux non r\u00e9gies par le droit international.<\/p>\n<p> <img decoding=\"async\" alt=\"\" class=\"img-align-center\" data-zoomable=\"\" loading=\"lazy\" src=\"https:\/\/www.europesays.com\/fr\/wp-content\/uploads\/2025\/06\/shutterstock-2258765895.jpg\"\/> \u00a9Shutterstock- Les 193 Etats membres de l&rsquo;ONU se r\u00e9unissent du 9 au 13 juin 2025 \u00e0 Nice.\u00a0 <\/p>\n<p>Parmi les revendications exprim\u00e9es mardi dernier, la <strong>FFP <\/strong>appelle les \u00c9tats participants \u00e0 l\u2019UNOC 3, de bien se saisir du combat contre la p\u00eache ill\u00e9gale, dont les pertes \u00e9conomiques sont estim\u00e9es de 10 \u00e0 20 milliards d&rsquo;euros par an, ou la pollution plastique des oc\u00e9ans. <\/p>\n<p> One Ocean Science congress : un sommet scientifique pour impulser l&rsquo;UNOC 3 <\/p>\n<p>\u00ab\u00a0M\u00eame les \u00c9tats-Unis seront pr\u00e9sents malgr\u00e9 le fait que Trump se soit retir\u00e9 de l&rsquo;accord de Paris en janvier dernier. \u00c7a montre quand m\u00eame une envie de de changer les choses. Cette dynamique est essentielle. De toute fa\u00e7on, si on ne fait rien pour les oc\u00e9ans on va juste tous dispara\u00eetre parce qu&rsquo;on en d\u00e9pend \u00e0 100%. Je pense qu\u2019il faut rester optimiste\u00a0\u00bb, appuie la future biologiste. <\/p>\n<p>La ville de Nice, en amont de l\u2019UNOC 3, accueille en ce moment m\u00eame plus de <strong>2 000 scientifiques internationaux<\/strong> au cours du<strong> One Ocean Science congress<\/strong>, du 3 au 6 juin 2025. Ce sommet organis\u00e9 par le CNRS et l&rsquo;IFREMER a pour but de servir de<strong> base scientifique<\/strong> \u00e0 la conf\u00e9rence des Nations Unies venant ensuite.<\/p>\n<p><script async src=\"https:\/\/platform.twitter.com\/widgets.js\" charset=\"utf-8\"><\/script><\/p>\n","protected":false},"excerpt":{"rendered":"La ville de Nice se pr\u00e9pare \u00e0 accueillir la troisi\u00e8me conf\u00e9rence des Nations Unies (ONU) sur les oc\u00e9ans,&hellip;\n","protected":false},"author":2,"featured_media":154330,"comment_status":"","ping_status":"","sticky":false,"template":"","format":"standard","meta":{"footnotes":""},"categories":[2819],"tags":[1111,11,2085,28432,1777,674,1011,27,28430,12,2401,28431,3521,882,25],"class_list":{"0":"post-154329","1":"post","2":"type-post","3":"status-publish","4":"format-standard","5":"has-post-thumbnail","7":"category-nice","8":"tag-actu","9":"tag-actualites","10":"tag-biodiversitu00e9","11":"tag-environnement-et-u00e9cologie","12":"tag-eu","13":"tag-europe","14":"tag-fr","15":"tag-france","16":"tag-mu00e9diterranu00e9e","17":"tag-news","18":"tag-nice","19":"tag-ocu00e9an","20":"tag-onu","21":"tag-provence-alpes-cote-dazur","22":"tag-republique-francaise"},"share_on_mastodon":{"url":"https:\/\/pubeurope.com\/@fr\/114631642102623572","error":""},"_links":{"self":[{"href":"https:\/\/www.europesays.com\/fr\/wp-json\/wp\/v2\/posts\/154329","targetHints":{"allow":["GET"]}}],"collection":[{"href":"https:\/\/www.europesays.com\/fr\/wp-json\/wp\/v2\/posts"}],"about":[{"href":"https:\/\/www.europesays.com\/fr\/wp-json\/wp\/v2\/types\/post"}],"author":[{"embeddable":true,"href":"https:\/\/www.europesays.com\/fr\/wp-json\/wp\/v2\/users\/2"}],"replies":[{"embeddable":true,"href":"https:\/\/www.europesays.com\/fr\/wp-json\/wp\/v2\/comments?post=154329"}],"version-history":[{"count":0,"href":"https:\/\/www.europesays.com\/fr\/wp-json\/wp\/v2\/posts\/154329\/revisions"}],"wp:featuredmedia":[{"embeddable":true,"href":"https:\/\/www.europesays.com\/fr\/wp-json\/wp\/v2\/media\/154330"}],"wp:attachment":[{"href":"https:\/\/www.europesays.com\/fr\/wp-json\/wp\/v2\/media?parent=154329"}],"wp:term":[{"taxonomy":"category","embeddable":true,"href":"https:\/\/www.europesays.com\/fr\/wp-json\/wp\/v2\/categories?post=154329"},{"taxonomy":"post_tag","embeddable":true,"href":"https:\/\/www.europesays.com\/fr\/wp-json\/wp\/v2\/tags?post=154329"}],"curies":[{"name":"wp","href":"https:\/\/api.w.org\/{rel}","templated":true}]}}