{"id":154340,"date":"2025-06-05T16:18:08","date_gmt":"2025-06-05T16:18:08","guid":{"rendered":"https:\/\/www.europesays.com\/fr\/154340\/"},"modified":"2025-06-05T16:18:08","modified_gmt":"2025-06-05T16:18:08","slug":"pres-de-toulouse-un-feu-se-declare-chez-un-fabricant-de-briques-les-pompiers-sur-place","status":"publish","type":"post","link":"https:\/\/www.europesays.com\/fr\/154340\/","title":{"rendered":"Pr\u00e8s de Toulouse. Un feu se d\u00e9clare chez un fabricant de briques : les pompiers sur place"},"content":{"rendered":"<p>            Par<br \/>\n        <strong><br \/>\n            <a href=\"https:\/\/actu.fr\/auteur\/mareva-laville-actu-fr\" title=\"Consulter tous les articles de Mar\u00e9va Laville\" rel=\"nofollow noopener\" target=\"_blank\">Mar\u00e9va Laville<\/a><br \/>\n        <\/strong><\/p>\n<p>        Publi\u00e9 le<\/p>\n<p>            5 juin 2025 \u00e0 18h13        <\/p>\n<p>Depuis 17h15 environ, les pompiers sont sur place. Ce jeudi 5\u00a0juin 2025 apr\u00e8s-midi, un <strong>feu<\/strong> s\u2019est d\u00e9clar\u00e9 au sein de la fabrication de <strong>briques Bouyer Leroux<\/strong> \u00e0 <strong>Colomiers<\/strong>, situ\u00e9e route d\u2019Auch, \u00e0 l\u2019ouest de <a href=\"http:\/\/www.actu.fr\/toulouse\" rel=\"nofollow noopener\" target=\"_blank\">Toulouse<\/a>.<\/p>\n<p>    <a href=\"https:\/\/www.google.com\/maps\/embed?pb=!1m18!1m12!1m3!1d4781.288491421915!2d1.286194795419401!3d43.60473038106519!2m3!1f0!2f0!3f0!3m2!1i1024!2i768!4f13.1!3m3!1m2!1s0x12aeb04635511df3%3A0x1049bdd8c58a5188!2sSite%20de%20production%20Bouyer%20Leroux!5e1!3m2!1sfr!2sfr!4v1749139663076!5m2!1sfr!2sfr\" title=\"Ouvrie le lien\" rel=\"nofollow noopener\" target=\"_blank\">Cliquez ici pour visualiser le contenu<\/a><\/p>\n<p>Les archives en proie aux flammes<\/p>\n<p class=\" wall-content\">En cause\u2009? \u00ab\u2009Un <strong>feu de papier<\/strong> dans le local \u00e0 usage d\u2019archives\u2009\u00bb, d\u00e9taillent les pompiers de Haute-Garonne, pr\u00e9sents au nombre de 19 sur les lieux, munis de cinq engins de secours.<\/p>\n<p class=\" wall-content\">La pi\u00e8ce en question mesure <strong>60 m\u00b2.<\/strong> \u00abLe foyer principal est en cours d\u2019extinction au moyen d\u2019une lance\u2009\u00bb, pr\u00e9cise le Sdis 31.<\/p>\n<p>Pas de victime<\/p>\n<p class=\" wall-content\">Pour l\u2019heure,<strong> aucune victime n\u2019est \u00e0 d\u00e9plorer<\/strong> et les reconnaissances sur le site se poursuivent.<\/p>\n<p>Vid\u00e9os : en ce moment sur Actu<\/p>\n<p class=\" wall-content\">Suivez toute l\u2019actualit\u00e9 de vos villes et m\u00e9dias favoris en vous inscrivant \u00e0 <a href=\"https:\/\/moncompte.actu.fr\" title=\"D\u00e9couvez Mon Actu\" rel=\"nofollow noopener\" data-trk=\"{&quot;cta&quot;:{&quot;action&quot;:&quot;https:\\\/\\\/moncompte.actu.fr&quot;,&quot;category&quot;:&quot;mon compte&quot;,&quot;from&quot;:&quot;article footer&quot;,&quot;name&quot;:&quot;Mon actu&quot;,&quot;type&quot;:&quot;cta&quot;}}\" target=\"_blank\">Mon Actu<\/a>.<\/p>\n","protected":false},"excerpt":{"rendered":"Par Mar\u00e9va Laville Publi\u00e9 le 5 juin 2025 \u00e0 18h13 Depuis 17h15 environ, les pompiers sont sur place.&hellip;\n","protected":false},"author":2,"featured_media":154341,"comment_status":"","ping_status":"","sticky":false,"template":"","format":"standard","meta":{"footnotes":""},"categories":[2816],"tags":[1111,11,1777,674,118,1011,27,12,2680,1311,25,2312],"class_list":{"0":"post-154340","1":"post","2":"type-post","3":"status-publish","4":"format-standard","5":"has-post-thumbnail","7":"category-toulouse","8":"tag-actu","9":"tag-actualites","10":"tag-eu","11":"tag-europe","12":"tag-faits-divers","13":"tag-fr","14":"tag-france","15":"tag-news","16":"tag-occitanie","17":"tag-pompiers","18":"tag-republique-francaise","19":"tag-toulouse"},"share_on_mastodon":{"url":"https:\/\/pubeurope.com\/@fr\/114631665517579266","error":""},"_links":{"self":[{"href":"https:\/\/www.europesays.com\/fr\/wp-json\/wp\/v2\/posts\/154340","targetHints":{"allow":["GET"]}}],"collection":[{"href":"https:\/\/www.europesays.com\/fr\/wp-json\/wp\/v2\/posts"}],"about":[{"href":"https:\/\/www.europesays.com\/fr\/wp-json\/wp\/v2\/types\/post"}],"author":[{"embeddable":true,"href":"https:\/\/www.europesays.com\/fr\/wp-json\/wp\/v2\/users\/2"}],"replies":[{"embeddable":true,"href":"https:\/\/www.europesays.com\/fr\/wp-json\/wp\/v2\/comments?post=154340"}],"version-history":[{"count":0,"href":"https:\/\/www.europesays.com\/fr\/wp-json\/wp\/v2\/posts\/154340\/revisions"}],"wp:featuredmedia":[{"embeddable":true,"href":"https:\/\/www.europesays.com\/fr\/wp-json\/wp\/v2\/media\/154341"}],"wp:attachment":[{"href":"https:\/\/www.europesays.com\/fr\/wp-json\/wp\/v2\/media?parent=154340"}],"wp:term":[{"taxonomy":"category","embeddable":true,"href":"https:\/\/www.europesays.com\/fr\/wp-json\/wp\/v2\/categories?post=154340"},{"taxonomy":"post_tag","embeddable":true,"href":"https:\/\/www.europesays.com\/fr\/wp-json\/wp\/v2\/tags?post=154340"}],"curies":[{"name":"wp","href":"https:\/\/api.w.org\/{rel}","templated":true}]}}