{"id":154363,"date":"2025-06-05T16:30:09","date_gmt":"2025-06-05T16:30:09","guid":{"rendered":"https:\/\/www.europesays.com\/fr\/154363\/"},"modified":"2025-06-05T16:30:09","modified_gmt":"2025-06-05T16:30:09","slug":"vente-du-parc-des-princes-paris-a-t-il-manque-une-derniere-occasion-de-retenir-le-psg","status":"publish","type":"post","link":"https:\/\/www.europesays.com\/fr\/154363\/","title":{"rendered":"Vente du Parc des Princes\u00a0: Paris a-t-il \u00ab\u00a0manqu\u00e9 une derni\u00e8re occasion\u00a0\u00bb de retenir le PSG\u00a0?"},"content":{"rendered":"<p class=\"paragraph text_align_left\">Apr\u00e8s <a href=\"https:\/\/www.leparisien.fr\/politique\/boudee-par-le-psg-toujours-plus-presente-a-letranger-mais-ou-est-passee-anne-hidalgo-la-maire-de-paris-02-06-2025-4TZEKRW5DFE4TDLECTXSNB3ADM.php\" target=\"_blank\" rel=\"noreferrer nofollow noopener\">le silence<\/a>, le malaise. Trois jours apr\u00e8s <a href=\"https:\/\/www.leparisien.fr\/sports\/football\/psg\/\" target=\"_blank\" rel=\"noreferrer nofollow noopener\">la victoire historique du PSG<\/a> en Ligue des champions, la maire (PS) de Paris, dont l\u2019absence \u00e0 Munich a \u00e9t\u00e9 tr\u00e8s comment\u00e9e, sort enfin du silence<a href=\"https:\/\/www.leparisien.fr\/paris-75\/paris-le-parc-des-princes-doit-rester-lame-du-psg-reitere-anne-hidalgo-03-06-2025-O6G7WV4BK5DWXKL4ZKZYC6TYAQ.php\" target=\"_blank\" rel=\"noreferrer nofollow noopener\"> \u00e0 l\u2019ouverture du Conseil de Paris<\/a> en ce mardi midi. \u00ab\u00a0Ce sacre n\u2019est pas une fin en soi, claironne alors Anne Hidalgo. Il marque le d\u00e9but d\u2019une nouvelle \u00e8re\u00a0: celle d\u2019un PSG victorieux, d\u00e9cid\u00e9 \u00e0 s\u2019inscrire durablement au sommet de l\u2019Europe et au Parc des Princes.\u00a0\u00bb<\/p>\n<p class=\"paragraph text_align_left\">Une mani\u00e8re de redire aux dirigeants du club que le titre europ\u00e9en du PSG<a href=\"https:\/\/www.leparisien.fr\/paris-75\/vendre-non-agrandir-oui-a-paris-anne-hidalgo-reste-inflexible-sur-la-vente-du-parc-des-princes-02-06-2025-XEAE7RCT45GGJLDJ6NB3ZXMAXI.php\" target=\"_blank\" rel=\"noreferrer nofollow noopener\"> ne fera pas infl\u00e9chir sa position<\/a>\u00a0: non, <a href=\"https:\/\/www.leparisien.fr\/paris-75\/le-parc-des-princes-nest-pas-a-vendre-le-conseil-de-paris-confirme-la-position-danne-hidalgo-06-02-2024-QEFPKOVNNNCANDMALJYLJ4FQZY.php\" target=\"_blank\" rel=\"noreferrer nofollow noopener\">le Parc n\u2019est pas \u00e0 vendre<\/a>. La maire se hasarde alors \u00e0 lancer un vibrant Ici c\u2019est\u2026, le c\u00e9l\u00e8bre cri du c\u0153ur des supporters parisiens. Face \u00e0 une assembl\u00e9e plong\u00e9e en pleine l\u00e9thargie \u2014 \u00ab\u00a0Oh non ce n\u2019est pas assez fort\u00a0\u00bb, souffle la maire \u2014, Anne Hidalgo relance son auditoire, recueillant alors quelques timides \u00ab\u00a0Paris\u00a0\u00bb en retour.<\/p>\n","protected":false},"excerpt":{"rendered":"Apr\u00e8s le silence, le malaise. Trois jours apr\u00e8s la victoire historique du PSG en Ligue des champions, la&hellip;\n","protected":false},"author":2,"featured_media":154364,"comment_status":"","ping_status":"","sticky":false,"template":"","format":"standard","meta":{"footnotes":""},"categories":[1888],"tags":[11,1777,674,1011,27,1944,12,626,25,60],"class_list":{"0":"post-154363","1":"post","2":"type-post","3":"status-publish","4":"format-standard","5":"has-post-thumbnail","7":"category-paris","8":"tag-actualites","9":"tag-eu","10":"tag-europe","11":"tag-fr","12":"tag-france","13":"tag-ma-ville","14":"tag-news","15":"tag-paris","16":"tag-republique-francaise","17":"tag-sports"},"share_on_mastodon":{"url":"https:\/\/pubeurope.com\/@fr\/114631712652241923","error":""},"_links":{"self":[{"href":"https:\/\/www.europesays.com\/fr\/wp-json\/wp\/v2\/posts\/154363","targetHints":{"allow":["GET"]}}],"collection":[{"href":"https:\/\/www.europesays.com\/fr\/wp-json\/wp\/v2\/posts"}],"about":[{"href":"https:\/\/www.europesays.com\/fr\/wp-json\/wp\/v2\/types\/post"}],"author":[{"embeddable":true,"href":"https:\/\/www.europesays.com\/fr\/wp-json\/wp\/v2\/users\/2"}],"replies":[{"embeddable":true,"href":"https:\/\/www.europesays.com\/fr\/wp-json\/wp\/v2\/comments?post=154363"}],"version-history":[{"count":0,"href":"https:\/\/www.europesays.com\/fr\/wp-json\/wp\/v2\/posts\/154363\/revisions"}],"wp:featuredmedia":[{"embeddable":true,"href":"https:\/\/www.europesays.com\/fr\/wp-json\/wp\/v2\/media\/154364"}],"wp:attachment":[{"href":"https:\/\/www.europesays.com\/fr\/wp-json\/wp\/v2\/media?parent=154363"}],"wp:term":[{"taxonomy":"category","embeddable":true,"href":"https:\/\/www.europesays.com\/fr\/wp-json\/wp\/v2\/categories?post=154363"},{"taxonomy":"post_tag","embeddable":true,"href":"https:\/\/www.europesays.com\/fr\/wp-json\/wp\/v2\/tags?post=154363"}],"curies":[{"name":"wp","href":"https:\/\/api.w.org\/{rel}","templated":true}]}}