{"id":154371,"date":"2025-06-05T16:35:11","date_gmt":"2025-06-05T16:35:11","guid":{"rendered":"https:\/\/www.europesays.com\/fr\/154371\/"},"modified":"2025-06-05T16:35:11","modified_gmt":"2025-06-05T16:35:11","slug":"diplomatie-armements-pourquoi-lallemagne-reste-un-indefectible-soutien-disrael","status":"publish","type":"post","link":"https:\/\/www.europesays.com\/fr\/154371\/","title":{"rendered":"Diplomatie, armements\u2026 Pourquoi l\u2019Allemagne reste un ind\u00e9fectible soutien d\u2019Isra\u00ebl\u00a0?"},"content":{"rendered":"<p>      <img fetchpriority=\"high\" decoding=\"async\" class=\"mx-auto\" src=\"data:image\/svg+xml,%3Csvg%20xmlns%3D%27http%3A%2F%2Fwww.w3.org%2F2000%2Fsvg%27%20fill%3D%22%23e4e4e4%22%20viewBox%3D%270%200%20510%20340%27%20width%3D%22510%22%20height%3D%22340%22%3E%3Cpath%20d%3D%27M0%200h510v340H0z%27%2F%3E%3C%2Fsvg%3E\"  loading=\"eager\" width=\"510\" height=\"340\" data-oncrawl-image-size=\"510x340\" alt=\"Les drapeaux allemand et isra\u00e9lien flottent avant l\u2019arriv\u00e9e du pr\u00e9sident isra\u00e9lien Isaac Herzog \u00e0 la Chancellerie, le 12\u00a0mai 2025\u00a0\u00e0 Berlin, en Allemagne. \"\/>      <\/p>\n<p class=\"latino-100m text-grey-600\">\n            Les drapeaux allemand et isra\u00e9lien flottent avant l\u2019arriv\u00e9e du pr\u00e9sident isra\u00e9lien Isaac Herzog \u00e0 la Chancellerie, le 12\u00a0mai 2025\u00a0\u00e0 Berlin, en Allemagne. \u00a0SEAN GALLUP \/ GETTY IMAGES VIA AFP        <\/p>\n<p>    Lire\u00a0plus\u00a0tard  <\/p>\n<p><a aria-label=\"Nous suivre sur Google News\" href=\"https:\/\/news.google.com\/publications\/CAAqBwgKMJe4nQkw3dFs?hl=fr&amp;gl=FR&amp;ceid=FR%3Afr\" target=\"_blank\" data-piano=\"Page_Article,Sous_date_publi,Nous_suivre_sur_google_news,1er_clic,action\" class=\"btn btn--small btn--secondary\" rel=\"noopener\"><\/p>\n<p>      Google Actualit\u00e9s<br \/>\n  <\/a><\/p>\n<p>  Partager<\/p>\n<p>        Facebook<\/p>\n<p>        Bluesky<\/p>\n<p>        E-mail<\/p>\n<p>        Copier le lien<\/p>\n<p>      Envoyer<\/p>\n<p>    Offrir\u00a0cet\u00a0article<\/p>\n<p>S\u2019abonner permet d\u2019offrir les articles \u00e0 vos proches. Et pas que\u00a0: vous pouvez les consulter et les commenter.<\/p>\n<p>    Temps de lecture\u00a0:\u00a03\u00a0min.<\/p>\n<p class=\"badge badge--content-premium latino-100b\">Abonn\u00e9<\/p>\n<p class=\"article__description latino-600m mb-8 mb-lg-30 \" data-oncrawl-chapo-length=\"235\">\n  \t  Analyse\u00a0<br \/>\n    Alors que plusieurs pays europ\u00e9ens songent \u00e0 reconna\u00eetre un Etat palestinien et \u00e0 remettre en cause leurs relations commerciales avec Isra\u00ebl, Berlin reste un fid\u00e8le soutien de l\u2019Etat h\u00e9breu. Et va poursuivre son aide militaire.<\/p>\n<p class=\"node__paragraphe antonia-750r text-grey-800 pb-24 pb-md-30\">\n\u00ab\u00a0L\u2019Allemagne continuera \u00e0 soutenir l\u2019Etat d\u2019Isra\u00ebl, y compris par des livraisons d\u2019armes\u00a0\u00bb, a d\u00e9clar\u00e9 mercredi 4 juin le ministre des Affaires \u00e9trang\u00e8res Johann Wadephul durant une s\u00e9ance au Bundestag. Ce jeudi, lors d\u2019une conf\u00e9rence de presse avec son homologue isra\u00e9lien Gideon Saar, en visite \u00e0 Berlin, le chef de la diplomatie allemande ajoutait que <a href=\"https:\/\/www.nouvelobs.com\/chroniques\/20240409.OBS86894\/l-importance-de-reconnaitre-l-etat-de-palestine.html\" target=\"_blank\" rel=\"noopener\">la reconnaissance d\u2019un Etat palestinien<\/a> serait un \u00ab\u00a0mauvais signal\u00a0\u00bb.<\/p>\n<p class=\"node__paragraphe antonia-750r text-grey-800 pb-8\">\nL\u2019Allemagne est le principal fournisseur europ\u00e9en d\u2019armes \u00e0 l\u2019Etat h\u00e9breu et le deuxi\u00e8me au monde apr\u00e8s les Etats-Unis (30\u00a0% \u00e0 lui seul des importations isra\u00e9liennes). Depuis le<a href=\"https:\/\/www.nouvelobs.com\/monde\/20250107.OBS98723\/7-octobre-2023-le-retour-du-tragique-au-proche-orient.html\" target=\"_blank\" rel=\"noopener\"> massacre<\/a><a href=\"https:\/\/www.nouvelobs.com\/monde\/20250107.OBS98723\/7-octobre-2023-le-retour-du-tragique-au-proche-orient.html\" target=\"_blank\" rel=\"noopener\"> du <\/a><a href=\"https:\/\/www.nouvelobs.com\/monde\/20250107.OBS98723\/7-octobre-2023-le-retour-du-tragique-au-proche-orient.html\" target=\"_blank\" rel=\"noopener\">7 octobre 2023<\/a>, perp\u00e9tr\u00e9 par les combattants du Hamas dans le sud d\u2019Isra\u00ebl, Berlin a fourni l\u2019\u00e9quivalent en mat\u00e9riel militaire de 485,1\u00a0millions d\u2019euros, a indiqu\u00e9 le minist\u00e8re de l\u2019Economie allemand, notamment des armes \u00e0 feu, des munitions, des \u00e9quipements \u2026<\/p>\n<p class=\"latino-100m text-blue-400\">Article r\u00e9serv\u00e9 aux abonn\u00e9s.<\/p>\n<p>          Se connecter<\/p>\n<p class=\"text-center antonia-1850c\" style=\"margin-bottom:4px;\">Envie de lire la suite ?<\/p>\n<p class=\"text-center antonia-800c pb-15\">Tous nos articles en int\u00e9gralit\u00e9 d\u00e8s\u00a01\u20ac<\/p>\n<p>        S&rsquo;abonner<\/p>\n<p class=\"text-grey-700 or\">ou<\/p>\n<p>            <img width=\"164\" height=\"20\" src=\"data:image\/svg+xml,%3Csvg%20xmlns%3D%27http%3A%2F%2Fwww.w3.org%2F2000%2Fsvg%27%20fill%3D%22%23e4e4e4%22%20viewBox%3D%270%200%20282%2054%27%20width%3D%22282%22%20height%3D%2254%22%3E%3Cpath%20d%3D%27M0%200h282v54H0z%27%2F%3E%3C%2Fsvg%3E\"  class=\"js-swg-placeholder\" alt=\"Subscribe with Google\" loading=\"lazy\" decoding=\"async\"\/><\/p>\n<p>          D\u00e9couvrir toutes nos offres<\/p>\n","protected":false},"excerpt":{"rendered":"Les drapeaux allemand et isra\u00e9lien flottent avant l\u2019arriv\u00e9e du pr\u00e9sident isra\u00e9lien Isaac Herzog \u00e0 la Chancellerie, le 12\u00a0mai&hellip;\n","protected":false},"author":2,"featured_media":154372,"comment_status":"","ping_status":"","sticky":false,"template":"","format":"standard","meta":{"footnotes":""},"categories":[1587],"tags":[17,11,672,28438,1804,1805,1803,312,1777,674,1801,28439,664,74,12,1802,7618],"class_list":{"0":"post-154371","1":"post","2":"type-post","3":"status-publish","4":"format-standard","5":"has-post-thumbnail","7":"category-allemagne","8":"tag-17","9":"tag-actualites","10":"tag-allemagne","11":"tag-armements","12":"tag-bundesrepublik-deutschland","13":"tag-de","14":"tag-deutschland","15":"tag-diplomatie","16":"tag-eu","17":"tag-europe","18":"tag-germany","19":"tag-indefectible","20":"tag-israel","21":"tag-monde","22":"tag-news","23":"tag-republique-federale-dallemagne","24":"tag-soutien"},"share_on_mastodon":{"url":"https:\/\/pubeurope.com\/@fr\/114631732443406711","error":""},"_links":{"self":[{"href":"https:\/\/www.europesays.com\/fr\/wp-json\/wp\/v2\/posts\/154371","targetHints":{"allow":["GET"]}}],"collection":[{"href":"https:\/\/www.europesays.com\/fr\/wp-json\/wp\/v2\/posts"}],"about":[{"href":"https:\/\/www.europesays.com\/fr\/wp-json\/wp\/v2\/types\/post"}],"author":[{"embeddable":true,"href":"https:\/\/www.europesays.com\/fr\/wp-json\/wp\/v2\/users\/2"}],"replies":[{"embeddable":true,"href":"https:\/\/www.europesays.com\/fr\/wp-json\/wp\/v2\/comments?post=154371"}],"version-history":[{"count":0,"href":"https:\/\/www.europesays.com\/fr\/wp-json\/wp\/v2\/posts\/154371\/revisions"}],"wp:featuredmedia":[{"embeddable":true,"href":"https:\/\/www.europesays.com\/fr\/wp-json\/wp\/v2\/media\/154372"}],"wp:attachment":[{"href":"https:\/\/www.europesays.com\/fr\/wp-json\/wp\/v2\/media?parent=154371"}],"wp:term":[{"taxonomy":"category","embeddable":true,"href":"https:\/\/www.europesays.com\/fr\/wp-json\/wp\/v2\/categories?post=154371"},{"taxonomy":"post_tag","embeddable":true,"href":"https:\/\/www.europesays.com\/fr\/wp-json\/wp\/v2\/tags?post=154371"}],"curies":[{"name":"wp","href":"https:\/\/api.w.org\/{rel}","templated":true}]}}