{"id":154377,"date":"2025-06-05T16:38:09","date_gmt":"2025-06-05T16:38:09","guid":{"rendered":"https:\/\/www.europesays.com\/fr\/154377\/"},"modified":"2025-06-05T16:38:09","modified_gmt":"2025-06-05T16:38:09","slug":"loperation-ukrainienne-toile-daraignee-contre-la-russie-serait-badass-selon-trump","status":"publish","type":"post","link":"https:\/\/www.europesays.com\/fr\/154377\/","title":{"rendered":"l\u2019op\u00e9ration ukrainienne \u00abToile d\u2019araign\u00e9e\u00bb contre la Russie serait \u00abbadass\u00bb, selon Trump"},"content":{"rendered":"<p>L\u2019Ukraine a revendiqu\u00e9 avoir touch\u00e9 une quarantaine de bombardiers Tupolev gr\u00e2ce \u00e0 des attaques coordonn\u00e9es de drones sur le territoire russe.<\/p>\n<p class=\"fig-paragraph\">\u00abForte\u00bb et \u00abbadass\u00bb. En priv\u00e9, le pr\u00e9sident am\u00e9ricain Donald Trump a salu\u00e9\u00a0<a href=\"http:\/\/www.lefigaro.fr\/international\/toile-d-araignee-ce-que-l-on-sait-de-l-incroyable-operation-de-l-ukraine-contre-les-bombardiers-strategiques-russes-20250602\" target=\"_blank\" data-fig-type=\"NewsFlash\" rel=\"noopener nofollow\" data-gtm-custom-categorie=\"navigation\" data-gtm-custom-action=\"crossclick\" data-gtm-custom-label=\"Contextuel\" data-gtm-event=\"customEventSPE\" data-fig-domain=\"LEFIGARO\">l\u2019attaque surprise<\/a>\u00a0de drones men\u00e9e par l\u2019Ukraine sur des bases a\u00e9riennes strat\u00e9giques russes ce week-end,\u00a0<a href=\"https:\/\/www.axios.com\/2025\/06\/05\/trump-reaction-ukraine-drone-attack-spiderweb\" target=\"_blank\" rel=\"noopener nofollow\" data-gtm-custom-categorie=\"navigation\" data-gtm-custom-action=\"crossclick\" data-gtm-custom-label=\"Contextuel\" data-gtm-event=\"customEventSPE\">rapportait le site d\u2019informations am\u00e9ricain Axios<\/a> \u00a0le 5 juin.<\/p>\n<p class=\"fig-paragraph\">\u00abNous voulons que cette guerre cesse. Nous voulons une d\u00e9sescalade. Donc, si Poutine r\u00e9agit de mani\u00e8re incontr\u00f4lable, oui, le pr\u00e9sident aura des inqui\u00e9tudes\u00bb, s\u2019est cependant encore inqui\u00e9t\u00e9e une source aupr\u00e8s du m\u00e9dia. Selon cette derni\u00e8re, le pr\u00e9sident craint que cette attaque surprise, men\u00e9e \u00e0 des milliers de kilom\u00e8tres de l\u2019Ukraine, fragilise les tentatives am\u00e9ricaines d\u2019obtenir un cessez-le-feu entre Kiev et Moscou.<\/p>\n<p class=\"fig-body-link\">\n            \u00c0 lire aussi<br \/>\n        <a class=\"fig-body-link__link fig-premium-mark\" href=\"http:\/\/www.lefigaro.fr\/international\/operation-toile-d-araignee-les-ukrainiens-ont-ils-reussi-a-detruire-deux-avions-russes-de-detection-avancee-a-50-20250604\" target=\"_blank\" data-fig-type=\"NewsFlash\" rel=\"noopener nofollow\" data-gtm-custom-categorie=\"navigation\" data-gtm-custom-action=\"crossclick\" data-gtm-custom-label=\"Contextuel\" data-gtm-event=\"customEventSPE\" data-fig-domain=\"LEFIGARO\">Op\u00e9ration \u00abToile d\u2019araign\u00e9e\u00bb\u00a0: les Ukrainiens ont-ils r\u00e9ussi \u00e0 d\u00e9truire deux avions russes de d\u00e9tection A-50\u00a0?<br \/>\n    <\/a>\n<\/p>\n<p class=\"fig-paragraph\">Ce week-end, des\u00a0<a href=\"http:\/\/www.lefigaro.fr\/international\/guerre-en-ukraine-la-russie-confirme-que-plusieurs-de-ses-avions-militaires-ont-pris-feu-apres-une-attaque-de-drones-ukrainiens-20250601\" target=\"_blank\" data-fig-type=\"NewsFlash\" rel=\"noopener nofollow\" data-gtm-custom-categorie=\"navigation\" data-gtm-custom-action=\"crossclick\" data-gtm-custom-label=\"Contextuel\" data-gtm-event=\"customEventSPE\" data-fig-domain=\"LEFIGARO\">drones ukrainiens<\/a>, dissimul\u00e9s dans de faux compartiments \u00e0 l\u2019int\u00e9rieur des toits de camions et introduits clandestinement en Russie ont attaqu\u00e9 la flotte des bombardiers strat\u00e9giques russes \u00e0 long rayon d\u2019action, ces gros quadrimoteurs \u00e0 h\u00e9lices responsables des centaines de missiles qui se sont abattus sur Kiev et les grandes villes ukrainiennes depuis trois ans. Certaines des bases touch\u00e9es se trouvaient \u00e0 plus de 4000 kilom\u00e8tres de Kiev. Une quarantaine de bombardiers auraient \u00e9t\u00e9 abattus au cours de cette op\u00e9ration \u00e9clair, revendique Kiev. \u00abD\u2019un point de vue international, vous avez un chihuahua qui inflige de r\u00e9els dommages \u00e0 un chien beaucoup plus gros\u00bb, s\u2019est \u00e9panch\u00e9 un conseiller de Trump aupr\u00e8s du m\u00e9dia am\u00e9ricain.<\/p>\n<p class=\"fig-paragraph\">\u00abL\u2019attaque de drone ne l\u2019a pas surpris, car c\u2019est ce qui arrive lorsque la guerre continue, mais il craint que cela ne prolonge les combats. Il souhaite que les combats cessent, et il est donc d\u00e9\u00e7u chaque fois qu\u2019une attaque de ce genre se produit\u00a0\u00bb, a cependant d\u00e9clar\u00e9 un responsable am\u00e9ricain \u00e0 Axios au sujet du pr\u00e9sident Trump.<\/p>\n<p class=\"fig-paragraph\">Lors d\u2019une r\u00e9union diffus\u00e9e sur la t\u00e9l\u00e9vision russe et ukrainienne, le dirigeant russe Vladimir Poutine a d\u00e9clar\u00e9 que ces attaques remettaient en cause toute possibilit\u00e9 de cessez-le-feu, ou toute r\u00e9union potentielle \u00e0 venir avec son homologue ukrainien Volodymyr Zelensky.<\/p>\n","protected":false},"excerpt":{"rendered":"L\u2019Ukraine a revendiqu\u00e9 avoir touch\u00e9 une quarantaine de bombardiers Tupolev gr\u00e2ce \u00e0 des attaques coordonn\u00e9es de drones sur&hellip;\n","protected":false},"author":2,"featured_media":154378,"comment_status":"","ping_status":"","sticky":false,"template":"","format":"standard","meta":{"footnotes":""},"categories":[2],"tags":[259,11,260,75,1011,27,131,14,261,12,262,25],"class_list":{"0":"post-154377","1":"post","2":"type-post","3":"status-publish","4":"format-standard","5":"has-post-thumbnail","7":"category-actualites","8":"tag-actualite-internationale","9":"tag-actualites","10":"tag-affaires-etrangeres","11":"tag-donald-trump","12":"tag-fr","13":"tag-france","14":"tag-guerre-en-ukraine","15":"tag-international","16":"tag-ministere-des-affaires-etrangeres","17":"tag-news","18":"tag-politique-etrangere","19":"tag-republique-francaise"},"share_on_mastodon":{"url":"https:\/\/pubeurope.com\/@fr\/114631744499698869","error":""},"_links":{"self":[{"href":"https:\/\/www.europesays.com\/fr\/wp-json\/wp\/v2\/posts\/154377","targetHints":{"allow":["GET"]}}],"collection":[{"href":"https:\/\/www.europesays.com\/fr\/wp-json\/wp\/v2\/posts"}],"about":[{"href":"https:\/\/www.europesays.com\/fr\/wp-json\/wp\/v2\/types\/post"}],"author":[{"embeddable":true,"href":"https:\/\/www.europesays.com\/fr\/wp-json\/wp\/v2\/users\/2"}],"replies":[{"embeddable":true,"href":"https:\/\/www.europesays.com\/fr\/wp-json\/wp\/v2\/comments?post=154377"}],"version-history":[{"count":0,"href":"https:\/\/www.europesays.com\/fr\/wp-json\/wp\/v2\/posts\/154377\/revisions"}],"wp:featuredmedia":[{"embeddable":true,"href":"https:\/\/www.europesays.com\/fr\/wp-json\/wp\/v2\/media\/154378"}],"wp:attachment":[{"href":"https:\/\/www.europesays.com\/fr\/wp-json\/wp\/v2\/media?parent=154377"}],"wp:term":[{"taxonomy":"category","embeddable":true,"href":"https:\/\/www.europesays.com\/fr\/wp-json\/wp\/v2\/categories?post=154377"},{"taxonomy":"post_tag","embeddable":true,"href":"https:\/\/www.europesays.com\/fr\/wp-json\/wp\/v2\/tags?post=154377"}],"curies":[{"name":"wp","href":"https:\/\/api.w.org\/{rel}","templated":true}]}}