{"id":154389,"date":"2025-06-05T16:44:08","date_gmt":"2025-06-05T16:44:08","guid":{"rendered":"https:\/\/www.europesays.com\/fr\/154389\/"},"modified":"2025-06-05T16:44:08","modified_gmt":"2025-06-05T16:44:08","slug":"roland-garros-sloane-stephens-sur-le-public-francais-quand-coco-gauff-est-entree-sur-le-court-philippe-chatrier-pour-jouer-sa-demi-finale-contre-lois-boisson-les-spectateurs-lont-acclamee-tout","status":"publish","type":"post","link":"https:\/\/www.europesays.com\/fr\/154389\/","title":{"rendered":"Roland Garros > Sloane Stephens sur le public fran\u00e7ais : \u00ab\u00a0Quand Coco Gauff est entr\u00e9e sur le court Philippe-Chatrier pour jouer sa demi-finale contre Lo\u00efs Boisson, les spectateurs l&rsquo;ont acclam\u00e9e tout aussi fort. Ils sont juste ravis de voir du beau tennis\u00a0\u00bb"},"content":{"rendered":"<p>Consultante pendant Roland\u2010Garros et aux commen\u00adtaires pour la t\u00e9l\u00e9\u00advi\u00adsion am\u00e9ri\u00adcaine de la demi\u2010finale entre Lo\u00efs Boisson et Cori Gauff, la joueuse am\u00e9ri\u00adcaine Sloane Stephens, fina\u00adliste du tournoi en 2018, a salu\u00e9 la passion et la classe du public fran\u00e7ais.<\/p>\n<blockquote class=\"twitter-tweet\">\n<p lang=\"en\" dir=\"ltr\">Sloane Stephens court\u00adside for the Coco Gauff and Lois Boisson Roland Garros SF<\/p>\n<p>Q\u00a0: \u201cYou\u2019ve gone deep here. The French crowd can get on you in a hurry, right?\u201d<\/p>\n<p>Sloane\u00a0: Definitely. I played finals here &amp; it was really against all of France &amp; Romania when I played Halep\u201d \ud83d\ude02\u2026 <a href=\"https:\/\/t.co\/Dus9zSppEr\" data-wpel-link=\"external\" target=\"_blank\" rel=\"nofollow external noopener\">pic.twitter.com\/Dus9zSppEr<\/a><\/p>\n<p>\u2014 The Tennis Letter (@TheTennisLetter) <a href=\"https:\/\/twitter.com\/TheTennisLetter\/status\/1930656695451361701?ref_src=twsrc%5Etfw\" data-wpel-link=\"external\" target=\"_blank\" rel=\"nofollow external noopener\">June 5,\u00a02025<\/a><\/p><\/blockquote>\n<p><strong>\u00ab\u202fJ\u2019ai disput\u00e9 la finale ici et j\u2019avais vrai\u00adment l\u2019im\u00adpres\u00adsion de jouer contre toute la France et la Roumanie quand j\u2019ai affront\u00e9 Halep. Je sais exac\u00adte\u00adment ce que \u00e7a fait. Mais je trouve que l\u2019\u00e9nergie du public est tr\u00e8s posi\u00adtive. Quand Coco est entr\u00e9e sur le court, les spec\u00adta\u00adteurs l\u2019ont acclam\u00e9e tout aussi fort. Ils sont juste ravis de voir du beau tennis aujourd\u2019hui.\u202f\u00bb<\/strong><\/p>\n<p class=\"post-published-date\" style=\"color: silver; font-size: 75%; text-align: left;\">Publi\u00e9 le jeudi 5 juin 2025 \u00e0 18:10<\/p>\n<p><script async src=\"https:\/\/platform.twitter.com\/widgets.js\" charset=\"utf-8\"><\/script><\/p>\n","protected":false},"excerpt":{"rendered":"Consultante pendant Roland\u2010Garros et aux commen\u00adtaires pour la t\u00e9l\u00e9\u00advi\u00adsion am\u00e9ri\u00adcaine de la demi\u2010finale entre Lo\u00efs Boisson et Cori&hellip;\n","protected":false},"author":2,"featured_media":154390,"comment_status":"","ping_status":"","sticky":false,"template":"","format":"standard","meta":{"footnotes":""},"categories":[1415],"tags":[1011,27,28441,60,28442,1467],"class_list":{"0":"post-154389","1":"post","2":"type-post","3":"status-publish","4":"format-standard","5":"has-post-thumbnail","7":"category-tennis","8":"tag-fr","9":"tag-france","10":"tag-halep","11":"tag-sports","12":"tag-stephens","13":"tag-tennis"},"share_on_mastodon":{"url":"https:\/\/pubeurope.com\/@fr\/114631767695848452","error":""},"_links":{"self":[{"href":"https:\/\/www.europesays.com\/fr\/wp-json\/wp\/v2\/posts\/154389","targetHints":{"allow":["GET"]}}],"collection":[{"href":"https:\/\/www.europesays.com\/fr\/wp-json\/wp\/v2\/posts"}],"about":[{"href":"https:\/\/www.europesays.com\/fr\/wp-json\/wp\/v2\/types\/post"}],"author":[{"embeddable":true,"href":"https:\/\/www.europesays.com\/fr\/wp-json\/wp\/v2\/users\/2"}],"replies":[{"embeddable":true,"href":"https:\/\/www.europesays.com\/fr\/wp-json\/wp\/v2\/comments?post=154389"}],"version-history":[{"count":0,"href":"https:\/\/www.europesays.com\/fr\/wp-json\/wp\/v2\/posts\/154389\/revisions"}],"wp:featuredmedia":[{"embeddable":true,"href":"https:\/\/www.europesays.com\/fr\/wp-json\/wp\/v2\/media\/154390"}],"wp:attachment":[{"href":"https:\/\/www.europesays.com\/fr\/wp-json\/wp\/v2\/media?parent=154389"}],"wp:term":[{"taxonomy":"category","embeddable":true,"href":"https:\/\/www.europesays.com\/fr\/wp-json\/wp\/v2\/categories?post=154389"},{"taxonomy":"post_tag","embeddable":true,"href":"https:\/\/www.europesays.com\/fr\/wp-json\/wp\/v2\/tags?post=154389"}],"curies":[{"name":"wp","href":"https:\/\/api.w.org\/{rel}","templated":true}]}}