{"id":154391,"date":"2025-06-05T16:46:12","date_gmt":"2025-06-05T16:46:12","guid":{"rendered":"https:\/\/www.europesays.com\/fr\/154391\/"},"modified":"2025-06-05T16:46:12","modified_gmt":"2025-06-05T16:46:12","slug":"je-donne-tout-pour-y-arriver-toujours","status":"publish","type":"post","link":"https:\/\/www.europesays.com\/fr\/154391\/","title":{"rendered":"Je donne tout pour y arriver, toujours"},"content":{"rendered":"<p><a href=\"https:\/\/fr.motorsport.com\/driver\/pecco-bagnaia\/109394\/\" target=\"_blank\" rel=\"noopener\">Pecco Bagnaia<\/a> semble avoir dig\u00e9r\u00e9 la lourde d\u00e9ception de Silverstone et c&rsquo;est avec le sourire qu&rsquo;on le retrouve \u00e0 la veille des premiers essais sur le MotorLand Arag\u00f3n. Le souvenir de sa premi\u00e8re victoire MotoGP, d\u00e9croch\u00e9e ici il y a quatre ans, n&rsquo;y est certainement pas \u00e9tranger, et tout en sachant \u00e0 quel point <a href=\"https:\/\/fr.motorsport.com\/driver\/marc-marquez\/92646\/\" target=\"_blank\" rel=\"noopener\">Marc M\u00e1rquez<\/a> est redoutable sur ce circuit, il se prend \u00e0 esp\u00e9rer pouvoir lui aussi faire valoir ses qualit\u00e9s dans ces encha\u00eenements.<\/p>\n<p>\u00ab\u00a0Je sais que c&rsquo;est une bonne piste pour moi&#8230; Elle est encore meilleure pour Marc, mais elle est bonne pour moi aussi\u00a0!\u00a0Alors il faut juste qu&rsquo;on travaille et qu&rsquo;on essaye d&rsquo;\u00eatre comp\u00e9titifs\u00a0\u00bb, d\u00e9clare-t-il aupr\u00e8s du site officiel du MotoGP. Et lorsqu&rsquo;il lui est demand\u00e9 s&rsquo;il s&rsquo;imagine revivre leur duel de 2021, Bagnaia sourit\u00a0:\u00a0\u00ab\u00a0\u00c7a pourrait \u00eatre fantastique d&rsquo;avoir ce genre de bagarre. On verra. On peut s&rsquo;attendre \u00e0 une tr\u00e8s belle bagarre\u00a0&#8211;\u00a0pour la victoire je ne sais pas, mais au moins pour le podium.\u00a0\u00bb<\/p>\n<p>\u00ab\u00a0Je me souviendrai toujours de ma premi\u00e8re victoire MotoGP ici, \u00e7a fera toujours partie de moi, et j&rsquo;aimerais r\u00e9\u00e9diter cela\u00a0:\u00a0la m\u00eame lutte et le m\u00eame r\u00e9sultat, ce serait fantastique. On verra, on sait \u00e0 quel point Marc est rapide, en particulier sur ce circuit. Il faut qu&rsquo;on travaille pour que je retrouve mes sensations. Je continue \u00e0 toujours r\u00e9p\u00e9ter la m\u00eame chose, mais c&rsquo;est comme \u00e7a. Je dois juste me concentrer sur le positif et que je prenne de la motivation aussi en revisionnant des courses et en pensant \u00e0 ce qui s&rsquo;est produit ici.\u00a0\u00bb<\/p>\n<blockquote>\n<p>\u00c7a aurait \u00e9t\u00e9 pareil avec n&rsquo;importe quel co\u00e9quipier.<\/p>\n<\/blockquote>\n<p>Au micro de la cha\u00eene espagnole DAZN, Bagnaia met les choses au clair, son probl\u00e8me cette saison ne vient pas de M\u00e1rquez\u00a0:\u00a0\u00ab\u00a0Je pense que \u00e7a aurait \u00e9t\u00e9 pareil avec n&rsquo;importe quel co\u00e9quipier, car le probl\u00e8me c&rsquo;est que je n&rsquo;ai pas de feeling.\u00a0\u00bb L&rsquo;Italien a d\u00e9j\u00e0 maintes fois expliqu\u00e9, en effet, qu&rsquo;il ne retrouve pas avec la GP25 les sensations dont il a besoin dans la partie avant de la moto pour s&rsquo;appuyer sur ses qualit\u00e9s au freinage.<\/p>\n<p>Pour autant, il arrive dans le d\u00e9sert du Teruel avec un mot d&rsquo;ordre clair\u00a0:\u00a0cesser les comparaisons avec le mod\u00e8le pr\u00e9c\u00e9dent et se recentrer sur la saison en cours. \u00ab\u00a0Au final, je suis troisi\u00e8me du <a href=\"https:\/\/fr.motorsport.com\/motogp\/standings\/2025\/\" target=\"_self\" rel=\"noopener\">championnat<\/a> tout en \u00e9tant en difficult\u00e9. Quand je me sentirai bien, je serai de retour aux avant-postes. En attendant, je dois me concentrer uniquement sur moi.\u00a0\u00bb<\/p>\n<p>   <img decoding=\"async\" draggable=\"false\" src=\"https:\/\/www.europesays.com\/fr\/wp-content\/uploads\/2025\/05\/1748654832_260_francesco-bagnaia-ducati-team.jpg\" alt=\"Francesco Bagnaia, Ducati Team\" width=\"1200\" height=\"800\" loading=\"lazy\"\/> <\/p>\n<p class=\"title\">Francesco Bagnaia est malgr\u00e9 tout troisi\u00e8me du championnat.<\/p>\n<p class=\"photographer\">Photo de : Dorna<\/p>\n<p>\u00ab\u00a0Je regarde toujours le positif, m\u00eame si lors des deux derniers Grands Prix, les choses ne se sont pas pass\u00e9es comme elles auraient d\u00fb. Mes sensations n&rsquo;\u00e9taient pas g\u00e9niales mais on \u00e9tait quand m\u00eame assez comp\u00e9titifs, alors il faut tirer du positif de tout et essayer de travailler l\u00e0-dessus.\u00a0\u00bb<\/p>\n<p>\u00ab\u00a0Apr\u00e8s, les r\u00e9sultats et les sensations finiront par arriver. On sait que cette ann\u00e9e, il faut raisonner un peu en dehors du cadre parce que la moto ne se comporte pas comme elle l&rsquo;a toujours fait, donc il faut travailler dans une autre direction. On va essayer de le faire ici aussi.\u00a0\u00bb<\/p>\n<p>Se focaliser sur le positif<\/p>\n<p>\u00ab\u00a0C&rsquo;est ma vie alors je veux que les choses se r\u00e9solvent. Je sais quel est mon potentiel. Je sais que je suis ici pour gagner des courses et ne pas en avoir la possibilit\u00e9 parce que je n&rsquo;arrive pas \u00e0 me sentir bien ne me rend pas serein \u00e0 100%. Mais j&rsquo;arrive toujours \u00e0 analyser les choses de fa\u00e7on lucide et \u00e0 donner le maximum pour l&rsquo;\u00e9quipe. Ils le savent tr\u00e8s bien et on travaille tous dans la m\u00eame direction.\u00a0\u00bb<\/p>\n<p>Ce travail, Pecco Bagnaia et son \u00e9quipe le m\u00e8nent aussi en dehors des Grands Prix. \u00ab\u00a0Je prends deux jours pour tout analyser \u00e0 la maison, et ensuite normalement, je commence \u00e0 passer des coups de fil\u00a0\u00bb, explique-t-il. \u00ab\u00a0J&rsquo;ai diff\u00e9rentes r\u00e9unions, avec diverses personnes. Par exemple, la semaine derni\u00e8re, j&rsquo;en ai fait une avec Cristian [Gabarrini, son ing\u00e9nieur] et Gigi [Dall&rsquo;Igna, directeur g\u00e9n\u00e9ral de Ducati Corse], et je pense que c&rsquo;est tr\u00e8s utile pour analyser et essayer de comprendre ce qui n&rsquo;est pas bon et aussi quel est le positif \u00e0 retenir.\u00a0\u00bb<\/p>\n<p>\u00ab\u00a0Je donne tout pour y arriver, toujours\u00a0\u00bb, promet le double champion du monde MotoGP, qui n&rsquo;a pas oubli\u00e9 qu&rsquo;il y a trois ans, il avait d\u00e9j\u00e0 r\u00e9ussi \u00e0 se sortir d&rsquo;une impasse. \u00ab\u00a0En 2022, soit je gagnais, soit je tombais. \u00c7a avait \u00e9t\u00e9 une p\u00e9riode difficile, j&rsquo;avais 91 points de retard. Il y avait eu un moment comme \u00e7a et, en parlant avec l&rsquo;\u00e9quipe, on avait r\u00e9ussi \u00e0 trouver une solution et \u00e7a m&rsquo;avait amen\u00e9 \u00e0 gagner le championnat. Donc \u00e7a n&rsquo;est pas la premi\u00e8re fois et on va essayer de trouver une solution.\u00a0\u00bb<\/p>\n<p style=\"text-align: right;\">Avec Germ\u00e1n Garcia Casanova<\/p>\n<p>Lire aussi :<\/p>\n<p>Dans cet article<\/p>\n<p>    L\u00e9na Buffa\n<\/p>\n<p>    MotoGP\n<\/p>\n<p>    Pecco Bagnaia\n<\/p>\n<p>    Ducati Team\n<\/p>\n<p>Soyez le premier inform\u00e9 et souscrivez aux alertes mails pour recevoir les infos en temps r\u00e9el<\/p>\n<p>    S&rsquo;abonner aux alertes de news<\/p>\n","protected":false},"excerpt":{"rendered":"Pecco Bagnaia semble avoir dig\u00e9r\u00e9 la lourde d\u00e9ception de Silverstone et c&rsquo;est avec le sourire qu&rsquo;on le retrouve&hellip;\n","protected":false},"author":2,"featured_media":154392,"comment_status":"","ping_status":"","sticky":false,"template":"","format":"standard","meta":{"footnotes":""},"categories":[1413],"tags":[4950,1011,27,26452,1457,1456,1458,26453,4951,60],"class_list":{"0":"post-154391","1":"post","2":"type-post","3":"status-publish","4":"format-standard","5":"has-post-thumbnail","7":"category-moto","8":"tag-ducati-team","9":"tag-fr","10":"tag-france","11":"tag-gp-daragu00f3n","12":"tag-moto","13":"tag-motocycle","14":"tag-motogp","15":"tag-motorland-aragu00f3n","16":"tag-pecco-bagnaia","17":"tag-sports"},"share_on_mastodon":{"url":"https:\/\/pubeurope.com\/@fr\/114631775617025900","error":""},"_links":{"self":[{"href":"https:\/\/www.europesays.com\/fr\/wp-json\/wp\/v2\/posts\/154391","targetHints":{"allow":["GET"]}}],"collection":[{"href":"https:\/\/www.europesays.com\/fr\/wp-json\/wp\/v2\/posts"}],"about":[{"href":"https:\/\/www.europesays.com\/fr\/wp-json\/wp\/v2\/types\/post"}],"author":[{"embeddable":true,"href":"https:\/\/www.europesays.com\/fr\/wp-json\/wp\/v2\/users\/2"}],"replies":[{"embeddable":true,"href":"https:\/\/www.europesays.com\/fr\/wp-json\/wp\/v2\/comments?post=154391"}],"version-history":[{"count":0,"href":"https:\/\/www.europesays.com\/fr\/wp-json\/wp\/v2\/posts\/154391\/revisions"}],"wp:featuredmedia":[{"embeddable":true,"href":"https:\/\/www.europesays.com\/fr\/wp-json\/wp\/v2\/media\/154392"}],"wp:attachment":[{"href":"https:\/\/www.europesays.com\/fr\/wp-json\/wp\/v2\/media?parent=154391"}],"wp:term":[{"taxonomy":"category","embeddable":true,"href":"https:\/\/www.europesays.com\/fr\/wp-json\/wp\/v2\/categories?post=154391"},{"taxonomy":"post_tag","embeddable":true,"href":"https:\/\/www.europesays.com\/fr\/wp-json\/wp\/v2\/tags?post=154391"}],"curies":[{"name":"wp","href":"https:\/\/api.w.org\/{rel}","templated":true}]}}